{"id":231762,"date":"2025-07-07T03:15:11","date_gmt":"2025-07-07T03:15:11","guid":{"rendered":"https:\/\/www.europesays.com\/fr\/231762\/"},"modified":"2025-07-07T03:15:11","modified_gmt":"2025-07-07T03:15:11","slug":"le-pont-de-loder-entre-lallemagne-et-la-pologne-declin-dun-symbole-europeen","status":"publish","type":"post","link":"https:\/\/www.europesays.com\/fr\/231762\/","title":{"rendered":"Le pont de l\u2019Oder entre l\u2019Allemagne et la Pologne, d\u00e9clin d\u2019un symbole europ\u00e9en"},"content":{"rendered":"\n<p class=\"article__paragraph article__paragraph--lf \">Les deux volontaires ont install\u00e9 un parasol de fortune, une glaci\u00e8re \u00e0 leurs pieds sous un soleil de plomb. Pr\u00e8s d\u2019eux, un panneau flanqu\u00e9 d\u2019un drapeau polonais\u00a0: \u00ab\u00a0Pas d\u2019immigration\u00a0\u00bb. La sc\u00e8ne se passe \u00e0 la fronti\u00e8re entre l\u2019Allemagne et la Pologne, sur les bords de l\u2019Oder. Le pont qui enjambe le fleuve, reliant la ville allemande de Francfort-sur-l\u2019Oder \u00e0 celle de Slubice c\u00f4t\u00e9 polonais fut, un temps, un lieu de c\u00e9l\u00e9bration de la construction europ\u00e9enne. Les responsables politiques venaient s\u2019y faire photographier pour f\u00eater l\u2019\u00e9largissement \u00e0 l\u2019Est. Il est devenu un symbole pour ceux qui la contestent.<\/p>\n<p class=\"article__paragraph article__paragraph--lf \">Ce vendredi 4\u00a0juillet, pourtant, des dizaines de drapeaux europ\u00e9ens flottent le long de la passerelle m\u00e9tallique, comme un d\u00e9fi \u00e0 ce qui se joue sur chacune des deux rives. Les deux militants post\u00e9s \u00e0 l\u2019entr\u00e9e du pont, c\u00f4t\u00e9 polonais, repr\u00e9sentent l\u2019organisation Ruch Obrony Granic (\u00ab\u00a0Mouvement pour la d\u00e9fense des fronti\u00e8res\u00a0\u00bb), cr\u00e9\u00e9e par le militant nationaliste polonais Robert Bakiewicz. Ils r\u00e9coltent des signatures en faveur d\u2019un r\u00e9f\u00e9rendum \u00ab\u00a0contre l\u2019accueil obligatoire des migrants ill\u00e9gaux\u00a0\u00bb et sont install\u00e9s l\u00e0 depuis l\u2019\u00e9lection pr\u00e9sidentielle du 1er\u00a0juin et <a href=\"https:\/\/www.lemonde.fr\/international\/article\/2025\/06\/02\/karol-nawrocki-du-hooliganisme-a-la-presidence-de-la-pologne_6610139_3210.html\" rel=\"nofollow noopener\" target=\"_blank\">la victoire du candidat nationaliste conservateur Karol Nawrocki<\/a>.<\/p>\n<p class=\"article__paragraph article__paragraph--lf \">\u00ab\u00a0L\u2019Allemagne renvoie vers la Pologne des migrants ill\u00e9gaux alors qu\u2019elle n\u2019a pas le droit de le faire, explique Camilla, \u00e9tudiante polonaise au visage enfantin qui porte une m\u00e9daille de la vierge autour du cou. L\u2019Allemagne ne veut pas de ces migrants car ils ne travaillent pas. Et notre gouvernement les aide. Il y a des vid\u00e9os sur Internet.\u00a0\u00bb Leur petit stand suscite des r\u00e9actions. \u00ab\u00a0Ils sont l\u00e0 tout le temps, ils ont l\u2019air gentils mais d\u00e8s que les cam\u00e9ras sont parties, ils s\u00e8ment la panique\u00a0\u00bb, s\u2019emporte Beate, qui tient un minuscule tabac juste \u00e0 c\u00f4t\u00e9. \u00ab\u00a0Ils arr\u00eatent les gens sur le pont et les contr\u00f4lent\u00a0! M\u00eame moi ils me contr\u00f4leraient si je ne travaillais pas \u00e0 c\u00f4t\u00e9, dit-elle ulc\u00e9r\u00e9e en montrant ses cheveux fonc\u00e9s. Ils me rendent dingue\u00a0!\u00a0\u00bb.<\/p>\n<p class=\"reading-mode-only \"><strong>Il vous reste 75.3% de cet article \u00e0 lire. La suite est r\u00e9serv\u00e9e aux abonn\u00e9s.<\/strong><\/p>\n","protected":false},"excerpt":{"rendered":"Les deux volontaires ont install\u00e9 un parasol de fortune, une glaci\u00e8re \u00e0 leurs pieds sous un soleil de&hellip;\n","protected":false},"author":2,"featured_media":231763,"comment_status":"","ping_status":"","sticky":false,"template":"","format":"standard","meta":{"footnotes":""},"categories":[1587],"tags":[11,672,1804,1805,1803,1777,674,1801,12,1802],"class_list":{"0":"post-231762","1":"post","2":"type-post","3":"status-publish","4":"format-standard","5":"has-post-thumbnail","7":"category-allemagne","8":"tag-actualites","9":"tag-allemagne","10":"tag-bundesrepublik-deutschland","11":"tag-de","12":"tag-deutschland","13":"tag-eu","14":"tag-europe","15":"tag-germany","16":"tag-news","17":"tag-republique-federale-dallemagne"},"share_on_mastodon":{"url":"https:\/\/pubeurope.com\/@fr\/114809780526409230","error":""},"_links":{"self":[{"href":"https:\/\/www.europesays.com\/fr\/wp-json\/wp\/v2\/posts\/231762","targetHints":{"allow":["GET"]}}],"collection":[{"href":"https:\/\/www.europesays.com\/fr\/wp-json\/wp\/v2\/posts"}],"about":[{"href":"https:\/\/www.europesays.com\/fr\/wp-json\/wp\/v2\/types\/post"}],"author":[{"embeddable":true,"href":"https:\/\/www.europesays.com\/fr\/wp-json\/wp\/v2\/users\/2"}],"replies":[{"embeddable":true,"href":"https:\/\/www.europesays.com\/fr\/wp-json\/wp\/v2\/comments?post=231762"}],"version-history":[{"count":0,"href":"https:\/\/www.europesays.com\/fr\/wp-json\/wp\/v2\/posts\/231762\/revisions"}],"wp:featuredmedia":[{"embeddable":true,"href":"https:\/\/www.europesays.com\/fr\/wp-json\/wp\/v2\/media\/231763"}],"wp:attachment":[{"href":"https:\/\/www.europesays.com\/fr\/wp-json\/wp\/v2\/media?parent=231762"}],"wp:term":[{"taxonomy":"category","embeddable":true,"href":"https:\/\/www.europesays.com\/fr\/wp-json\/wp\/v2\/categories?post=231762"},{"taxonomy":"post_tag","embeddable":true,"href":"https:\/\/www.europesays.com\/fr\/wp-json\/wp\/v2\/tags?post=231762"}],"curies":[{"name":"wp","href":"https:\/\/api.w.org\/{rel}","templated":true}]}}