{"id":231769,"date":"2025-07-07T03:19:17","date_gmt":"2025-07-07T03:19:17","guid":{"rendered":"https:\/\/www.europesays.com\/fr\/231769\/"},"modified":"2025-07-07T03:19:17","modified_gmt":"2025-07-07T03:19:17","slug":"laffaire-boualem-sansal-a-scelle-levidence-qualger-ne-veut-pas-dune-reconciliation","status":"publish","type":"post","link":"https:\/\/www.europesays.com\/fr\/231769\/","title":{"rendered":"\u00abL\u2019affaire Boualem Sansal a scell\u00e9 l\u2019\u00e9vidence qu\u2019Alger ne veut pas d\u2019une r\u00e9conciliation\u00bb"},"content":{"rendered":"<p><strong>ENTRETIEN &#8211; <\/strong>L\u2019\u00e9crivain franco-alg\u00e9rien, condamn\u00e9 en appel \u00e0 cinq ans de prison pour atteinte \u00e0 la s\u00fbret\u00e9 de l\u2019\u00c9tat, n\u2019a pas \u00e9t\u00e9 rel\u00e2ch\u00e9 \u00e0 l\u2019occasion de la f\u00eate de l\u2019ind\u00e9pendance de l\u2019Alg\u00e9rie. Pour le th\u00e9ologien, l\u2019injustice qui frappe Boualem Sansal montre qu\u2019Alger a besoin, pour se perp\u00e9tuer, de d\u00e9signer la France comme son ennemi \u00e9ternel.<\/p>\n<p class=\"fig-paragraph\">*Sp\u00e9cialiste du monde orthodoxe, Jean-Fran\u00e7ois Colosimo est \u00e9galement directeur g\u00e9n\u00e9ral des \u00c9ditions du Cerf. Il a publi\u00e9 Occident, ennemi mondial n\u00b0 1 (Albin Michel, 2024).<\/p>\n<p class=\"fig-paragraph\"><strong>LE FIGARO. &#8211; Boualem Sansal ne figure pas parmi les d\u00e9tenus graci\u00e9s pour l\u2019anniversaire de l\u2019ind\u00e9pendance. Le fait que le r\u00e9gime alg\u00e9rien vise un \u00e9crivain rev\u00eat-il une importance symbolique particuli\u00e8re pour la France\u00a0?<\/strong><\/p>\n<p class=\"fig-paragraph\"><strong>Jean-Fran\u00e7ois COLOSIMO. &#8211; <\/strong>Ce sont les pouvoirs autoritaires qui, pour se rassurer, forcent les \u00e9crivains \u00e0 boire la cigu\u00eb. Tout est bon qui leur permet de les ligoter et de les b\u00e2illonner. \u00c0 commencer par les mascarades de proc\u00e8s qui ripolinent la terreur ordinaire en spectacle rituel. Pourquoi cet acharnement\u00a0? Parce que la litt\u00e9rature, mieux que la politique, d\u00e9nonce le mensonge qui est constitutif des r\u00e9gimes arbitraires. Surtout, elle donne aux r\u00e9prim\u00e9s l\u2019imagination, autrement dit le courage de s\u2019insurger.\u00a0<a href=\"http:\/\/www.lefigaro.fr\/international\/boualem-sansal-ou-les-illusions-perdues-de-la-diplomatie-francaise-20250705\" data-fig-type=\"Article\" data-gtm-custom-categorie=\"navigation\" data-gtm-custom-action=\"crossclick\" data-gtm-custom-label=\"Contextuel\" data-gtm-event=\"customEventSPE\" data-fig-domain=\"LEFIGARO\" rel=\"nofollow noopener\" target=\"_blank\">Ainsi en va-t-il de Boualem Sansal<\/a>. Par son amour de la v\u00e9rit\u00e9 et de la libert\u00e9, par\u2026<\/p>\n<p class=\"fig-premium-paywall__infos\">\n        Cet article est r\u00e9serv\u00e9 aux abonn\u00e9s.        Il vous reste 85% \u00e0 d\u00e9couvrir.\n    <\/p>\n<p>                <img  data- alt=\"Le Figaro\" class=\"fig-img--complete fig-img\"\/><\/p>\n<p class=\"fig-premium-paywall__title\">Vous avez envie de lire la suite ?<\/p>\n<p class=\"fig-premium-paywall__subtitle\">D\u00e9bloquez tous les articles imm\u00e9diatement.<\/p>\n<p class=\"fig-premium-paywall__connect\">\n                D\u00e9j\u00e0 abonn\u00e9\u00a0?                <a class=\"fig-premium-paywall__connect-link\" href=\"https:\/\/connect.lefigaro.fr\/login?client=horizon_web&amp;type=main&amp;redirect_uri=https%3A%2F%2Fwww.lefigaro.fr%2Fvox%2Fmonde%2Fjean-francois-colosimo-l-affaire-boualem-sansal-a-scelle-l-evidence-qu-alger-ne-veut-pas-d-une-reconciliation-20250706\" data-js-gtm=\"{&quot;customCategorie&quot;: &quot;conversion&quot;, &quot;customAction&quot;: &quot;before_Landing_Connexion_paywall_auto&quot;, &quot;customLabel&quot;: &quot;bGVmaWdhcm8uZnJfXzFmMDU5YzdjLWUzZjgtNjdhYy1hZjYwLWM1NDYwNGZlMzI3OF9fQXJ0aWNsZQ==_Jean-Fran\u00e7ois Colosimo\u00a0: \u00abL\u2019affaire Boualem Sansal a scell\u00e9 l\u2019\u00e9vidence qu\u2019Alger ne veut pas d\u2019une r\u00e9conciliation\u00bb_603&quot;, &quot;customIDSPE&quot;: &quot;bGVmaWdhcm8uZnJfXzFmMDU5YzdjLWUzZjgtNjdhYy1hZjYwLWM1NDYwNGZlMzI3OF9fQXJ0aWNsZQ==&quot;, &quot;event&quot;: &quot;customEventSPE&quot;}\" rel=\"nofollow noopener\" target=\"_blank\"><br \/>\n                    Connectez-vous<br \/>\n                <\/a>\n            <\/p>\n","protected":false},"excerpt":{"rendered":"ENTRETIEN &#8211; L\u2019\u00e9crivain franco-alg\u00e9rien, condamn\u00e9 en appel \u00e0 cinq ans de prison pour atteinte \u00e0 la s\u00fbret\u00e9 de&hellip;\n","protected":false},"author":2,"featured_media":231770,"comment_status":"","ping_status":"","sticky":false,"template":"","format":"standard","meta":{"footnotes":""},"categories":[2],"tags":[11,15,4142,2005,1011,27,12,25],"class_list":{"0":"post-231769","1":"post","2":"type-post","3":"status-publish","4":"format-standard","5":"has-post-thumbnail","7":"category-actualites","8":"tag-actualites","9":"tag-algerie","10":"tag-boualem-sansal","11":"tag-ecrivain","12":"tag-fr","13":"tag-france","14":"tag-news","15":"tag-republique-francaise"},"share_on_mastodon":{"url":"https:\/\/pubeurope.com\/@fr\/114809796304025833","error":""},"_links":{"self":[{"href":"https:\/\/www.europesays.com\/fr\/wp-json\/wp\/v2\/posts\/231769","targetHints":{"allow":["GET"]}}],"collection":[{"href":"https:\/\/www.europesays.com\/fr\/wp-json\/wp\/v2\/posts"}],"about":[{"href":"https:\/\/www.europesays.com\/fr\/wp-json\/wp\/v2\/types\/post"}],"author":[{"embeddable":true,"href":"https:\/\/www.europesays.com\/fr\/wp-json\/wp\/v2\/users\/2"}],"replies":[{"embeddable":true,"href":"https:\/\/www.europesays.com\/fr\/wp-json\/wp\/v2\/comments?post=231769"}],"version-history":[{"count":0,"href":"https:\/\/www.europesays.com\/fr\/wp-json\/wp\/v2\/posts\/231769\/revisions"}],"wp:featuredmedia":[{"embeddable":true,"href":"https:\/\/www.europesays.com\/fr\/wp-json\/wp\/v2\/media\/231770"}],"wp:attachment":[{"href":"https:\/\/www.europesays.com\/fr\/wp-json\/wp\/v2\/media?parent=231769"}],"wp:term":[{"taxonomy":"category","embeddable":true,"href":"https:\/\/www.europesays.com\/fr\/wp-json\/wp\/v2\/categories?post=231769"},{"taxonomy":"post_tag","embeddable":true,"href":"https:\/\/www.europesays.com\/fr\/wp-json\/wp\/v2\/tags?post=231769"}],"curies":[{"name":"wp","href":"https:\/\/api.w.org\/{rel}","templated":true}]}}