{"id":231775,"date":"2025-07-07T03:23:09","date_gmt":"2025-07-07T03:23:09","guid":{"rendered":"https:\/\/www.europesays.com\/fr\/231775\/"},"modified":"2025-07-07T03:23:09","modified_gmt":"2025-07-07T03:23:09","slug":"maul-ecroule-carton-jaune-de-villiere-ces-fautes-qui-ont-coute-cher-aux-bleus-rugbyrama","status":"publish","type":"post","link":"https:\/\/www.europesays.com\/fr\/231775\/","title":{"rendered":"Maul \u00e9croul\u00e9, carton jaune de Villi\u00e8re : ces fautes qui ont co\u00fbt\u00e9 cher aux Bleus &#8211; Rugbyrama"},"content":{"rendered":"<ol>\n<li><a href=\"https:\/\/news.google.com\/rss\/articles\/CBMi-gFBVV95cUxOMzlIcGV5aWVoOW5OZzZUanhVQkVqQTBTMlVjUXRfVWtQRmcxdGhKVWloLWVFdXhGYzlqbnlKa1BnR1g3VFphS0tuUm1Zel9xY0dtakM4cFU0eXk4TlpjbmYxOWJRSmx5SUVtMUgwQzFZQXA3ZnN4ckQ4SkVZbEM0THdOYk5jeGZnVWJzTndQaXBDVUQ3ejY5b1doZC0zNW84SXJ4aS11SUtaUG5wWDByYXhRVjJoZzZIM05ubmlCTEx1aEQzaVpvaEMxTGZoOGg4d3JMZEFaWElNeDViblV0ZlRiMWhvaW14UllITDRQS29wOHR0ekZFY093?oc=5\" target=\"_blank\" rel=\"nofollow noopener\">Maul \u00e9croul\u00e9, carton jaune de Villi\u00e8re : ces fautes qui ont co\u00fbt\u00e9 cher aux Bleus<\/a>&nbsp;&nbsp;Rugbyrama<\/li>\n<li><a href=\"https:\/\/news.google.com\/rss\/articles\/CBMihwJBVV95cUxPaExNdndEaVZnOElRQUM4UEpTYTVOQUtoTFRqV2EwVkVZWXZ5anpoN0lGTzk5ZHZEV0JsZGpENFl0THFmaXF6aENmYndRTjZYV1hJREIzYUZEaFljbXJsMDRoMHN0b0VhSjNlQ1BXd1dseUNQUzlTZVV6UG9jUUg5WlBKNlpWYkFsenFTNmN0Vm9VNXQ4UzBHdXRXRnJJRGJDSW9UbVJ2dm94MDk3RldOWi15R1h6c25QaVE5UU5YaWpwNkt1TGQ5ZUh0LTg1Y0JlblZzdDg4OW11bHJrQXZabHk2N19WTmUzc18tUlVLa0ZramxTLXZXMzhmRE11emN0WFQzRkpvQQ?oc=5\" target=\"_blank\" rel=\"nofollow noopener\">Vid\u00e9o. \u00ab\u00a0On retrouve le Gabin Villi\u00e8re de 2022\u00a0\u00bb<\/a>&nbsp;&nbsp;Rugbyrama<\/li>\n<li><a href=\"https:\/\/news.google.com\/rss\/articles\/CBMijAFBVV95cUxORzRNNHpvLVVZc0lqMU50bEphaHpsWEpoeGRrVDc0N2Y1X1JxUmtHd1dHNGZZZk1UbzQ0UE51SE80cDg2TjlPcktPMGdVSlk2MWVwV0hqdVllb24yZVVGUmtyMWJFa2JyNjBsTDN2VUpibXFCQ0N2dWdHb096ZlFpZmFFUnQ2ZjRpZEtrRQ?oc=5\" target=\"_blank\" rel=\"nofollow noopener\">Gabin Villi\u00e8re a-t-il assur\u00e9 ou d\u00e9\u00e7u contre les All-Blacks ?<\/a>&nbsp;&nbsp;Blog RCT<\/li>\n<li><a href=\"https:\/\/news.google.com\/rss\/articles\/CBMijgFBVV95cUxOMWl3eHNZdEliR0pPX1VaQWgxdHkwZzRYVWNsZ21LYlJmdS1pZlZFTlE3OHFZM2M4d2x0NGUwM25nVmFoNHJQdG1lTEZ3OXdDS2drVkJQS1JTcUtXN2ljNkxXLU1tb0NXaEdQUTB4cjdleDAybllFeEdaMU9ITFpZVTg2SEZEemZHY21rY1pB?oc=5\" target=\"_blank\" rel=\"nofollow noopener\">Gabin Villi\u00e8re \u00e9cope d\u2019un carton jaune contre les All-Blacks<\/a>&nbsp;&nbsp;Blog RCT<\/li>\n<li><a href=\"https:\/\/news.google.com\/rss\/articles\/CBMilAFBVV95cUxQTTd0Z25ReFVpZ19peGcyWEhmSXozS293dlRFVFZ2MXcycVU3U2lpenhEZENETDR0N0JYNks0eEtRdnk3ZVJZWHp4TlF0Z21qVjZhbHNSaGFmeGZ5VkVyMXBfUXg3QnQ5YTNQdlF2aU1zblU0TXg3SnBDbWNYUFI5NlBjYnZ5YThIRHRUemIxSWd6YlRH?oc=5\" target=\"_blank\" rel=\"nofollow noopener\">Marie-Alice Yah\u00e9 se montre critique envers la prestation de Gabin Villi\u00e8re<\/a>&nbsp;&nbsp;Blog RCT<\/li>\n<\/ol>\n","protected":false},"excerpt":{"rendered":"Maul \u00e9croul\u00e9, carton jaune de Villi\u00e8re : ces fautes qui ont co\u00fbt\u00e9 cher aux Bleus&nbsp;&nbsp;Rugbyrama Vid\u00e9o. \u00ab\u00a0On retrouve&hellip;\n","protected":false},"author":2,"featured_media":1445,"comment_status":"","ping_status":"","sticky":false,"template":"","format":"standard","meta":{"footnotes":""},"categories":[1416],"tags":[1011,27,479,1468,60],"class_list":{"0":"post-231775","1":"post","2":"type-post","3":"status-publish","4":"format-standard","5":"has-post-thumbnail","7":"category-rugby","8":"tag-fr","9":"tag-france","10":"tag-rugby","11":"tag-rugby-football","12":"tag-sports"},"share_on_mastodon":{"url":"https:\/\/pubeurope.com\/@fr\/114809811924220708","error":""},"_links":{"self":[{"href":"https:\/\/www.europesays.com\/fr\/wp-json\/wp\/v2\/posts\/231775","targetHints":{"allow":["GET"]}}],"collection":[{"href":"https:\/\/www.europesays.com\/fr\/wp-json\/wp\/v2\/posts"}],"about":[{"href":"https:\/\/www.europesays.com\/fr\/wp-json\/wp\/v2\/types\/post"}],"author":[{"embeddable":true,"href":"https:\/\/www.europesays.com\/fr\/wp-json\/wp\/v2\/users\/2"}],"replies":[{"embeddable":true,"href":"https:\/\/www.europesays.com\/fr\/wp-json\/wp\/v2\/comments?post=231775"}],"version-history":[{"count":0,"href":"https:\/\/www.europesays.com\/fr\/wp-json\/wp\/v2\/posts\/231775\/revisions"}],"wp:featuredmedia":[{"embeddable":true,"href":"https:\/\/www.europesays.com\/fr\/wp-json\/wp\/v2\/media\/1445"}],"wp:attachment":[{"href":"https:\/\/www.europesays.com\/fr\/wp-json\/wp\/v2\/media?parent=231775"}],"wp:term":[{"taxonomy":"category","embeddable":true,"href":"https:\/\/www.europesays.com\/fr\/wp-json\/wp\/v2\/categories?post=231775"},{"taxonomy":"post_tag","embeddable":true,"href":"https:\/\/www.europesays.com\/fr\/wp-json\/wp\/v2\/tags?post=231775"}],"curies":[{"name":"wp","href":"https:\/\/api.w.org\/{rel}","templated":true}]}}