{"id":231778,"date":"2025-07-07T03:26:09","date_gmt":"2025-07-07T03:26:09","guid":{"rendered":"https:\/\/www.europesays.com\/fr\/231778\/"},"modified":"2025-07-07T03:26:09","modified_gmt":"2025-07-07T03:26:09","slug":"fonsi-nieto-declare-avec-toprak-razgatlioglu-a-bord-nos-reves-de-motogp-sont-prets-a-senflammer","status":"publish","type":"post","link":"https:\/\/www.europesays.com\/fr\/231778\/","title":{"rendered":"Fonsi Nieto d\u00e9clare : \u00ab\u00a0Avec Toprak Razgatlioglu \u00e0 bord, nos r\u00eaves de MotoGP sont pr\u00eats \u00e0 s&rsquo;enflammer.\u00a0\u00bb"},"content":{"rendered":"<p><strong>Le paysage florissant de MotoGP<\/strong><\/p>\n<p>Le monde de MotoGP conna\u00eet actuellement un regain d\u2019anticipation et d\u2019excitation, en particulier avec la transformation dynamique au sein de Pramac Racing. Le directeur sportif Fonsi Nieto a r\u00e9cemment partag\u00e9 des r\u00e9flexions profondes sur la saison \u00e0 venir et l\u2019ajout de la superstar turque Toprak Razgatlioglu \u00e0 l\u2019\u00e9quipe. Ce moment marque non seulement une acquisition significative, mais aussi un tournant d\u00e9cisif dans la fortune de l\u2019\u00e9quipe alors qu\u2019elle se pr\u00e9pare pour un nouveau chapitre difficile \u00e0 venir.<\/p>\n<p><strong>Le parcours de transformation de l\u2019\u00e9quipe<\/strong><\/p>\n<p>La saison derni\u00e8re a marqu\u00e9 un tournant critique pour Pramac Racing, alors que l\u2019\u00e9quipe est pass\u00e9e d\u2019une p\u00e9riode domin\u00e9e par des courses de championnat r\u00e9ussies \u00e0 une phase difficile centr\u00e9e sur le d\u00e9veloppement d\u2019une nouvelle moto japonaise. Nieto insiste sur le fait que cette transformation n\u00e9cessite une adaptation patiente pour naviguer dans les complexit\u00e9s d\u2019un paysage en \u00e9volution. L\u2019inclusion de Razgatlioglu, le champion du monde Superbike en titre, insuffle un nouveau sentiment d\u2019optimisme dans les aspirations de l\u2019\u00e9quipe, \u00e9tablissant un ton prometteur alors qu\u2019elle se pr\u00e9pare pour la saison 2026.<\/p>\n<p>Le changement de dynamique non seulement dynamise l\u2019\u00e9quipe mais refl\u00e8te \u00e9galement une \u00e9volution plus large au sein de la sph\u00e8re MotoGP. Nieto note un changement notable dans l\u2019\u00e9tat d\u2019esprit des fabricants japonais, qui adoptent de plus en plus une approche plus ouverte et r\u00e9active. Cette attitude en \u00e9volution est de bon augure pour l\u2019avenir de Pramac, alors qu\u2019ils se rassemblent autour de leurs nouvelles strat\u00e9gies et ambitions.<\/p>\n<p><strong>Signes encourageants et esprit d\u2019\u00e9quipe<\/strong><\/p>\n<p>Les r\u00e9flexions de Nieto sur la saison pass\u00e9e mettent en avant un sentiment de gratitude envers Ducati, qui a fourni un soutien constant et \u00e9quitable \u00e0 ses pilotes. Il compare les d\u00e9fis de l\u2019\u00e9quipe \u00e0 une \u00e9pop\u00e9e moderne de David contre Goliath, soulignant le professionnalisme et l\u2019esprit sportif affich\u00e9s tout au long de la comp\u00e9tition f\u00e9roce. L\u2019exp\u00e9rience a forg\u00e9 la r\u00e9silience et la t\u00e9nacit\u00e9 au sein de Pramac Racing, des qualit\u00e9s que Nieto croit mener \u00e0 de futurs succ\u00e8s.<\/p>\n<p>Ses sentiments s\u2019\u00e9tendent au membre de l\u2019\u00e9quipe Jorge Mart\u00edn, qui a rencontr\u00e9 des revers durant la saison. L\u2019approche empathique de Nieto souligne la nature impr\u00e9visible des courses de moto et la force n\u00e9cessaire pour pers\u00e9v\u00e9rer \u00e0 travers l\u2019adversit\u00e9. Ses mots non seulement \u00e9l\u00e8vent Mart\u00edn mais illustrent \u00e9galement les liens \u00e9troits et les syst\u00e8mes de soutien qui caract\u00e9risent la communaut\u00e9 MotoGP.  <\/p>\n<p><strong>L\u2019Anticipation de Toprak Razgatlioglu<\/strong>  <\/p>\n<p>Alors que la conversation se tourne vers le prochain d\u00e9but de Toprak Razgatlioglu, l\u2019enthousiasme de Nieto est contagieux. Il annonce le pilote turc comme un talent exceptionnel pr\u00eat \u00e0 capturer l\u2019attention sur le circuit MotoGP. Les fans et les experts sont en \u00e9moi d\u2019excitation face \u00e0 l\u2019entr\u00e9e de Razgatlioglu, attendant avec impatience comment son style de conduite distinct et son esprit comp\u00e9titif se d\u00e9rouleront parmi des rivaux \u00e9tablis.  <\/p>\n<p>L\u2019aper\u00e7u aigu de Nieto positionne Pramac Racing non seulement comme des participants, mais comme des concurrents redoutables dans la saison \u00e0 venir, pleine de potentiel pour des performances exaltantes et des affrontements dramatiques.  <\/p>\n<p><strong>Un H\u00e9ritage en Mouvement<\/strong>  <\/p>\n<p>Dans un hommage \u00e9mouvant \u00e0 son d\u00e9funt oncle, \u00c1ngel Nieto, Fonsi partage des r\u00e9flexions qui r\u00e9sonnent profond\u00e9ment dans le sport. Connu pour avoir r\u00e9volutionn\u00e9 la couverture t\u00e9l\u00e9vis\u00e9e des courses de moto, l\u2019h\u00e9ritage d\u2019\u00c1ngel Nieto est tiss\u00e9 dans le tissu m\u00eame de MotoGP. Fonsi reconna\u00eet l\u2019impact profond que son oncle a eu sur la formation du sport, un t\u00e9moignage de la passion et de l\u2019engagement qui traversent leur famille.  <\/p>\n<p>Alors que la saison MotoGP approche avec une excitation croissante, les r\u00e9flexions de Fonsi Nieto offrent un aper\u00e7u unique des rouages internes de Pramac Racing et du championnat dans son ensemble. Le frisson de la comp\u00e9tition, l\u2019\u00e9treinte de la camaraderie et l\u2019esprit de r\u00e9silience convergent tous pour promettre aux fans une saison remplie de moments inoubliables, de triomphes et de la qu\u00eate \u00e9ternelle de gloire sur la piste.<\/p>\n<p>\n\tRelated<\/p>\n","protected":false},"excerpt":{"rendered":"Le paysage florissant de MotoGP Le monde de MotoGP conna\u00eet actuellement un regain d\u2019anticipation et d\u2019excitation, en particulier&hellip;\n","protected":false},"author":2,"featured_media":231779,"comment_status":"","ping_status":"","sticky":false,"template":"","format":"standard","meta":{"footnotes":""},"categories":[1413],"tags":[1011,27,1457,1456,60,19319],"class_list":{"0":"post-231778","1":"post","2":"type-post","3":"status-publish","4":"format-standard","5":"has-post-thumbnail","7":"category-moto","8":"tag-fr","9":"tag-france","10":"tag-moto","11":"tag-motocycle","12":"tag-sports","13":"tag-toprak-razgatlioglu-en"},"share_on_mastodon":{"url":"https:\/\/pubeurope.com\/@fr\/114809823963350989","error":""},"_links":{"self":[{"href":"https:\/\/www.europesays.com\/fr\/wp-json\/wp\/v2\/posts\/231778","targetHints":{"allow":["GET"]}}],"collection":[{"href":"https:\/\/www.europesays.com\/fr\/wp-json\/wp\/v2\/posts"}],"about":[{"href":"https:\/\/www.europesays.com\/fr\/wp-json\/wp\/v2\/types\/post"}],"author":[{"embeddable":true,"href":"https:\/\/www.europesays.com\/fr\/wp-json\/wp\/v2\/users\/2"}],"replies":[{"embeddable":true,"href":"https:\/\/www.europesays.com\/fr\/wp-json\/wp\/v2\/comments?post=231778"}],"version-history":[{"count":0,"href":"https:\/\/www.europesays.com\/fr\/wp-json\/wp\/v2\/posts\/231778\/revisions"}],"wp:featuredmedia":[{"embeddable":true,"href":"https:\/\/www.europesays.com\/fr\/wp-json\/wp\/v2\/media\/231779"}],"wp:attachment":[{"href":"https:\/\/www.europesays.com\/fr\/wp-json\/wp\/v2\/media?parent=231778"}],"wp:term":[{"taxonomy":"category","embeddable":true,"href":"https:\/\/www.europesays.com\/fr\/wp-json\/wp\/v2\/categories?post=231778"},{"taxonomy":"post_tag","embeddable":true,"href":"https:\/\/www.europesays.com\/fr\/wp-json\/wp\/v2\/tags?post=231778"}],"curies":[{"name":"wp","href":"https:\/\/api.w.org\/{rel}","templated":true}]}}