{"id":231786,"date":"2025-07-07T03:30:11","date_gmt":"2025-07-07T03:30:11","guid":{"rendered":"https:\/\/www.europesays.com\/fr\/231786\/"},"modified":"2025-07-07T03:30:11","modified_gmt":"2025-07-07T03:30:11","slug":"dorothee-bientot-de-retour-sur-tf1-a-laffiche-dune-serie-on-en-a-parle","status":"publish","type":"post","link":"https:\/\/www.europesays.com\/fr\/231786\/","title":{"rendered":"Doroth\u00e9e bient\u00f4t de retour sur TF1 \u00e0 l&rsquo;affiche d&rsquo;une s\u00e9rie ? \u00ab\u00a0On en a parl\u00e9&#8230;\u00a0\u00bb"},"content":{"rendered":"<p>      R\u00e9sum\u00e9<\/p>\n<p>Doroth\u00e9e, apr\u00e8s un retour r\u00e9ussi en prime sur TF1, pourrait prochainement incarner un r\u00f4le dans une fiction, un projet discut\u00e9 avec la cha\u00eene mais encore en d\u00e9veloppement.<\/p>\n<p>        Sommaire<\/p>\n<p>Le vendredi 24 janvier dernier, <a href=\"https:\/\/www.public.fr\/dorothee-deja-un-record-avant-meme-la-diffusion-de-son-emission-speciale\" rel=\"nofollow noopener\" target=\"_blank\">le retour de Doroth\u00e9e en prime sur TF1<\/a> a r\u00e9alis\u00e9 <strong>un v\u00e9ritable triomphe<\/strong>. La soir\u00e9e \u00e9v\u00e8nement, anim\u00e9e par Nikos Aliagas, a r\u00e9alis\u00e9 l&rsquo;un des meilleurs scores de la cha\u00eene depuis plusieurs mois. <strong>Avec 4,4 millions de t\u00e9l\u00e9spectateurs<\/strong> sur la premi\u00e8re partie, Doroth\u00e9e <a href=\"https:\/\/www.public.fr\/apres-son-carton-daudience-sur-tf1-dorothee-annonce-son-grand-retour\" rel=\"nofollow noopener\" target=\"_blank\">a conquis tous les publics<\/a>, y compris les jeunes enfants et adolescents qui ne l&rsquo;ont pas connue.<\/p>\n<p><strong>Les chiffres ont donn\u00e9 le tournis<\/strong>&#8230; 40% des femmes responsables des achats ont r\u00e9pondu pr\u00e9sentes sur la premi\u00e8re partie. Sur la seconde, diffus\u00e9e jusqu&rsquo;\u00e0 0h54, le chiffre est mont\u00e9 \u00e0 44%. Les scores sur les enfants \u00e9taient impressionnants : <strong>62% des 4\/10 ans et 48% des 15\/24 ans \u00e9taient pr\u00e9sents<\/strong> devant ce prime \u00e9v\u00e8nement. De quoi donner de nouvelles id\u00e9es \u00e0 TF1&#8230;<\/p>\n<p>Doroth\u00e9e bient\u00f4t h\u00e9ro\u00efne d&rsquo;une s\u00e9rie t\u00e9l\u00e9 ?<\/p>\n<p>En effet, comme il l&rsquo;a r\u00e9v\u00e9l\u00e9 au Parisien ce samedi 5 juillet, <strong>Ara Aprikian a de nouvelles envies<\/strong>. Le patron de TF1 est toujours en contact avec la chanteuse aux millions d&rsquo;albums vendus, et pense \u00e0 elle pour de nouveaux projets. Mais cette fois-ci, ce n&rsquo;est pas sur des divertissements qu&rsquo;il entend placer Doroth\u00e9e, <strong>mais sur de la fiction<\/strong>. Un projet a m\u00eame \u00e9t\u00e9 \u00e9voqu\u00e9, et pourrait \u00eatre en d\u00e9veloppement&#8230;<\/p>\n<p><strong>\u00ab\u00a0On en a parl\u00e9 avec elle. On serait ravis de trouver un projet de fiction avec elle\u00a0\u00bb<\/strong> a assur\u00e9 l&rsquo;ex-patron de Cyril Hanouna sur D8. Pour l&rsquo;heure, aucun projet concret ne semble avoir \u00e9t\u00e9 trouv\u00e9, mais nul doute que Jean-Luc Azoulay va tenter d&rsquo;en trouver un. La com\u00e9dienne pourrait par exemple <strong>rejoindre en guest-star un \u00e9pisode de Camping Paradis<\/strong>&#8230;<\/p>\n<p>Jean-Luc Azoulay a peut-\u00eatre une id\u00e9e !<\/p>\n<p>Le groupe JLA Productions produit \u00e9galement <strong>la s\u00e9rie Monsieur Parizot, port\u00e9e par Patrick Paroux<\/strong>. Jean-Luc Azoulay a \u00e9galement port\u00e9 de nombreuses autres s\u00e9ries, comme Olivia avec Laetitia Milot, Astrid et Rapha\u00eblle avec Lola Dewaere et Sara Mortensen, Le prix de la v\u00e9rit\u00e9 avec <a href=\"https:\/\/vsd.fr\/76793-ni-morte-ni-paralysee-mimie-mathy-fait-de-nouvelles-confidences-sur-ses-pepins-de-sante\/\" rel=\"nofollow noopener\" target=\"_blank\">Mimie Mathy<\/a>, Munch avec Isabelle Nanty, ou encore Une chance de trop avec Alexandra Lamy. <\/p>\n<p>En 2018, Doroth\u00e9e avait surpris tout le monde <a href=\"https:\/\/www.public.fr\/philippe-lacheau-il-va-adapter-nicky-larson-au-cinema\" rel=\"nofollow noopener\" target=\"_blank\">en acceptant de jouer au cin\u00e9ma un petit r\u00f4le<\/a> pour le film Nicky Larson et le parfum de Cupidon. Sa derni\u00e8re prestation en t\u00e9l\u00e9vision, quant \u00e0 elle, <strong>remonte \u00e0 1993 dans Famille fou rire<\/strong>\u2026 Alors, TF1 et Doroth\u00e9e, bient\u00f4t le retour ? On a d\u00e9j\u00e0 h\u00e2te !<\/p>\n<p>      Mentionn\u00e9s dans cet article<\/p>\n<p>\u00c0 lire aussi<\/p>\n","protected":false},"excerpt":{"rendered":"R\u00e9sum\u00e9 Doroth\u00e9e, apr\u00e8s un retour r\u00e9ussi en prime sur TF1, pourrait prochainement incarner un r\u00f4le dans une fiction,&hellip;\n","protected":false},"author":2,"featured_media":231787,"comment_status":"","ping_status":"","sticky":false,"template":"","format":"standard","meta":{"footnotes":""},"categories":[1359],"tags":[37069,4005,58,5550,59,1011,27,973,199],"class_list":{"0":"post-231786","1":"post","2":"type-post","3":"status-publish","4":"format-standard","5":"has-post-thumbnail","7":"category-people","8":"tag-ara-aprikian","9":"tag-club-dorothee","10":"tag-divertissement","11":"tag-dorothee","12":"tag-entertainment","13":"tag-fr","14":"tag-france","15":"tag-people","16":"tag-tf1"},"share_on_mastodon":{"url":"https:\/\/pubeurope.com\/@fr\/114809839500430217","error":""},"_links":{"self":[{"href":"https:\/\/www.europesays.com\/fr\/wp-json\/wp\/v2\/posts\/231786","targetHints":{"allow":["GET"]}}],"collection":[{"href":"https:\/\/www.europesays.com\/fr\/wp-json\/wp\/v2\/posts"}],"about":[{"href":"https:\/\/www.europesays.com\/fr\/wp-json\/wp\/v2\/types\/post"}],"author":[{"embeddable":true,"href":"https:\/\/www.europesays.com\/fr\/wp-json\/wp\/v2\/users\/2"}],"replies":[{"embeddable":true,"href":"https:\/\/www.europesays.com\/fr\/wp-json\/wp\/v2\/comments?post=231786"}],"version-history":[{"count":0,"href":"https:\/\/www.europesays.com\/fr\/wp-json\/wp\/v2\/posts\/231786\/revisions"}],"wp:featuredmedia":[{"embeddable":true,"href":"https:\/\/www.europesays.com\/fr\/wp-json\/wp\/v2\/media\/231787"}],"wp:attachment":[{"href":"https:\/\/www.europesays.com\/fr\/wp-json\/wp\/v2\/media?parent=231786"}],"wp:term":[{"taxonomy":"category","embeddable":true,"href":"https:\/\/www.europesays.com\/fr\/wp-json\/wp\/v2\/categories?post=231786"},{"taxonomy":"post_tag","embeddable":true,"href":"https:\/\/www.europesays.com\/fr\/wp-json\/wp\/v2\/tags?post=231786"}],"curies":[{"name":"wp","href":"https:\/\/api.w.org\/{rel}","templated":true}]}}