{"id":231797,"date":"2025-07-07T03:38:11","date_gmt":"2025-07-07T03:38:11","guid":{"rendered":"https:\/\/www.europesays.com\/fr\/231797\/"},"modified":"2025-07-07T03:38:11","modified_gmt":"2025-07-07T03:38:11","slug":"malgre-le-couac-de-la-premiere-soiree-autour-du-concert-de-pierre-garnier-lorganisation-du-festidreuz-contente-de-son-edition-2025","status":"publish","type":"post","link":"https:\/\/www.europesays.com\/fr\/231797\/","title":{"rendered":"Malgr\u00e9 le \u00ab\u00a0couac\u00a0\u00bb de la premi\u00e8re soir\u00e9e autour du concert de Pierre Garnier, l\u2019organisation du Festidreuz \u00ab\u00a0contente\u00a0\u00bb de son \u00e9dition 2025"},"content":{"rendered":"<p>Les festivals n\u2019\u00e9chappent pas \u00e0 la r\u00e8gle\u00a0: apr\u00e8s la pluie, le beau temps. Alors m\u00eame si la premi\u00e8re soir\u00e9e du Festidreuz de Fouesnant a \u00e9t\u00e9 entach\u00e9e par de longues files d\u2019attente, Alain le Loupp, le directeur, ne veut pas r\u00e9sumer son \u00e9dition 2025 \u00e0 ce seul \u00e9v\u00e9nement.<\/p>\n<p>Il reconna\u00eet des erreurs, comme la mise en place difficile d\u2019un nouveau syst\u00e8me pour v\u00e9rifier les entr\u00e9es ou la programmation, trop t\u00f4t, du chanteur Pierre Garnier.<\/p>\n<p>\u00ab\u00a0On ne le cache pas, il y a eu un bug. Mais qui n\u2019est pas enti\u00e8rement de notre faute. Quand tant de monde arrive en m\u00eame temps, pour voir Pierre Garnier, c\u2019est compliqu\u00e9\u00a0\u00bb, commence le directeur. Il tient aussi \u00e0 saluer le travail des 1\u00a0000 b\u00e9n\u00e9voles sur le festival, qu\u2019il ne met pas en cause dans ce \u00ab\u00a0couac\u00a0\u00bb.<\/p>\n<p>Puis il r\u00e9p\u00e8te, la mine plus grave\u00a0: \u00ab\u00a0On peut tout dire, mais \u00e0 part s\u2019excuser, on ne peut pas faire grand-chose. C\u2019est fait\u00a0! J\u2019esp\u00e8re que les gens ne retiendront pas que \u00e7a\u00a0\u00bb.<\/p>\n<p>Un festival de plus en plus vert<\/p>\n<p>Du reste, le cru 2025 du festival fouesnantais lui para\u00eet bon. Toutes les places ont \u00e9t\u00e9 vendues pour les trois jours de concerts, l\u2019organisation salue les \u00ab\u00a0retours positifs\u00a0\u00bb des spectateurs et des artistes, et l\u2019\u00e9v\u00e9nement a gard\u00e9 son ADN\u00a0: un public familial, une programmation pour toutes les oreilles et des jauges de public toujours fix\u00e9es \u00e0 11\u00a0000 personnes par soir. \u00ab\u00a0On n\u2019a pas voulu pousser, on ne se prend pas pour ce qu\u2019on n\u2019est pas\u00a0\u00bb, \u00e9carte Alain Le Loupp, qui se f\u00e9licite aussi des \u00ab\u00a0valeurs s\u00fbres\u00a0\u00bb sur ses sc\u00e8nes\u00a0: Stephan Eicher, Eddy de Pretto, ou Keblack.<\/p>\n<p>Pour la prochaine \u00e9dition du Festidreuz, la 22e, tous les voyants semblent au vert. Sur l\u2019\u00e9cologie aussi, le festival veut \u00eatre un bon \u00e9l\u00e8ve. \u00ab\u00a0On a fait le choix cette ann\u00e9e de se passer des groupes \u00e9lectrog\u00e8nes. Avec \u00e7a, on fait des \u00e9conomies de 22 tonnes de CO2\u00a0\u00bb, abonde Alain le Loupp. Et quand on lui demande si des artistes sont d\u00e9j\u00e0 pr\u00e9vus pour l\u2019an prochain, il promet seulement, en souriant, \u00ab\u00a0des surprises\u00a0\u00bb. Mais il l\u2019assure, cette fois-ci, elles ne seront pas programm\u00e9es \u00e0 19\u00a0h\u00a0!<\/p>\n","protected":false},"excerpt":{"rendered":"Les festivals n\u2019\u00e9chappent pas \u00e0 la r\u00e8gle\u00a0: apr\u00e8s la pluie, le beau temps. Alors m\u00eame si la premi\u00e8re&hellip;\n","protected":false},"author":2,"featured_media":231798,"comment_status":"","ping_status":"","sticky":false,"template":"","format":"standard","meta":{"footnotes":""},"categories":[8],"tags":[829,58,59,37072,849,3337,3321,5127,1011,27,873,3319],"class_list":{"0":"post-231797","1":"post","2":"type-post","3":"status-publish","4":"format-standard","5":"has-post-thumbnail","7":"category-divertissement","8":"tag-bretagne","9":"tag-divertissement","10":"tag-entertainment","11":"tag-festidreuz","12":"tag-festival","13":"tag-festivals","14":"tag-finistere","15":"tag-fouesnant","16":"tag-fr","17":"tag-france","18":"tag-musique","19":"tag-quimper"},"share_on_mastodon":{"url":"https:\/\/pubeurope.com\/@fr\/114809871621163320","error":""},"_links":{"self":[{"href":"https:\/\/www.europesays.com\/fr\/wp-json\/wp\/v2\/posts\/231797","targetHints":{"allow":["GET"]}}],"collection":[{"href":"https:\/\/www.europesays.com\/fr\/wp-json\/wp\/v2\/posts"}],"about":[{"href":"https:\/\/www.europesays.com\/fr\/wp-json\/wp\/v2\/types\/post"}],"author":[{"embeddable":true,"href":"https:\/\/www.europesays.com\/fr\/wp-json\/wp\/v2\/users\/2"}],"replies":[{"embeddable":true,"href":"https:\/\/www.europesays.com\/fr\/wp-json\/wp\/v2\/comments?post=231797"}],"version-history":[{"count":0,"href":"https:\/\/www.europesays.com\/fr\/wp-json\/wp\/v2\/posts\/231797\/revisions"}],"wp:featuredmedia":[{"embeddable":true,"href":"https:\/\/www.europesays.com\/fr\/wp-json\/wp\/v2\/media\/231798"}],"wp:attachment":[{"href":"https:\/\/www.europesays.com\/fr\/wp-json\/wp\/v2\/media?parent=231797"}],"wp:term":[{"taxonomy":"category","embeddable":true,"href":"https:\/\/www.europesays.com\/fr\/wp-json\/wp\/v2\/categories?post=231797"},{"taxonomy":"post_tag","embeddable":true,"href":"https:\/\/www.europesays.com\/fr\/wp-json\/wp\/v2\/tags?post=231797"}],"curies":[{"name":"wp","href":"https:\/\/api.w.org\/{rel}","templated":true}]}}