{"id":23180,"date":"2025-04-13T22:25:08","date_gmt":"2025-04-13T22:25:08","guid":{"rendered":"https:\/\/www.europesays.com\/fr\/23180\/"},"modified":"2025-04-13T22:25:08","modified_gmt":"2025-04-13T22:25:08","slug":"un-incendie-volontaire-au-domicile-dune-figure-democrate-americaine","status":"publish","type":"post","link":"https:\/\/www.europesays.com\/fr\/23180\/","title":{"rendered":"un \u00abincendie volontaire\u00bb au domicile d&rsquo;une figure d\u00e9mocrate am\u00e9ricaine"},"content":{"rendered":"<p>Le gouverneur de l\u2019Etat de Pennsylvanie Josh Shapiro se trouvait \u00e0 l\u2019int\u00e9rieur de sa r\u00e9sidence officielle avec sa famille lorsqu\u2019un incendie s\u2019est d\u00e9clar\u00e9.<\/p>\n<p class=\"fig-paragraph\">La police a annonc\u00e9 dimanche avoir ouvert une enqu\u00eate pour \u00abincendie volontaire\u00bb apr\u00e8s \u00eatre intervenue dans la nuit au domicile de Josh Shapiro, un poids lourd du Parti d\u00e9mocrate am\u00e9ricain. Le nom de Josh Shapiro, gouverneur de l&rsquo;Etat de Pennsylvanie (est), avait \u00e9t\u00e9 \u00e9voqu\u00e9 l&rsquo;an dernier pour \u00eatre le candidat \u00e0\u00a0<a href=\"http:\/\/www.lefigaro.fr\/international\/presidentielle-americaine-l-ancien-vice-president-republicain-dick-cheney-votera-kamala-harris-20240907\" data-fig-type=\"NewsFlash\" data-gtm-custom-categorie=\"navigation\" data-gtm-custom-action=\"crossclick\" data-gtm-custom-label=\"Contextuel\" data-gtm-event=\"customEventSPE\" data-fig-domain=\"LEFIGARO\" rel=\"nofollow noopener\" target=\"_blank\">la vice-pr\u00e9sidence des \u00c9tats-Unis de Kamala Harris<\/a>, la candidate d\u00e9mocrate qui avait finalement choisi le gouverneur du Minnesota Tim Walz comme colistier, avant d&rsquo;\u00eatre battue en novembre par Donald Trump.<\/p>\n<p class=\"fig-paragraph\">Josh Shapiro, 51 ans, se trouvait \u00e0 l&rsquo;int\u00e9rieur de sa r\u00e9sidence officielle avec sa famille lorsqu&rsquo;un incendie s&rsquo;est d\u00e9clar\u00e9 dans sa maison de Harrisburg, capitale de la Pennsylvanie, a rapport\u00e9 la police de l&rsquo;Etat. \u00abM\u00eame si le feu a pu \u00eatre \u00e9teint, il a caus\u00e9 d&rsquo;importants d\u00e9g\u00e2ts \u00e0 une partie de la r\u00e9sidence\u00bb, a pr\u00e9cis\u00e9 la police dans un communiqu\u00e9. Les policiers offrent une r\u00e9compense de 10.000 dollars pour l&rsquo;arrestation de toute personne en lien avec l&rsquo;incendie, pour lequel les pompiers sont intervenus vers 2H00 locales dimanche matin (06H00 GMT).<\/p>\n<p class=\"fig-paragraph\">Sur le r\u00e9seau social X, M. Shapiro a rapport\u00e9 avoir \u00e9t\u00e9 r\u00e9veill\u00e9 par \u00abdes coups sur la porte\u00bb frapp\u00e9s par la police, avant d&rsquo;\u00eatre \u00e9vacu\u00e9 avec ses proches. \u00abDieu merci, il n&rsquo;y pas de bless\u00e9s et le feu a \u00e9t\u00e9 \u00e9teint\u00bb, a-t-il \u00e9crit. M. Shapiro a \u00e9t\u00e9 \u00e9lu gouverneur de Pennsylvanie en 2022 apr\u00e8s avoir d\u00e9fait un candidat d&rsquo;ultra droite soutenu par Donald Trump.<\/p>\n","protected":false},"excerpt":{"rendered":"Le gouverneur de l\u2019Etat de Pennsylvanie Josh Shapiro se trouvait \u00e0 l\u2019int\u00e9rieur de sa r\u00e9sidence officielle avec sa&hellip;\n","protected":false},"author":2,"featured_media":23181,"comment_status":"","ping_status":"","sticky":false,"template":"","format":"standard","meta":{"footnotes":""},"categories":[1589],"tags":[259,11,260,73,1866,14,261,12,262,1864,1865,1863,308],"class_list":{"0":"post-23180","1":"post","2":"type-post","3":"status-publish","4":"format-standard","5":"has-post-thumbnail","7":"category-etats-unis","8":"tag-actualite-internationale","9":"tag-actualites","10":"tag-affaires-etrangeres","11":"tag-etats-unis","12":"tag-etats-unis-damerique","13":"tag-international","14":"tag-ministere-des-affaires-etrangeres","15":"tag-news","16":"tag-politique-etrangere","17":"tag-united-states","18":"tag-united-states-of-america","19":"tag-us","20":"tag-usa"},"share_on_mastodon":{"url":"https:\/\/pubeurope.com\/@fr\/114333006155718966","error":""},"_links":{"self":[{"href":"https:\/\/www.europesays.com\/fr\/wp-json\/wp\/v2\/posts\/23180","targetHints":{"allow":["GET"]}}],"collection":[{"href":"https:\/\/www.europesays.com\/fr\/wp-json\/wp\/v2\/posts"}],"about":[{"href":"https:\/\/www.europesays.com\/fr\/wp-json\/wp\/v2\/types\/post"}],"author":[{"embeddable":true,"href":"https:\/\/www.europesays.com\/fr\/wp-json\/wp\/v2\/users\/2"}],"replies":[{"embeddable":true,"href":"https:\/\/www.europesays.com\/fr\/wp-json\/wp\/v2\/comments?post=23180"}],"version-history":[{"count":0,"href":"https:\/\/www.europesays.com\/fr\/wp-json\/wp\/v2\/posts\/23180\/revisions"}],"wp:featuredmedia":[{"embeddable":true,"href":"https:\/\/www.europesays.com\/fr\/wp-json\/wp\/v2\/media\/23181"}],"wp:attachment":[{"href":"https:\/\/www.europesays.com\/fr\/wp-json\/wp\/v2\/media?parent=23180"}],"wp:term":[{"taxonomy":"category","embeddable":true,"href":"https:\/\/www.europesays.com\/fr\/wp-json\/wp\/v2\/categories?post=23180"},{"taxonomy":"post_tag","embeddable":true,"href":"https:\/\/www.europesays.com\/fr\/wp-json\/wp\/v2\/tags?post=23180"}],"curies":[{"name":"wp","href":"https:\/\/api.w.org\/{rel}","templated":true}]}}