{"id":231803,"date":"2025-07-07T03:41:13","date_gmt":"2025-07-07T03:41:13","guid":{"rendered":"https:\/\/www.europesays.com\/fr\/231803\/"},"modified":"2025-07-07T03:41:13","modified_gmt":"2025-07-07T03:41:13","slug":"en-suisse-comment-un-chihuahua-a-sauve-la-vie-dun-homme-tombe-dans-une-crevasse","status":"publish","type":"post","link":"https:\/\/www.europesays.com\/fr\/231803\/","title":{"rendered":"En Suisse, comment un chihuahua a sauv\u00e9 la vie d\u2019un homme tomb\u00e9 dans une crevasse"},"content":{"rendered":"<p>        <img decoding=\"async\" loading=\"lazy\" src=\"https:\/\/www.europesays.com\/fr\/wp-content\/uploads\/2025\/07\/a8da2fb_upload-1-0eh1spskfhle-000-32fq49d.jpg\"  width=\"728\" height=\"409\" alt=\"Une photo prise le 30\u00a0juillet 2022\u00a0montre des crevasses sur le glacier Fee, en Suisse.\"\/>  <\/p>\n<p>FABRICE COFFRINI \/ AFP<\/p>\n<p>Une photo prise le 30\u00a0juillet 2022\u00a0montre des crevasses sur le glacier Fee, en Suisse.<\/p>\n<p class=\"asset asset-text\">FAITS DIVERS &#8211; En mati\u00e8re de sauvetage en montagne, les Saint-Bernard ne sont pas les seuls chiens h\u00e9ro\u00efques. En<a href=\"https:\/\/www.huffingtonpost.fr\/environnement\/video\/apres-l-effondrement-du-glacier-en-suisse-les-autorites-inquietent-de-la-formation-d-un-lac_250676.html\" target=\"_blank\" rel=\"noopener\"> Suisse<\/a>, un <a href=\"https:\/\/www.huffingtonpost.fr\/insolite\/article\/un-chihuahua-devient-le-plus-vieux-chien-du-monde_213074.html\" target=\"_blank\" rel=\"noopener\">chihuaha <\/a>a aid\u00e9 les sauveteurs \u00e0 retrouver son ma\u00eetre tomb\u00e9 dans une crevasse sur un glacier, ont racont\u00e9 les<a href=\"https:\/\/www.huffingtonpost.fr\/insolite\/video\/dans-le-metro-de-new-york-sauvetage-in-extremis-d-un-homme-en-fauteuil-roulant_184773.html\" target=\"_blank\" rel=\"noopener\"> secouristes<\/a>, ce dimanche 6\u00a0juillet.<\/p>\n<p class=\"asset asset-text\">Cette op\u00e9ration de sauvetage \u00ab\u00a0extraordinaire\u00a0\u00bb s\u2019est d\u00e9roul\u00e9e vendredi sur un glacier au-dessus de Saas-Fee, indique dans un communiqu\u00e9 Air Zermatt, une soci\u00e9t\u00e9 de sauvetage a\u00e9rien qui op\u00e8re dans le canton du Valais.<\/p>\n<p class=\"asset asset-text\">L\u2019homme se promenait sur le glacier de Fee avec son petit chien en d\u00e9but d\u2019apr\u00e8s-midi lorsqu\u2019il est soudainement tomb\u00e9 dans une crevasse d\u2019environ huit m\u00e8tres de profondeur. Son fid\u00e8le compagnon, un petit\u00a0chihuahua, a eu lui plus de chance et est rest\u00e9 au bord de la crevasse.<\/p>\n<p>    Emmen\u00e9 avec son chien \u00e0 l\u2019h\u00f4pital    <\/p>\n<p class=\"asset asset-text\">Il est rest\u00e9 sur place jusqu\u2019\u00e0 l\u2019arriv\u00e9e des sauveteurs, ce qui a \u00ab\u00a0probablement sauv\u00e9 la vie\u00a0\u00bb de son ma\u00eetre. Ce dernier disposait aussi d\u2019un \u00ab\u00a0talkie-walkie amateur\u00a0\u00bb avec lequel il a tent\u00e9 d\u2019appeler \u00e0 l\u2019aide. Une personne \u00e0 proximit\u00e9 a capt\u00e9 l\u2019appel d\u2019urgence et a alert\u00e9 les secours.<\/p>\n<p class=\"asset asset-text\">En milieu d\u2019apr\u00e8s-midi, une \u00e9quipe d\u2019Air Zermatt, avec trois sp\u00e9cialistes en sauvetage, a alors d\u00e9coll\u00e9 en direction du glacier. Sur place, les secouristes ont toutefois eu des difficult\u00e9s \u00e0 rep\u00e9rer le point de chute car \u00ab\u00a0l\u2019\u00e9tendue du glacier \u00e9tait vaste et le trou difficile \u00e0 rep\u00e9rer\u00a0\u00bb.<\/p>\n<p class=\"asset asset-text\">C\u2019\u00e9tait sans compter sur le chihuaha qui a alors boug\u00e9. Son mouvement a \u00e9t\u00e9 aper\u00e7u par l\u2019un des sauveteurs. \u00ab\u00a0Gr\u00e2ce au comportement du chien, l\u2019\u00e9quipe a pu localiser pr\u00e9cis\u00e9ment le lieu de l\u2019accident\u00a0\u00bb, indique Air Zermatt. Les secouristes ont pu descendre en rappel jusqu\u2019\u00e0 la victime et la sauver.\u00a0 Il a ensuite \u00e9t\u00e9 emmen\u00e9 avec son chien \u00e0 l\u2019h\u00f4pital de Vi\u00e8ge.<\/p>\n","protected":false},"excerpt":{"rendered":"FABRICE COFFRINI \/ AFP Une photo prise le 30\u00a0juillet 2022\u00a0montre des crevasses sur le glacier Fee, en Suisse.&hellip;\n","protected":false},"author":2,"featured_media":231804,"comment_status":"","ping_status":"","sticky":false,"template":"","format":"standard","meta":{"footnotes":""},"categories":[5],"tags":[11,1867,4850,1011,27,7011,14,12,3067,28],"class_list":{"0":"post-231803","1":"post","2":"type-post","3":"status-publish","4":"format-standard","5":"has-post-thumbnail","7":"category-international","8":"tag-actualites","9":"tag-animaux","10":"tag-chien","11":"tag-fr","12":"tag-france","13":"tag-glacier","14":"tag-international","15":"tag-news","16":"tag-suisse","17":"tag-world"},"share_on_mastodon":{"url":"https:\/\/pubeurope.com\/@fr\/114809883193594355","error":""},"_links":{"self":[{"href":"https:\/\/www.europesays.com\/fr\/wp-json\/wp\/v2\/posts\/231803","targetHints":{"allow":["GET"]}}],"collection":[{"href":"https:\/\/www.europesays.com\/fr\/wp-json\/wp\/v2\/posts"}],"about":[{"href":"https:\/\/www.europesays.com\/fr\/wp-json\/wp\/v2\/types\/post"}],"author":[{"embeddable":true,"href":"https:\/\/www.europesays.com\/fr\/wp-json\/wp\/v2\/users\/2"}],"replies":[{"embeddable":true,"href":"https:\/\/www.europesays.com\/fr\/wp-json\/wp\/v2\/comments?post=231803"}],"version-history":[{"count":0,"href":"https:\/\/www.europesays.com\/fr\/wp-json\/wp\/v2\/posts\/231803\/revisions"}],"wp:featuredmedia":[{"embeddable":true,"href":"https:\/\/www.europesays.com\/fr\/wp-json\/wp\/v2\/media\/231804"}],"wp:attachment":[{"href":"https:\/\/www.europesays.com\/fr\/wp-json\/wp\/v2\/media?parent=231803"}],"wp:term":[{"taxonomy":"category","embeddable":true,"href":"https:\/\/www.europesays.com\/fr\/wp-json\/wp\/v2\/categories?post=231803"},{"taxonomy":"post_tag","embeddable":true,"href":"https:\/\/www.europesays.com\/fr\/wp-json\/wp\/v2\/tags?post=231803"}],"curies":[{"name":"wp","href":"https:\/\/api.w.org\/{rel}","templated":true}]}}