{"id":231805,"date":"2025-07-07T03:42:24","date_gmt":"2025-07-07T03:42:24","guid":{"rendered":"https:\/\/www.europesays.com\/fr\/231805\/"},"modified":"2025-07-07T03:42:24","modified_gmt":"2025-07-07T03:42:24","slug":"quand-le-mercure-va-t-il-grimper-les-previsions-meteo-de-la-semaine","status":"publish","type":"post","link":"https:\/\/www.europesays.com\/fr\/231805\/","title":{"rendered":"quand le mercure va-t-il grimper ? Les pr\u00e9visions m\u00e9t\u00e9o de la semaine"},"content":{"rendered":"<p>            Par<br \/>\n        <strong><br \/>\n            <a href=\"https:\/\/actu.fr\/auteur\/redaction-actu\" title=\"Consulter tous les articles de R\u00e9daction Actu\" rel=\"nofollow noopener\" target=\"_blank\">R\u00e9daction Actu<\/a><br \/>\n        <\/strong><\/p>\n<p>        Publi\u00e9 le<\/p>\n<p>            6 juil. 2025 \u00e0 15h12        <\/p>\n<p>Apr\u00e8s une premi\u00e8re <a href=\"https:\/\/actu.fr\/tag\/canicule\" rel=\"nofollow noopener\" target=\"_blank\">canicule<\/a> remarquable par sa dur\u00e9e, les Fran\u00e7ais se pr\u00e9parent \u00e0 subir une nouvelle <a href=\"https:\/\/actu.fr\/tag\/vague-de-chaleur\" rel=\"nofollow noopener\" target=\"_blank\">vague de chaleur<\/a>. \u00c0 partir du milieu de la semaine prochaine, <a href=\"https:\/\/actu.fr\/meteo\/vers-une-nouvelle-canicule-pour-le-14-juillet-une-prochaine-vague-de-chaleur-deja-annoncee-les-previsions_62855844.html\" rel=\"nofollow noopener\" target=\"_blank\">les fortes chaleurs sahariennes gagneront de nouveau nos r\u00e9gions par le sud<\/a>.<\/p>\n<p class=\" wall-content\">\u00ab\u2009Les temp\u00e9ratures vont repartir \u00e0 la hausse d\u00e8s ce mercredi 9\u00a0juillet 2025\u2009\u00bb, avec un pic observ\u00e9 durant le long week-end du 14\u00a0juillet, explique le m\u00e9t\u00e9orologue Guillaume S\u00e9chet aupr\u00e8s d\u2019actu.fr.<\/p>\n<p class=\" wall-content\">On fait le point sur la situation \u00e0 venir.<\/p>\n<p>Un d\u00e9but de semaine frais avant le retour de la chaleur<\/p>\n<p class=\" wall-content\">Le d\u00e9but de semaine sera <strong>plut\u00f4t frais et humide<\/strong> (notamment dans le nord et l\u2019est), avant un nouveau <a href=\"https:\/\/actu.fr\/meteo\/canicule-c-est-quoi-un-dome-de-chaleur-ce-phenomene-qui-va-toucher-la-france_59977188.html\" rel=\"nofollow noopener\" target=\"_blank\">d\u00f4me de chaleur<\/a> li\u00e9 \u00e0 la remont\u00e9e de l\u2019anticyclone subtropical.<\/p>\n<p class=\" wall-content\">Un <strong>air saharien<\/strong> va envahir la France par l\u2019ouest et le sud en seconde partie de semaine, pr\u00e9vient le m\u00e9t\u00e9orologue.<\/p>\n<p>Vid\u00e9os : en ce moment sur Actu<\/p>\n<p class=\" wall-content\">La deuxi\u00e8me d\u00e9cade de juillet devrait permettre aux hautes pressions de regonfler au-dessus de la France et la mer du Nord, ce qui aura pour effet de <strong>r\u00e9chauffer efficacement la masse d\u2019air<\/strong>, <a href=\"https:\/\/www.meteo-villes.com\/actualites\/tendances-meteo-pour-juillet-2025-nouvelle-menace-de-canicule\" rel=\"nofollow noopener\" target=\"_blank\">peut-on lire sur le site m\u00e9t\u00e9o-villes.com<\/a>.<\/p>\n<p class=\" wall-content\">La chaleur <strong>s\u2019accentuera \u00e0 partir du vendredi 11\u00a0juillet<\/strong>, g\u00e9n\u00e9ralement entre 30 et 35\u00a0\u00b0C, et probablement au-del\u00e0 de la journ\u00e9e de dimanche 13\u00a0juillet, explique Guillaume S\u00e9chet.<\/p>\n<p>Jusqu\u2019\u00e0 43\u00a0\u00b0C selon les mod\u00e8les m\u00e9t\u00e9o les plus pessimistes<\/p>\n<p class=\" wall-content\">Certains mod\u00e8les m\u00e9t\u00e9o, les plus pessimistes, \u00e0 savoir le mod\u00e8le europ\u00e9en (ECMWF), <a href=\"https:\/\/actu.fr\/meteo\/nouvelle-canicule-en-france-la-semaine-prochaine-plus-de-40-c-attendus-voici-ou-la-chaleur-devrait-frapper_62863512.html\" rel=\"nofollow noopener\" target=\"_blank\">entrevoient m\u00eame un mercure pouvant monter \u00e0 43\u00a0\u00b0C<\/a>.<\/p>\n<p class=\" wall-content\">L\u2019\u00e9volution de la vague de chaleur, selon le mod\u00e8le europ\u00e9en ECMWF (carte issue de M\u00e9t\u00e9ociel)\u2009:<\/p>\n<p class=\" wall-content\"><img decoding=\"async\" src=\"https:\/\/www.europesays.com\/fr\/wp-content\/uploads\/2025\/07\/animjuw4.gif\" loading=\"lazy\"\/><\/p>\n<p class=\" wall-content\">\u00ab\u2009Il pourrait y avoir <strong>un pic de chaleur aux alentours de dimanche<\/strong>, voire lundi, puis les temp\u00e9ratures redescendront progressivement\u2009\u00bb, explique Guillaume S\u00e9chet, fondateur du site m\u00e9t\u00e9o-villes.com.<\/p>\n<blockquote class=\"ac-article-quote wall-content\">\n<p>Nous atteindrons sans doute le stade caniculaire, mais il est difficile de savoir si cette canicule sera durable.<\/p>\n<p>    <strong>Guillaume S\u00e9chet<\/strong><br \/>\n        M\u00e9t\u00e9orologue et fondateur de m\u00e9t\u00e9o-villes.com    <\/p><\/blockquote>\n<p class=\" wall-content\">D\u2019une mani\u00e8re g\u00e9n\u00e9rale, les mod\u00e9lisations pour la deuxi\u00e8me partie du mois de juillet\u00a02025 envisagent des <strong>temp\u00e9ratures nettement sup\u00e9rieures aux normales<\/strong> en France.<\/p>\n<p>Le sud de la France \u00e9touffe encore<\/p>\n<p class=\" wall-content\">La majeure partie de la France <a href=\"https:\/\/actu.fr\/meteo\/canicule-en-france-16-departements-en-vigilance-rouge-en-raison-des-fortes-chaleurs-ce-mardi-les-previsions_62845575.html\" rel=\"nofollow noopener\" target=\"_blank\">a connu mercredi et jeudi les derni\u00e8res journ\u00e9es d\u2019un \u00e9pisode de canicule<\/a> qui restera dans les annales par sa pr\u00e9cocit\u00e9, sa dur\u00e9e et ses records de temp\u00e9ratures.<\/p>\n<p class=\" wall-content\">Mais, pour certains d\u00e9partements, l\u2019\u00e9pisode de fortes chaleurs n\u2019est pas compl\u00e8tement termin\u00e9. Pour la journ\u00e9e du dimanche 6\u00a0juillet, M\u00e9t\u00e9o France <a href=\"https:\/\/actu.fr\/meteo\/les-orages-sont-de-retour-40-departements-places-en-vigilance-pour-ce-dimanche-voici-ou-ils-vont-frapper_62872973.html\" rel=\"nofollow noopener\" target=\"_blank\">a plac\u00e9 deux d\u00e9partements en vigilance orange pour \u00ab\u2009canicule\u2009\u00bb<\/a>. Il s\u2019agit de la Haute-Corse et la Corse-du-Sud.<\/p>\n<p class=\" wall-content\">Suivez toute l\u2019actualit\u00e9 de vos villes et m\u00e9dias favoris en vous inscrivant \u00e0 <a href=\"https:\/\/moncompte.actu.fr\" title=\"D\u00e9couvez Mon Actu\" rel=\"nofollow noopener\" data-trk=\"{&quot;cta&quot;:{&quot;action&quot;:&quot;https:\\\/\\\/moncompte.actu.fr&quot;,&quot;category&quot;:&quot;mon compte&quot;,&quot;from&quot;:&quot;article footer&quot;,&quot;name&quot;:&quot;Mon actu&quot;,&quot;type&quot;:&quot;cta&quot;}}\" target=\"_blank\">Mon Actu<\/a>.<\/p>\n","protected":false},"excerpt":{"rendered":"Par R\u00e9daction Actu Publi\u00e9 le 6 juil. 2025 \u00e0 15h12 Apr\u00e8s une premi\u00e8re canicule remarquable par sa dur\u00e9e,&hellip;\n","protected":false},"author":2,"featured_media":231806,"comment_status":"","ping_status":"","sticky":false,"template":"","format":"standard","meta":{"footnotes":""},"categories":[4],"tags":[11,6698,1011,27,2357,12,25,104,15637],"class_list":{"0":"post-231805","1":"post","2":"type-post","3":"status-publish","4":"format-standard","5":"has-post-thumbnail","7":"category-france","8":"tag-actualites","9":"tag-canicule","10":"tag-fr","11":"tag-france","12":"tag-meteo-france","13":"tag-news","14":"tag-republique-francaise","15":"tag-societe","16":"tag-vague-de-chaleur"},"share_on_mastodon":{"url":"https:\/\/pubeurope.com\/@fr\/114809886750691599","error":""},"_links":{"self":[{"href":"https:\/\/www.europesays.com\/fr\/wp-json\/wp\/v2\/posts\/231805","targetHints":{"allow":["GET"]}}],"collection":[{"href":"https:\/\/www.europesays.com\/fr\/wp-json\/wp\/v2\/posts"}],"about":[{"href":"https:\/\/www.europesays.com\/fr\/wp-json\/wp\/v2\/types\/post"}],"author":[{"embeddable":true,"href":"https:\/\/www.europesays.com\/fr\/wp-json\/wp\/v2\/users\/2"}],"replies":[{"embeddable":true,"href":"https:\/\/www.europesays.com\/fr\/wp-json\/wp\/v2\/comments?post=231805"}],"version-history":[{"count":0,"href":"https:\/\/www.europesays.com\/fr\/wp-json\/wp\/v2\/posts\/231805\/revisions"}],"wp:featuredmedia":[{"embeddable":true,"href":"https:\/\/www.europesays.com\/fr\/wp-json\/wp\/v2\/media\/231806"}],"wp:attachment":[{"href":"https:\/\/www.europesays.com\/fr\/wp-json\/wp\/v2\/media?parent=231805"}],"wp:term":[{"taxonomy":"category","embeddable":true,"href":"https:\/\/www.europesays.com\/fr\/wp-json\/wp\/v2\/categories?post=231805"},{"taxonomy":"post_tag","embeddable":true,"href":"https:\/\/www.europesays.com\/fr\/wp-json\/wp\/v2\/tags?post=231805"}],"curies":[{"name":"wp","href":"https:\/\/api.w.org\/{rel}","templated":true}]}}