{"id":231807,"date":"2025-07-07T03:43:14","date_gmt":"2025-07-07T03:43:14","guid":{"rendered":"https:\/\/www.europesays.com\/fr\/231807\/"},"modified":"2025-07-07T03:43:14","modified_gmt":"2025-07-07T03:43:14","slug":"disparition-inquietante-dun-jeune-touriste-francais-de-18-ans-en-iran-indique-la-diplomatie-francaise","status":"publish","type":"post","link":"https:\/\/www.europesays.com\/fr\/231807\/","title":{"rendered":"\u00ab\u00a0Disparition inqui\u00e9tante\u00a0\u00bb d\u2019un jeune touriste fran\u00e7ais de 18 ans en Iran, indique la diplomatie fran\u00e7aise"},"content":{"rendered":"<p class=\"paragraph text_align_left lp-f-body-02\">Alors que le sort de C\u00e9cile Kohler et Jacques Paris <a href=\"https:\/\/www.leparisien.fr\/politique\/il-faut-etre-lucide-jean-noel-barrot-le-ministre-a-la-tete-dune-diplomatie-francaise-en-perte-de-vitesse-05-07-2025-ZSZBETHDABCYDMCM4JMXTF7ZXI.php\" target=\"_self\" rel=\"noopener\">crispe toujours autant<\/a>, un nouveau sujet pourrait attiser la discorde entre Paris et T\u00e9h\u00e9ran. Un jeune Fran\u00e7ais qui faisait une randonn\u00e9e \u00e0 v\u00e9lo en Iran n\u2019a plus donn\u00e9 de nouvelles \u00e0 ses proches depuis le 16 juin, une disparition jug\u00e9e \u00ab inqui\u00e9tante \u00bb, a d\u00e9clar\u00e9 dimanche une source diplomatique fran\u00e7aise interrog\u00e9e sur un avis de recherche post\u00e9 sur les r\u00e9seaux sociaux.<\/p>\n<p class=\"paragraph text_align_left lp-f-body-02\">\u00ab Cette disparition est inqui\u00e9tante. Nous sommes en lien avec la famille \u00e0 ce sujet \u00bb, a indiqu\u00e9 cette source, en rappelant qu\u2019il est recommand\u00e9 aux ressortissants fran\u00e7ais de ne pas se rendre en Iran, T\u00e9h\u00e9ran mettant en \u0153uvre \u00ab une politique d\u00e9lib\u00e9r\u00e9e de prise d\u2019otages occidentaux \u00bb.<\/p>\n<p>Franco-allemand de 18 ans<\/p>\n<p class=\"paragraph text_align_left lp-f-body-02\">D\u2019apr\u00e8s cet avis de recherche post\u00e9 sur Instagram, Lennart Monterlos, \u00e2g\u00e9 de 18 ans, a \u00e9galement la nationalit\u00e9 allemande. Cette source n\u2019\u00e9tait pas en mesure de dire si ce jeune Fran\u00e7ais fait partie des Europ\u00e9ens r\u00e9cemment arr\u00eat\u00e9s en Iran, accus\u00e9s d\u2019espionnage pour Isra\u00ebl.<\/p>\n<p class=\"paragraph text_align_left lp-f-body-02\">L\u2019Iran \u00ab cible des ressortissants fran\u00e7ais de passage qu\u2019il accuse d\u2019espionnage et qu\u2019il d\u00e9tient dans des conditions indignes, dont certaines rel\u00e8vent de la d\u00e9finition en droit international de la torture \u00bb, a soulign\u00e9 la source diplomatique.<\/p>\n<p class=\"paragraph text_align_left lp-f-body-02\">\u00ab Il est recommand\u00e9 aux ressortissants fran\u00e7ais de ne pas se rendre en Iran \u00bb et \u00ab pour ceux qui y seraient d\u00e9j\u00e0 de passage, il est recommand\u00e9 de quitter le territoire iranien imm\u00e9diatement en raison des risques d\u2019arrestation et de d\u00e9tention arbitraire \u00bb, a-t-elle insist\u00e9.<\/p>\n<p>\u00ab Diplomatie des otages \u00bb<\/p>\n<p class=\"paragraph text_align_left lp-f-body-02\">Cette semaine, la situation de C\u00e9cile Kohler et Jacques Paris, d\u00e9tenus en Iran depuis trois ans, a pris un nouveau tournant, les deux Fran\u00e7ais <a href=\"https:\/\/www.leparisien.fr\/international\/iran\/cecile-kohler-et-jacques-paris-detenus-en-iran-derriere-linculpation-pour-espionnage-la-strategie-du-chantage-03-07-2025-3BBXIMJQZZDB7I2WKPWPHG4I5Q.php\" target=\"_self\" rel=\"noopener\">ayant \u00e9t\u00e9 notifi\u00e9s de trois chefs d\u2019inculpation<\/a> passibles de la peine de mort, \u00e0 savoir \u00ab espionnage pour le Mossad \u00bb, le service de renseignement ext\u00e9rieur isra\u00e9lien, \u00ab complot pour renverser le r\u00e9gime \u00bb et \u00ab corruption sur Terre \u00bb.<\/p>\n<p class=\"paragraph text_align_left lp-f-body-02\">De tels chefs d\u2019accusation sont une \u00ab provocation \u00e0 l\u2019\u00e9gard de la France \u00bb et un \u00ab choix inacceptable d\u2019agressivit\u00e9 \u00bb, a fustig\u00e9 jeudi Emmanuel Macron. \u00ab Je pourrais dire simplement que c\u2019est fantaisiste si ce n\u2019\u00e9tait pas criminel \u00bb. Le pr\u00e9sident fran\u00e7ais <a href=\"https:\/\/www.leparisien.fr\/politique\/francais-inculpes-despionnage-en-iran-emmanuel-macron-denonce-une-provocation-et-un-choix-inacceptable-dagressivite-03-07-2025-4IZM4H4AIJEGXF2IVBF72JKLX4.php\" target=\"_self\" rel=\"noopener\">a menac\u00e9 l\u2019Iran de \u00ab mesures de r\u00e9torsion \u00bb<\/a>.<\/p>\n<p class=\"paragraph text_align_left lp-f-body-02\">Les chancelleries europ\u00e9ennes accusent T\u00e9h\u00e9ran de pratiquer la \u00ab diplomatie des otages \u00bb pour notamment<a href=\"https:\/\/www.leparisien.fr\/international\/etats-unis\/nucleaire-iranien-washington-et-teheran-se-rapprochent-dun-accord-assure-trump-dans-le-golfe-15-05-2025-JKKWZ7FSCBEKJAQZDQJHGTPZ44.php\" rel=\"noopener\" target=\"_blank\"> peser dans les tr\u00e8s sensibles discussions sur le nucl\u00e9aire iranien<\/a>, dans l\u2019impasse depuis des ann\u00e9es, et obtenir une lev\u00e9e des sanctions.<\/p>\n","protected":false},"excerpt":{"rendered":"Alors que le sort de C\u00e9cile Kohler et Jacques Paris crispe toujours autant, un nouveau sujet pourrait attiser&hellip;\n","protected":false},"author":2,"featured_media":231808,"comment_status":"","ping_status":"","sticky":false,"template":"","format":"standard","meta":{"footnotes":""},"categories":[2],"tags":[11,1011,27,14,3019,12],"class_list":{"0":"post-231807","1":"post","2":"type-post","3":"status-publish","4":"format-standard","5":"has-post-thumbnail","7":"category-actualites","8":"tag-actualites","9":"tag-fr","10":"tag-france","11":"tag-international","12":"tag-iran","13":"tag-news"},"share_on_mastodon":{"url":"https:\/\/pubeurope.com\/@fr\/114809890641323931","error":""},"_links":{"self":[{"href":"https:\/\/www.europesays.com\/fr\/wp-json\/wp\/v2\/posts\/231807","targetHints":{"allow":["GET"]}}],"collection":[{"href":"https:\/\/www.europesays.com\/fr\/wp-json\/wp\/v2\/posts"}],"about":[{"href":"https:\/\/www.europesays.com\/fr\/wp-json\/wp\/v2\/types\/post"}],"author":[{"embeddable":true,"href":"https:\/\/www.europesays.com\/fr\/wp-json\/wp\/v2\/users\/2"}],"replies":[{"embeddable":true,"href":"https:\/\/www.europesays.com\/fr\/wp-json\/wp\/v2\/comments?post=231807"}],"version-history":[{"count":0,"href":"https:\/\/www.europesays.com\/fr\/wp-json\/wp\/v2\/posts\/231807\/revisions"}],"wp:featuredmedia":[{"embeddable":true,"href":"https:\/\/www.europesays.com\/fr\/wp-json\/wp\/v2\/media\/231808"}],"wp:attachment":[{"href":"https:\/\/www.europesays.com\/fr\/wp-json\/wp\/v2\/media?parent=231807"}],"wp:term":[{"taxonomy":"category","embeddable":true,"href":"https:\/\/www.europesays.com\/fr\/wp-json\/wp\/v2\/categories?post=231807"},{"taxonomy":"post_tag","embeddable":true,"href":"https:\/\/www.europesays.com\/fr\/wp-json\/wp\/v2\/tags?post=231807"}],"curies":[{"name":"wp","href":"https:\/\/api.w.org\/{rel}","templated":true}]}}