{"id":231813,"date":"2025-07-07T03:49:45","date_gmt":"2025-07-07T03:49:45","guid":{"rendered":"https:\/\/www.europesays.com\/fr\/231813\/"},"modified":"2025-07-07T03:49:45","modified_gmt":"2025-07-07T03:49:45","slug":"revivez-la-furieuse-victoire-varoise-en-barrage-contre-le-co","status":"publish","type":"post","link":"https:\/\/www.europesays.com\/fr\/231813\/","title":{"rendered":"revivez la furieuse victoire varoise en barrage contre le CO"},"content":{"rendered":"<p>Samedi soir \u00e0 Mayol, le RCT a \u00e9trill\u00e9 Castres (52-23) \u00e0 l\u2019issue d\u2019une seconde p\u00e9riode exceptionnelle, pour rejoindre l\u2019UBB en demi-finale.<\/p>\n<p>                        Samedi 14 juin<\/p>\n<p>\n        23:06\n            <\/p>\n<p class=\"fig-live-post__title\" role=\"heading\" aria-level=\"3\">Fin du direct<\/p>\n<p class=\"fig-paragraph\">Merci \u00e0 tous d\u2019avoir suivi ce match sur notre site\u00a0! \u00c0 bient\u00f4t.<\/p>\n<p>\n        23:05\n            <\/p>\n<p class=\"fig-live-post__title\" role=\"heading\" aria-level=\"3\">C\u2019est termin\u00e9 !<\/p>\n<p class=\"fig-paragraph\">Le RC Toulon \u00e9crase le CO 52-23 et rejoint l\u2019UBB en demi-finale\u00a0! Quelle 2e p\u00e9riode \u00e9blouissante des Varois, longtemps emb\u00eat\u00e9s par les Tarnais.<\/p>\n<p>\n        23:03\n            <\/p>\n<p class=\"fig-live-post__title\" role=\"heading\" aria-level=\"3\">ESSAI DE TOULON !!! (80e, 52-23)<\/p>\n<p class=\"fig-paragraph\">Et non, le 6e essai inscrit par l\u2019intenable Wainiqolo\u00a0!! \u00c0 la suite d\u2019un jeu au pied, le Fidjien a fait parler sa vitesse pour mettre tout le monde d\u2019accord. Jaminet rate la transformation.<\/p>\n<p>\n        23:00\n            <\/p>\n<p class=\"fig-live-post__title\" role=\"heading\" aria-level=\"3\">ESSAI DE TOULON !!! (78e, 47-23)<\/p>\n<p class=\"fig-paragraph\">Nonu pour le 5e et dernier essai de la soir\u00e9e\u00a0! Quelle histoire\u00a0! Alors qu\u2019il vient d\u2019entrer en jeu, le double champion du monde profite d\u2019un ballon port\u00e9 pour aller aplatir. Incroyable. \u00c0 42 ans. Jaminet transforme.<\/p>\n<p>\n        22:58\n            <\/p>\n<p class=\"fig-live-post__title\" role=\"heading\" aria-level=\"3\">Les Castrais us\u00e9s (76e, 40-23)<\/p>\n<p class=\"fig-paragraph\">Le CO ne r\u00e9pond plus depuis un quart d\u2019heure. Les Tarnais se sont compl\u00e8tement \u00e9teints dans cette seconde p\u00e9riode.<\/p>\n<p>\n        22:57\n            <\/p>\n<p class=\"fig-live-post__title\" role=\"heading\" aria-level=\"3\">Nonu entre en jeu ! (73e, 40-23)<\/p>\n<p class=\"fig-paragraph\">Isa c\u00e8de sa place \u00e0 la l\u00e9gende n\u00e9o-z\u00e9landaise.<\/p>\n<p>\n        22:52\n            <\/p>\n<p class=\"fig-live-post__title\" role=\"heading\" aria-level=\"3\">ESSAI DE TOULON !!!! (70e, 40-23)<\/p>\n<p class=\"fig-paragraph\">4e essai pour le RCT qui file vers les demi-finales\u00a0! Wainiqolo est sollicit\u00e9 sur son aile et tape au pied avant de mettre la pression sur Papali\u2019i en couverture. White arrive alors dans le tas pour aplatir\u00a0! Apr\u00e8s arbitrage vid\u00e9o, l\u2019essai est valid\u00e9 et transform\u00e9 par Jaminet. Les jeux semblent faits.<\/p>\n<p>\n        22:49\n            <\/p>\n<p class=\"fig-live-post__title\" role=\"heading\" aria-level=\"3\">ESSAI DE TOULON !!! (69e, 33-23)<\/p>\n<p class=\"fig-paragraph\">Isa pour le 3e essai varois\u00a0! Gr\u00e2ce \u00e0 un nouveau ballon port\u00e9 efficace, le 3e ligne argentin est all\u00e9 aplatir en force. Jaminet transforme. Le RCT reprend 10 points d\u2019avance \u00e0 quelques minutes de la fin.<\/p>\n<p>\n        22:45\n            <\/p>\n<p class=\"fig-live-post__title\" role=\"heading\" aria-level=\"3\">Toulon pousse (67e, 26-23)<\/p>\n<p class=\"fig-paragraph\">Dans un temps fort, les joueurs de la Rade font parler la puissance de leurs avants pour investir les 22 m\u00e8tres castrais.<\/p>\n<p>\n        22:44\n            <\/p>\n<p class=\"fig-live-post__title\" role=\"heading\" aria-level=\"3\">La p\u00e9nalit\u00e9 de Jaminet refus\u00e9e ! (65e, 26-23)<\/p>\n<p class=\"fig-paragraph\">Alors que le CO avait \u00e9t\u00e9 p\u00e9nalis\u00e9 en m\u00eal\u00e9e, l\u2019arri\u00e8re toulonnais s\u2019est \u00e9lanc\u00e9 \u00e0 plus de 30 m\u00e8tres mais les arbitres n\u2019ont pu juger le coup de pied \u00abtrop haut\u00bb de Jaminet. Ces derniers n\u2019ont pu savoir si le ballon a franchi les perches ou non. Toujours 3 points d\u2019\u00e9cart.<\/p>\n<p>\n        22:42\n            <\/p>\n<p class=\"fig-live-post__title\" role=\"heading\" aria-level=\"3\">Les m\u00eal\u00e9es s\u2019encha\u00eenent (62e, 26-23)<\/p>\n<p class=\"fig-paragraph\">Les deux \u00e9quipes multiplient les m\u00eal\u00e9es au centre du terrain depuis quelques minutes. Le combat est f\u00e9roce. Varois et Tarnais sont au coude \u00e0 coude.<\/p>\n<p>\n        22:38\n            <\/p>\n<p class=\"fig-live-post__title\" role=\"heading\" aria-level=\"3\">ESSAI DE CASTRES !! (58e, 26-23)<\/p>\n<p class=\"fig-paragraph\">Essai de Fernandez pour le CO\u00a0! Baget ramasse le cuir et se fait la malle avant de repiquer au c\u0153ur, de donner imm\u00e9diatement \u00e0 Babillot pour Fernandez, seul pour aplatir\u00a0! L\u2019essai est transform\u00e9. Les Tarnais reviennent \u00e0 3 points.<\/p>\n<p>\n        22:32\n            <\/p>\n<p class=\"fig-live-post__title\" role=\"heading\" aria-level=\"3\">ESSAI DE TOULON !!! (56e, 26-16)<\/p>\n<p class=\"fig-paragraph\">Serin pour le 2e essai du RCT\u00a0! \u00c0 l\u2019issue d\u2019un terrible ballon port\u00e9, Tuicuvu, sur l\u2019aile, passe le bras et transmet \u00e0 son demi de m\u00eal\u00e9e qui vient aplatir sans probl\u00e8me. Jaminet transforme. Toulon acc\u00e9l\u00e8re\u00a0!<\/p>\n<p>\n        22:30\n            <\/p>\n<p class=\"fig-live-post__title\" role=\"heading\" aria-level=\"3\">Fernandez r\u00e9pond ! (53e, 19-16)<\/p>\n<p class=\"fig-paragraph\">Le Castrais passe une 2e p\u00e9nalit\u00e9 et remet le CO \u00e0 3 points de Toulon.<\/p>\n<p>\n        22:29\n            <\/p>\n<p class=\"fig-live-post__title\" role=\"heading\" aria-level=\"3\">ESSAI DE TOULON !!! (50e, 19-13)<\/p>\n<p class=\"fig-paragraph\">Jaminet pour le premier essai du RCT\u00a0! \u00c0 la suite d\u2019un terrible turnover, l\u2019inarr\u00eatable Wainiqolo a concass\u00e9 la d\u00e9fense castraise avant de transmettre \u00e0 son arri\u00e8re, \u00e0 la conclusion. L\u2019essai est transform\u00e9 par Jaminet. Le RCT compte 6 points d\u2019avance.<\/p>\n<p>\n        22:26\n            <\/p>\n<p class=\"fig-live-post__title\" role=\"heading\" aria-level=\"3\">Toulon courbe l\u2019\u00e9chine (48e, 12-13)<\/p>\n<p class=\"fig-paragraph\">Les Tarnais continuent de mettre la pression sur le rideau d\u00e9fensif toulonnais. Les conatcts sont rugueux. Les Olympiens avancent.<\/p>\n<p>\n        22:22\n            <\/p>\n<p class=\"fig-live-post__title\" role=\"heading\" aria-level=\"3\">Le CO met du rythme (45e, 12-13)<\/p>\n<p class=\"fig-paragraph\">\u00c0 la suite d\u2019une m\u00eal\u00e9e en leur faveur au niveau de la ligne m\u00e9diane, les hommes de Xavier Sadourny envoient les temps de jeu et investissent le camp varois.<\/p>\n<p>\n        22:19\n            <\/p>\n<p class=\"fig-live-post__title\" role=\"heading\" aria-level=\"3\">Fernandez assure ! (42e, 12-13)<\/p>\n<p class=\"fig-paragraph\">Sanctionn\u00e9 d\u2019embl\u00e9e dans ce d\u00e9but de second acte, le RCT offre une p\u00e9nalit\u00e9 au buteur castrais, qui ne se rate pas. Le CO reprend un point d\u2019avance.<\/p>\n<p>\n        22:16\n            <\/p>\n<p class=\"fig-live-post__title\" role=\"heading\" aria-level=\"3\">C\u2019est reparti<\/p>\n<p class=\"fig-paragraph\">D\u00e9but de la seconde p\u00e9riode\u00a0!<\/p>\n<p>\n        22:04\n            <\/p>\n<p class=\"fig-live-post__title\" role=\"heading\" aria-level=\"3\">Mi-temps !<\/p>\n<p class=\"fig-paragraph\">Les Toulonnais m\u00e8nent 12-10 \u00e0 la pause face au CO\u00a0! Dominateurs dans le jeu, les Varois ont longtemps tenu le ballon sans concr\u00e9tiser leurs occasions. Plus r\u00e9alistes, les Olympiens ont frapp\u00e9 les premiers mais la botte de Jaminet d\u00e9cide, pour l\u2019instant, du sort de ce match.<\/p>\n<p>\n        22:02\n            <\/p>\n<p class=\"fig-live-post__title\" role=\"heading\" aria-level=\"3\">Jaminet met le RCT devant ! (44e, 12-10)<\/p>\n<p class=\"fig-paragraph\">Une nouvelle p\u00e9nalit\u00e9 permet au RCT de prendre les commandes de ce barrage au meilleur moment.<\/p>\n<p>\n        22:01\n            <\/p>\n<p class=\"fig-live-post__title\" role=\"heading\" aria-level=\"3\">Essai refus\u00e9 (43e, 9-10)<\/p>\n<p class=\"fig-paragraph\">Finalement, l\u2019essai est refus\u00e9 pour un en-avant varois. \u00c7a ne veut pas pour le RCT.<\/p>\n<p>\n        21:57\n            <\/p>\n<p class=\"fig-live-post__title\" role=\"heading\" aria-level=\"3\">ESSAI DE TOULON !! (42e, 16-10)<\/p>\n<p class=\"fig-paragraph\">Abadie pour le premier essai toulonnais\u00a0! \u00c0 la suite d\u2019une p\u00e9naltouche en faveur du RCT, les temps de jeu varois ont eu raison de la d\u00e9fense tarnaise. Le 3e ligne fran\u00e7ais s\u2019arrache et vient aplatir du bout des doigts. Jaminet transforme face aux perches. 16-10 pour Toulon\u00a0!<\/p>\n<p>\n        21:56\n            <\/p>\n<p class=\"fig-live-post__title\" role=\"heading\" aria-level=\"3\">Changement pour Castres ! (40e, 9-10)<\/p>\n<p class=\"fig-paragraph\">Touch\u00e9, Palis c\u00e8de sa place \u00e0 Fernandez.<\/p>\n<p>\n        21:55\n            <\/p>\n<p class=\"fig-live-post__title\" role=\"heading\" aria-level=\"3\">Tuicuvu fait mal (39e, 9-10)<\/p>\n<p class=\"fig-paragraph\">Le Fidjien perce le rideau d\u00e9fensif castrais, au large, avant de tenter de faire une passe au pied \u00e0 Abadie, qui avait bien suivi. Sans succ\u00e8s. La d\u00e9fense tarnaise contre et r\u00e9cup\u00e8re le cuir.<\/p>\n<p>\n        21:53\n            <\/p>\n<p class=\"fig-live-post__title\" role=\"heading\" aria-level=\"3\">Jaminet se rattrape (37e, 9-10)<\/p>\n<p class=\"fig-paragraph\">Encore sanctionn\u00e9, le CO offre une nouvelle p\u00e9nalit\u00e9 au buteur varois. Ce dernier r\u00e8gle la mire, au niveau de la ligne m\u00e9diane, et ram\u00e8ne son \u00e9quipe \u00e0 un point.<\/p>\n<p>\n        21:50\n            <\/p>\n<p class=\"fig-live-post__title\" role=\"heading\" aria-level=\"3\">Palis ne tremble pas ! (35e, 6-10)<\/p>\n<p class=\"fig-paragraph\">Celui qui remplace Louis Le Brun ne se manque pas et permet au CO de compter 4 points d\u2019avance \u00e0 quelques minutes de la pause gr\u00e2ce \u00e0 cette nouvelle p\u00e9nalit\u00e9.<\/p>\n<p>\n        21:48\n            <\/p>\n<p class=\"fig-live-post__title\" role=\"heading\" aria-level=\"3\">Arata remet \u00e7a (34e, 6-7)<\/p>\n<p class=\"fig-paragraph\">Nouvelle impressionnante perc\u00e9e du demi de m\u00eal\u00e9e castrais, repris in extremis par Wainiqolo dans les 22 m\u00e8tres.<\/p>\n<p>\n        21:47\n            <\/p>\n<p class=\"fig-live-post__title\" role=\"heading\" aria-level=\"3\">Premier \u00e9chec pour Jaminet ! (32e, 6-7)<\/p>\n<p class=\"fig-paragraph\">Alors que le CO a \u00e9t\u00e9 sanctionn\u00e9 pour un maul st\u00e9rile, l\u2019arri\u00e8re varois manque la p\u00e9nalit\u00e9 \u00e0 plus de 40 m\u00e8tres. Les Olympiens restent devant.<\/p>\n<p>\n        21:43\n            <\/p>\n<p class=\"fig-live-post__title\" role=\"heading\" aria-level=\"3\">L\u2019essai de Papali\u2019i pour Castres en vid\u00e9o !<\/p>\n<p>\n        21:42\n            <\/p>\n<p class=\"fig-live-post__title\" role=\"heading\" aria-level=\"3\">Jaminet ajoute 3 points ! (28e, 6-7)<\/p>\n<p class=\"fig-paragraph\">Nouvelle p\u00e9nalit\u00e9 assur\u00e9e par l\u2019arri\u00e8re varois. Le RCT revient \u00e0 un point.<\/p>\n<p>\n        21:41\n            <\/p>\n<p class=\"fig-live-post__title\" role=\"heading\" aria-level=\"3\">Le RCT brouillon (26e, 3-7)<\/p>\n<p class=\"fig-paragraph\">Les Varois perdent un nouveau ballon \u00e0 la suite d\u2019un contact. \u00c7a fait beaucoup.<\/p>\n<p>\n        21:40\n            <\/p>\n<p class=\"fig-live-post__title\" role=\"heading\" aria-level=\"3\">Changement pour Castres (23e, 3-7)<\/p>\n<p class=\"fig-paragraph\">Alors qu\u2019il avait purg\u00e9 son carton jaune, le ma\u00eetre \u00e0 jouer tarnais Louis Le Brun c\u00e8de sa place sur protocole commotion au v\u00e9t\u00e9ran Dumora, qui entre en jeu pour, peut-\u00eatre, son dernier match sous les couleurs du CO.<\/p>\n<p>\n        21:34\n            <\/p>\n<p class=\"fig-live-post__title\" role=\"heading\" aria-level=\"3\">Toulon refroidit (20e, 3-7)<\/p>\n<p class=\"fig-paragraph\">Alors qu\u2019ils dominaient (st\u00e9rilement) cette premi\u00e8re demi-heure avec plus de 80 % de possession du ballon, les Varois ont \u00e9t\u00e9 cueillis sur une des seules actions offensives des Tarnais. Les joueurs de Pierre Mignoni manquent de r\u00e9alisme. Le CO a, lui, \u00e9t\u00e9 (tr\u00e8s) r\u00e9aliste.<\/p>\n<p>\n        21:30\n            <\/p>\n<p class=\"fig-live-post__title\" role=\"heading\" aria-level=\"3\">ESSAI DE CASTRES !! (18e, 3-7)<\/p>\n<p class=\"fig-paragraph\">Quel essai du 3e ligne castrais\u00a0! Le gros porteur du CO vient de faire exploser le rideau d\u00e9fensif toulonnais d\u2019un terrible franchissement\u00a0! Palis transforme. Le CO prend les devants.<\/p>\n<p>\n        21:28\n            <\/p>\n<p class=\"fig-live-post__title\" role=\"heading\" aria-level=\"3\">Jaminet ouvre le score ! (15e, 3-0)<\/p>\n<p class=\"fig-paragraph\">Efficace, l\u2019arri\u00e8re toulonnais ne se rate pas et ouvre le score en faveur du RCT\u00a0!<\/p>\n<p>\n        21:27\n            <\/p>\n<p class=\"fig-live-post__title\" role=\"heading\" aria-level=\"3\">Le Brun expuls\u00e9 10 minutes ! (14e, 0-0)<\/p>\n<p class=\"fig-paragraph\">D\u00e9j\u00e0 limite sur l\u2019action pr\u00e9c\u00e9dente, l\u2019ouvreur tarnais r\u00e9colte, cette fois-ci, un carton jaune apr\u00e8s un contact jug\u00e9 d\u00e9loyal avec Abadie. Le CO est \u00e0 14.<\/p>\n<p>\n        21:22\n            <\/p>\n<p class=\"fig-live-post__title\" role=\"heading\" aria-level=\"3\">Serin se rel\u00e8ve (13e, 0-0)<\/p>\n<p class=\"fig-paragraph\">Pas d\u2019arbitrage vid\u00e9o apr\u00e8s le violent choc entre le demi de m\u00eal\u00e9e varois et Louis Le Brun. Le jeu reprend.<\/p>\n<p>\n        21:21\n            <\/p>\n<p class=\"fig-live-post__title\" role=\"heading\" aria-level=\"3\">Le match s\u2019emballe (12e, 0-0)<\/p>\n<p class=\"fig-paragraph\">Alors que Baptiste Serin reste au sol, sonn\u00e9 apr\u00e8s un contact, le RCT s\u2019approche \u00e0 quelques m\u00e8tres de l\u2019en-but castrais. Sans succ\u00e8s. Le CO r\u00e9siste et se relance une nouvelle fois.<\/p>\n<p>\n        21:19\n            <\/p>\n<p class=\"fig-live-post__title\" role=\"heading\" aria-level=\"3\">Castres montre les dents (9e, 0-0)<\/p>\n<p class=\"fig-paragraph\">Sur un de leurs premiers ballons offensifs, Baget signe un superbe encha\u00eenement et vient combiner avec Arata pour transpercer le rideau d\u00e9fensif toulonnais. Le demi de m\u00eal\u00e9e olympien est finalement intercept\u00e9 dans les 22 m\u00e8tres du RCT. Les Varois ont eu chaud.<\/p>\n<p>\n        21:16\n            <\/p>\n<p class=\"fig-live-post__title\" role=\"heading\" aria-level=\"3\">Le CO priv\u00e9 du ballon (8e, 0-0)<\/p>\n<p class=\"fig-paragraph\">Plus de 80 % de possession pour les Varois dans ces 10 premi\u00e8res minutes. Les Tarnais n\u2019ont aucun ballon \u00e0 n\u00e9gocier et font le dos rond.<\/p>\n<p>\n        21:15\n            <\/p>\n<p class=\"fig-live-post__title\" role=\"heading\" aria-level=\"3\">Wainiqolo acc\u00e9l\u00e8re (7e, 0-0)<\/p>\n<p class=\"fig-paragraph\">Le trois-quart aile du RCT r\u00e9cup\u00e8re le ballon au sol et r\u00e9siste \u00e0 un plaquage avant de d\u00e9taler sur l\u2019aile gauche. Le Toulonnais est finalement \u00e9ject\u00e9 en touche. Les Olympiens se relancent.<\/p>\n<p>\n        21:13\n            <\/p>\n<p class=\"fig-live-post__title\" role=\"heading\" aria-level=\"3\">Ribbans se bat (6e, 0-0)<\/p>\n<p class=\"fig-paragraph\">Le capitaine varois percute violemment le rideau d\u00e9fensif castrais. Le RCT met la pression mais peine \u00e0 p\u00e9n\u00e9trer dans les 22 du CO.<\/p>\n<p>\n        21:12\n            <\/p>\n<p class=\"fig-live-post__title\" role=\"heading\" aria-level=\"3\">Jaminet en jambes (4e, 0-0)<\/p>\n<p class=\"fig-paragraph\">L\u2019arri\u00e8re toulonnais est \u00e0 la retomb\u00e9e d\u2019un jeu au pied tarnais et met les gaz d\u2019embl\u00e9e. Ce dernier fait des d\u00e9g\u00e2ts sur l\u2019aile mais se voit pousser en touche.<\/p>\n<p>\n        21:10\n            <\/p>\n<p class=\"fig-live-post__title\" role=\"heading\" aria-level=\"3\">Le CO s\u2019en sort (3e, 0-0)<\/p>\n<p class=\"fig-paragraph\">Une maladresse varoise permet aux Tarnais de se relancer au pied.<\/p>\n<p>\n        21:09\n            <\/p>\n<p class=\"fig-live-post__title\" role=\"heading\" aria-level=\"3\">Toulon met du rythme (2e, 0-0)<\/p>\n<p class=\"fig-paragraph\">Les hommes de Pierre Mignoni ont repris le contr\u00f4le du jeu et se rapprochent des 22 m\u00e8tres tarnais.<\/p>\n<p>\n        21:08\n            <\/p>\n<p class=\"fig-live-post__title\" role=\"heading\" aria-level=\"3\">Premi\u00e8re touche pour le RCT (1e, 0-0)<\/p>\n<p class=\"fig-paragraph\">Baubigny s\u2019\u00e9lance mais la touche est contr\u00e9e par les Castrais. Le CO r\u00e9cup\u00e8re le ballon au niveau de la ligne m\u00e9diane.<\/p>\n<p>\n        21:07\n            <\/p>\n<p class=\"fig-live-post__title\" role=\"heading\" aria-level=\"3\">C\u2019est parti !<\/p>\n<p class=\"fig-paragraph\">D\u00e9but de ce barrage entre Toulon et Castres\u00a0! Bon match \u00e0 tous.<\/p>\n<p>\n        21:04\n            <\/p>\n<p class=\"fig-live-post__title\" role=\"heading\" aria-level=\"3\">Les 2 \u00e9quipes p\u00e9n\u00e8trent sur la pelouse<\/p>\n<p class=\"fig-paragraph\">Coup d\u2019envoi dans quelques minutes.<\/p>\n<p>\n        20:50\n            <\/p>\n<p class=\"fig-live-post__title\" role=\"heading\" aria-level=\"3\">\u00c9chauffement en cours<\/p>\n<p>\n        20:35\n            <\/p>\n<p class=\"fig-live-post__title\" role=\"heading\" aria-level=\"3\">Toulon amput\u00e9 de 2 \u00e9l\u00e9ments (tr\u00e8s) importants<\/p>\n<p class=\"fig-paragraph\">Les Varois, priv\u00e9s de leurs deux fl\u00e8ches sur les ailes Gabin Villi\u00e8re, victime d\u2019une commotion, et Ga\u00ebl Dr\u00e9an &#8211; meilleur marqueur du championnat -, comptent sur un pack massif et sur l\u2019exp\u00e9rience accumul\u00e9e tout au long de la saison pour s\u2019imposer ce soir.<\/p>\n<p class=\"fig-body-link\">\n            \u00c0 lire aussi<br \/>\n        <a class=\"fig-body-link__link\" href=\"http:\/\/www.lefigaro.fr\/sports\/rugby\/top-14\/top-14-victime-d-une-commotion-le-toulonnais-gabin-villiere-forfait-contre-castres-20250612\" data-fig-type=\"NewsFlash\" data-gtm-custom-categorie=\"navigation\" data-gtm-custom-action=\"crossclick\" data-gtm-custom-label=\"Contextuel\" data-gtm-event=\"customEventSPE\" data-fig-domain=\"LEFIGARO\" rel=\"nofollow noopener\" target=\"_blank\">Top 14\u00a0: victime d\u2019une commotion, le Toulonnais Gabin Villi\u00e8re forfait contre Castres<br \/>\n    <\/a>\n<\/p>\n<p>\n        20:29\n            <\/p>\n<p class=\"fig-live-post__title\" role=\"heading\" aria-level=\"3\">Ambiance folle \u00e0 Toulon pour ce barrage<\/p>\n<p>\n        20:28\n            <\/p>\n<p class=\"fig-live-post__title\" role=\"heading\" aria-level=\"3\">L\u2019\u00e9chauffement va d\u00e9buter<\/p>\n<p>\n        20:27\n            <\/p>\n<p class=\"fig-live-post__title\" role=\"heading\" aria-level=\"3\">Abadie, plaque tournante de la Rade<\/p>\n<p class=\"fig-paragraph\">Papa champion de France, le rugby comme th\u00e9rapie&#8230; 5 choses \u00e0 savoir sur Esteban Abadie, le cerveau de Toulon, \u00e0 retrouver ci-dessous\u00a0:<\/p>\n<p class=\"fig-body-link\">\n            \u00c0 lire aussi<br \/>\n        <a class=\"fig-body-link__link\" href=\"http:\/\/www.lefigaro.fr\/sports\/rugby\/top-14\/papa-champion-de-france-le-rugby-comme-therapie-5-choses-a-savoir-sur-esteban-abadie-le-cerveau-de-toulon-20250614\" data-fig-type=\"NewsFlash\" data-gtm-custom-categorie=\"navigation\" data-gtm-custom-action=\"crossclick\" data-gtm-custom-label=\"Contextuel\" data-gtm-event=\"customEventSPE\" data-fig-domain=\"LEFIGARO\" rel=\"nofollow noopener\" target=\"_blank\">Papa champion de France, le rugby comme th\u00e9rapie&#8230; 5 choses \u00e0 savoir sur Esteban Abadie, le cerveau de Toulon<br \/>\n    <\/a>\n<\/p>\n<p>\n        20:23\n            <\/p>\n<p class=\"fig-live-post__title\" role=\"heading\" aria-level=\"3\">Toulon pour un retour dans le dernier carr\u00e9, Castres pour la m\u00e9moire de Raisuqe<\/p>\n<p class=\"fig-paragraph\">Absents des demi-finales du Top 14 depuis 2017, les Varois veulent signer un grand coup ce soir, \u00e0 domicile, afin de rallier le dernier carr\u00e9 aux d\u00e9pens du Castres Olympique. Troisi\u00e8me (72 points) \u00e0 l\u2019issue de la phase r\u00e9guli\u00e8re du championnat, le RCT compte surfer sur sa bonne dynamique de cette saison &#8211; notamment \u00e0 domicile &#8211; pour dominer les Tarnais.<\/p>\n<p class=\"fig-body-link\">\n            \u00c0 lire aussi<br \/>\n        <a class=\"fig-body-link__link\" href=\"http:\/\/www.lefigaro.fr\/sports\/rugby\/top-14\/top-14-castres-reve-d-une-nouvelle-epopee-en-memoire-de-raisuqe-20250614\" data-fig-type=\"NewsFlash\" data-gtm-custom-categorie=\"navigation\" data-gtm-custom-action=\"crossclick\" data-gtm-custom-label=\"Contextuel\" data-gtm-event=\"customEventSPE\" data-fig-domain=\"LEFIGARO\" rel=\"nofollow noopener\" target=\"_blank\">Top 14\u00a0: \u00abJosh est toujours avec nous\u00bb, Castres r\u00eave d\u2019une nouvelle \u00e9pop\u00e9e en m\u00e9moire de Raisuqe<br \/>\n    <\/a>\n<\/p>\n<p class=\"fig-paragraph\">De leur c\u00f4t\u00e9, les hommes de Xavier Sadourny, sixi\u00e8mes (63 points) au moment du d\u00e9compte final, et meurtris par le d\u00e9c\u00e8s de leur co\u00e9quipier Josaia Raisuqe le 8 mai dernier lors d\u2019un accident de voiture, veulent finir cette saison en beaut\u00e9. V\u00e9ritable \u00e9pouvantail du championnat, le CO r\u00eave d\u2019une demi-finale (ou plus) pour rendre hommage, comme il se doit, \u00e0 son ancien centre fidjien. Galvanis\u00e9s, les Castrais souhaitent \u00ab\u00e9crire une histoire\u00bb.<\/p>\n<p>\n        20:03\n            <\/p>\n<p class=\"fig-live-post__title\" role=\"heading\" aria-level=\"3\">Le XV tarnais<\/p>\n<p class=\"fig-paragraph\">La charni\u00e8re Louis Le Brun &#8211; Santiago Arata est (\u00e9videmment) align\u00e9e d\u2019entr\u00e9e. Florent Vanverberghe est \u00e9galement pr\u00e9sent. Christian Ambadiang est, lui, bless\u00e9.<\/p>\n<p class=\"fig-paragraph\"><strong>CO<\/strong>\u00a0: Chabouni, Palis &#8211; Botitu, Seguret &#8211; Baget &#8211; Le Brun &#8211; Arata &#8211; Papali\u2019i, Delaporte, Babillot &#8211; Vanverberghe, Ducat &#8211; Collier &#8211; Barlot &#8211; Walcker<\/p>\n<p>\n        20:02\n            <\/p>\n<p class=\"fig-live-post__title\" role=\"heading\" aria-level=\"3\">Le XV varois<\/p>\n<p class=\"fig-paragraph\">Melvyn Jaminet est titulaire c\u00f4t\u00e9 varois, au m\u00eame titre que Baptiste Serin et Paulo Garbisi, \u00e0 la charni\u00e8re. Le capitaine David Ribbans tentera de guider ses troupes vers la victoire. Gabin Villi\u00e8re et Ga\u00ebl Dr\u00e9an sont, eux, absents.<\/p>\n<p class=\"fig-paragraph\"><strong>RCT <\/strong>: Jaminet &#8211; Tuicuvu &#8211; Fainga\u2019Anuku &#8211; Sinzelle &#8211; Wainiqolo &#8211; Garbisi &#8211; Serin &#8211; Isa, Abadie, Ludlam &#8211; Ribbans, Halagahu &#8211; Sinckler &#8211; Baubigny &#8211; Gros<\/p>\n<p>\n        20:00\n            <\/p>\n<p class=\"fig-live-post__title\" role=\"heading\" aria-level=\"3\">Bonsoir \u00e0 tous !<\/p>\n<p class=\"fig-paragraph\">Bienvenue sur\u00a0<a href=\"https:\/\/www.lefigaro.fr\/sports\" target=\"_blank\" data-fig-type=\"Section\" rel=\"noopener nofollow\" data-gtm-custom-categorie=\"navigation\" data-gtm-custom-action=\"crossclick\" data-gtm-custom-label=\"Contextuel\" data-gtm-event=\"customEventSPE\" data-fig-domain=\"LEFIGARO\">LeFigaro.fr<\/a>\u00a0pour suivre en direct comment\u00e9 et en int\u00e9gralit\u00e9 le barrage de Top 14 entre le RC Toulon et le Castres Olympique\u00a0! Coup d\u2019envoi 21h05 au stade Mayol.<\/p>\n<p>                Les publications appara\u00eetront ici<\/p>\n<p>        Fermer<\/p>\n","protected":false},"excerpt":{"rendered":"Samedi soir \u00e0 Mayol, le RCT a \u00e9trill\u00e9 Castres (52-23) \u00e0 l\u2019issue d\u2019une seconde p\u00e9riode exceptionnelle, pour rejoindre&hellip;\n","protected":false},"author":2,"featured_media":231814,"comment_status":"","ping_status":"","sticky":false,"template":"","format":"standard","meta":{"footnotes":""},"categories":[9619],"tags":[1111,11,525,7336,4590,1981,2313,814,1777,674,1011,27,955,12,4589,882,2311,8177,25,1980,479,2259,478,2310,2312],"class_list":{"0":"post-231813","1":"post","2":"type-post","3":"status-publish","4":"format-standard","5":"has-post-thumbnail","7":"category-toulon","8":"tag-actu","9":"tag-actualites","10":"tag-calendrier","11":"tag-castres-olympique","12":"tag-championnat-france","13":"tag-classement","14":"tag-clermont","15":"tag-direct","16":"tag-eu","17":"tag-europe","18":"tag-fr","19":"tag-france","20":"tag-match","21":"tag-news","22":"tag-phase-finale","23":"tag-provence-alpes-cote-dazur","24":"tag-racing","25":"tag-rc-toulon","26":"tag-republique-francaise","27":"tag-resultats","28":"tag-rugby","29":"tag-score","30":"tag-top-14","31":"tag-toulon","32":"tag-toulouse"},"share_on_mastodon":{"url":"https:\/\/pubeurope.com\/@fr\/114809914182243197","error":""},"_links":{"self":[{"href":"https:\/\/www.europesays.com\/fr\/wp-json\/wp\/v2\/posts\/231813","targetHints":{"allow":["GET"]}}],"collection":[{"href":"https:\/\/www.europesays.com\/fr\/wp-json\/wp\/v2\/posts"}],"about":[{"href":"https:\/\/www.europesays.com\/fr\/wp-json\/wp\/v2\/types\/post"}],"author":[{"embeddable":true,"href":"https:\/\/www.europesays.com\/fr\/wp-json\/wp\/v2\/users\/2"}],"replies":[{"embeddable":true,"href":"https:\/\/www.europesays.com\/fr\/wp-json\/wp\/v2\/comments?post=231813"}],"version-history":[{"count":0,"href":"https:\/\/www.europesays.com\/fr\/wp-json\/wp\/v2\/posts\/231813\/revisions"}],"wp:featuredmedia":[{"embeddable":true,"href":"https:\/\/www.europesays.com\/fr\/wp-json\/wp\/v2\/media\/231814"}],"wp:attachment":[{"href":"https:\/\/www.europesays.com\/fr\/wp-json\/wp\/v2\/media?parent=231813"}],"wp:term":[{"taxonomy":"category","embeddable":true,"href":"https:\/\/www.europesays.com\/fr\/wp-json\/wp\/v2\/categories?post=231813"},{"taxonomy":"post_tag","embeddable":true,"href":"https:\/\/www.europesays.com\/fr\/wp-json\/wp\/v2\/tags?post=231813"}],"curies":[{"name":"wp","href":"https:\/\/api.w.org\/{rel}","templated":true}]}}