{"id":231818,"date":"2025-07-07T03:55:16","date_gmt":"2025-07-07T03:55:16","guid":{"rendered":"https:\/\/www.europesays.com\/fr\/231818\/"},"modified":"2025-07-07T03:55:16","modified_gmt":"2025-07-07T03:55:16","slug":"le-detenu-en-cavale-retrouve-a-grenoble-2","status":"publish","type":"post","link":"https:\/\/www.europesays.com\/fr\/231818\/","title":{"rendered":"le d\u00e9tenu en cavale retrouv\u00e9 \u00e0 Grenoble"},"content":{"rendered":"<p itemprop=\"description\"><strong>Sa cavale aura dur\u00e9 moins d&rsquo;un mois.<\/strong><\/p>\n<p>Plut\u00f4t que de faire profil bas, l&rsquo;individu qui s&rsquo;\u00e9tait \u00e9chapp\u00e9 de la prison de Varces le 18 juin dernier, profitant d&rsquo;une sortie organis\u00e9e dans la nature, a \u00e9t\u00e9 retrouv\u00e9 ce vendredi sur un point de deal \u00e0 Grenoble.<\/p>\n<p>Cet homme de 27 ans et originaire d&rsquo;Echirolles a d&rsquo;abord tent\u00e9 d&rsquo;\u00e9chapper aux policiers en fon\u00e7ant dans le hall d&rsquo;un immeuble du cours de la Lib\u00e9ration, avant d&rsquo;\u00eatre rattrap\u00e9 par la Bac.<\/p>\n<p>Il a \u00e9t\u00e9 plac\u00e9 en garde \u00e0 vue.<\/p>\n","protected":false},"excerpt":{"rendered":"Sa cavale aura dur\u00e9 moins d&rsquo;un mois. Plut\u00f4t que de faire profil bas, l&rsquo;individu qui s&rsquo;\u00e9tait \u00e9chapp\u00e9 de&hellip;\n","protected":false},"author":2,"featured_media":230636,"comment_status":"","ping_status":"","sticky":false,"template":"","format":"standard","meta":{"footnotes":""},"categories":[9566],"tags":[1111,11,2813,2430,1109,251,1112,2811,1777,674,118,1011,27,21780,2731,14004,1922,1110,1114,108,12,316,25,2812,517,800],"class_list":{"0":"post-231818","1":"post","2":"type-post","3":"status-publish","4":"format-standard","5":"has-post-thumbnail","7":"category-grenoble","8":"tag-actu","9":"tag-actualites","10":"tag-article","11":"tag-auvergne-rhone-alpes","12":"tag-breves","13":"tag-culture","14":"tag-depeches","15":"tag-economique","16":"tag-eu","17":"tag-europe","18":"tag-faits-divers","19":"tag-fr","20":"tag-france","21":"tag-gf38","22":"tag-grenoble","23":"tag-grenoblemag","24":"tag-info","25":"tag-informations","26":"tag-infos","27":"tag-isere","28":"tag-news","29":"tag-politique","30":"tag-republique-francaise","31":"tag-sociale","32":"tag-sport","33":"tag-transports"},"share_on_mastodon":{"url":"https:\/\/pubeurope.com\/@fr\/114809937753958289","error":""},"_links":{"self":[{"href":"https:\/\/www.europesays.com\/fr\/wp-json\/wp\/v2\/posts\/231818","targetHints":{"allow":["GET"]}}],"collection":[{"href":"https:\/\/www.europesays.com\/fr\/wp-json\/wp\/v2\/posts"}],"about":[{"href":"https:\/\/www.europesays.com\/fr\/wp-json\/wp\/v2\/types\/post"}],"author":[{"embeddable":true,"href":"https:\/\/www.europesays.com\/fr\/wp-json\/wp\/v2\/users\/2"}],"replies":[{"embeddable":true,"href":"https:\/\/www.europesays.com\/fr\/wp-json\/wp\/v2\/comments?post=231818"}],"version-history":[{"count":0,"href":"https:\/\/www.europesays.com\/fr\/wp-json\/wp\/v2\/posts\/231818\/revisions"}],"wp:featuredmedia":[{"embeddable":true,"href":"https:\/\/www.europesays.com\/fr\/wp-json\/wp\/v2\/media\/230636"}],"wp:attachment":[{"href":"https:\/\/www.europesays.com\/fr\/wp-json\/wp\/v2\/media?parent=231818"}],"wp:term":[{"taxonomy":"category","embeddable":true,"href":"https:\/\/www.europesays.com\/fr\/wp-json\/wp\/v2\/categories?post=231818"},{"taxonomy":"post_tag","embeddable":true,"href":"https:\/\/www.europesays.com\/fr\/wp-json\/wp\/v2\/tags?post=231818"}],"curies":[{"name":"wp","href":"https:\/\/api.w.org\/{rel}","templated":true}]}}