{"id":231823,"date":"2025-07-07T04:03:04","date_gmt":"2025-07-07T04:03:04","guid":{"rendered":"https:\/\/www.europesays.com\/fr\/231823\/"},"modified":"2025-07-07T04:03:04","modified_gmt":"2025-07-07T04:03:04","slug":"il-faisait-12c-quand-nous-sommes-arrives-en-pleine-alerte-canicule-a-la-recherche-de-la-commune-la-plus-fraiche-des-alpes-maritimes","status":"publish","type":"post","link":"https:\/\/www.europesays.com\/fr\/231823\/","title":{"rendered":"\u00ab\u00a0Il faisait 12\u00b0C quand nous sommes arriv\u00e9s!\u00a0\u00bb: en pleine alerte canicule, \u00e0 la recherche de la commune la plus fra\u00eeche des Alpes-Maritimes"},"content":{"rendered":"<p>Commen\u00e7ons par enfoncer des portes ouvertes: <strong>oui, il fait plus chaud sur le littoral qu\u2019en altitude<\/strong>. Pas besoin de contacter un m\u00e9t\u00e9orologue pour se le faire confirmer. <\/p>\n<p>Cependant, <strong>o\u00f9 fallait-il se cacher cette semaine dans le 06<\/strong> pour trouver le plus de fra\u00eecheur? Telle \u00e9tait la question qui a taraud\u00e9 certains Azur\u00e9ens, <strong>apr\u00e8s une quinzaine de jours pass\u00e9s en vigilance canicule<\/strong> (jaune puis orange).<\/p>\n<p>Tandis que le thermom\u00e8tre s\u2019affolait dans nos d\u00e9partements et encore davantage au-del\u00e0 de nos \u00ab\u00a0fronti\u00e8res\u00a0\u00bb, <strong>M\u00e9t\u00e9o-France nous a aiguill\u00e9s pour \u00e9viter la fournaise<\/strong>. <\/p>\n<p>R\u00e9sultat: <strong>Isola \u00e9tait la commune la plus fra\u00eeche des Alpes-Maritimes durant la p\u00e9riode du 30 juin au 4 juillet<\/strong>, avec des temp\u00e9ratures minimales relev\u00e9es \u00e0 9\u00b0C en d\u00e9but de semaine (12\u00b0C \u00e0 Saint-\u00c9tienne-de-Tin\u00e9e, 13\u00b0C \u00e0 Auron, honorables premi\u00e8re et deuxi\u00e8me dauphines).<\/p>\n<p>              <img ci-src=\"https:\/\/www.nicematin.com\/vie-locale\/maxmatinarchtwo135004-79SOq2En.jpg?vh=5e3f50&amp;ci_seal=895b011404\" alt=\"\"\/><br \/>\n        Un groupe de randonneurs profitant de la fra\u00eecheur du col de la Lombarde \u00e0 Isola 2000, le vendredi 3 juillet 2025. <strong>Photo Dylan Meiffret.<\/strong> <\/p>\n<p>                                <b>Un moment de r\u00e9pit<\/b><\/p>\n<p>Sur la route, la litanie des pharmacies affichant les temp\u00e9ratures ext\u00e9rieures est \u00e9difiante: <strong>35\u00b0C \u00e0 la sortie de Nice<\/strong>, 31\u00b0C \u00e0 mi-parcours, 25\u00b0C \u00e0 Isola en plein soleil.\u00a0Dix degr\u00e9s d\u2019\u00e9cart, <a href=\"https:\/\/www.youtube.com\/watch?v=DrvicyKKizU\" target=\"_blank\" rel=\"noopener\">\u00ab\u00a0\u00e7a vous gagne\u00a0\u00bb<\/a>. <\/p>\n<p>D\u2019autant que les <strong>r\u00e9guliers orages de fins d\u2019apr\u00e8s-midi<\/strong> font souvent chuter la temp\u00e9rature d\u2019un coup, avant de la laisser remonter tout doucement le lendemain matin.<\/p>\n<p>M\u00eame si, en journ\u00e9e, on a donc atteint <strong>des maximales de 25\u00b0C dans le village de montagne<\/strong> connu pour sa station de ski plac\u00e9e quelques kilom\u00e8tres plus haut, <a href=\"https:\/\/www.nicematin.com\/climat\/les-seuils-de-la-canicule-de-2003-depasses-deja-22-nuits-tropicales-plusieurs-records-de-chaleur-battus-on-fait-le-point-sur-la-canicule-dans-les-alpes-maritimes-992803\" target=\"_blank\" rel=\"noopener\">compar\u00e9es aux nuits tropicales du bord de mer<\/a> (<strong>avec un record de 27,8\u00b0C \u00e0 Menton dans la nuit du 30 juin au 1er juillet<\/strong>), les minimales ont offert <a href=\"https:\/\/www.nicematin.com\/sante\/mais-pourquoi-est-on-plus-agressif-quand-il-fait-chaud-992652\" target=\"_blank\" rel=\"noopener\">un moment de r\u00e9pit<\/a> \u00e0 quelques randonneurs et vacanciers locaux, en qu\u00eate d\u2019air et de paix.<\/p>\n<p>Un constat partag\u00e9 par Laurence et Olivier, un couple de sexag\u00e9naires du Cannet, venu s\u2019exiler quelques jours.\u00a0\u00ab\u00a0On a la clim et une piscine \u00e0 la maison, mais c\u2019\u00e9tait trop\u2026 et ce n\u2019est m\u00eame plus la peine d\u2019aller \u00e0 la plage avec ces temp\u00e9ratures folles\u00a0\u00bb, confient-ils, attabl\u00e9s \u00e0 la seule terrasse ouverte, <strong>apr\u00e8s une randonn\u00e9e sous un cl\u00e9ment 23\u00b0C. <\/strong><\/p>\n<blockquote>\n<p>\u00ab\u00a0Ici, il faisait 12\u00b0C \u00e0 20h lundi soir quand nous sommes arriv\u00e9s!\u00a0\u00bb<\/p>\n<\/blockquote>\n<p>              <img ci-src=\"https:\/\/www.nicematin.com\/vie-locale\/maxmatinarchtwo135011-8NO2jXx4.jpg?vh=ed82a0&amp;ci_seal=6a7c09b844\" alt=\"\"\/><br \/>\n        Un jeune homme crois\u00e9 \u00e0 Isola en train de se rafra\u00eechir \u00e0 la fontaine du village. <strong>Photo Dylan Meiffret.<\/strong> <\/p>\n<p>                                <b>Les sweats pour les plus frileux<\/b><\/p>\n<p>Alors que <strong>14 d\u00e9partements de l\u2019aire m\u00e9diterran\u00e9enne<\/strong> (dont les Alpes-Maritimes et le Var) et la vall\u00e9e du Rh\u00f4ne suffoquaient encore sous la canicule vendredi 4 juillet au soir, avec des pointes \u00e0 36\u00b0C au-dessus de Cannes et <a href=\"https:\/\/www.nicematin.com\/climat\/canicule-nous-glissons-vers-un-climat-qui-se-tropicalise-comme-a-dubai-ou-miami--992814\" target=\"_blank\" rel=\"noopener\">de solides 32\u00b0C bien humides sur la c\u00f4te<\/a>, beaucoup ont d\u00fb se contenter de la climatisation des bureaux. <\/p>\n<p>Pour rappel, en France, <strong>un quart des foyers seulement est \u00e9quip\u00e9 en clim<\/strong>, un chiffre qui grimpe \u00e0 pr\u00e8s d\u2019un sur deux dans les Alpes-Maritimes.\u00a0<\/p>\n<p>Le climatiseur naturel tient donc ici en une \u00e9quation simple: <strong>altitude = fra\u00eecheur<\/strong>. Et ce n\u2019est pas ce jeune homme crois\u00e9 torse nu \u00e0 la fontaine du village d\u2019eau potable d\u2019Isola qui dira le contraire. <\/p>\n<p>Venu d\u00e9poser des CV pour d\u00e9crocher un job d\u2019\u00e9t\u00e9, il profite d\u2019un rafra\u00eechissement bienvenu\u2026 et finit par poser pour Nice-Matin. <\/p>\n<p>Mais il est bien le seul \u00e0 laisser l\u2019air temp\u00e9r\u00e9 de ce d\u00e9but d\u2019apr\u00e8s-midi toucher sa peau. Partout ailleurs,<strong> t-shirts et pantalons sont de rigueur<\/strong>, voire les sweats pour les plus frileux. M\u00eame les chiens semblent h\u00e9siter \u00e0 sortir la langue.<\/p>\n<p>Originaires de Cagnes-sur-Mer, ces cinq randonneurs qui redescendent du col de la Lombarde, <strong>crois\u00e9s \u00e0 Isola 2000<\/strong>, confirment: \u00ab\u00a012\u00b0C ce jeudi matin au sommet, 24\u00b0C \u00e0 la station au retour, on avait gard\u00e9 les pulls jusqu&rsquo;ici\u00a0\u00bb. <\/p>\n<p>Les commerces sont encore ferm\u00e9s, <strong>la station est quasiment d\u00e9serte<\/strong> et ouvre ce samedi matin pour la saison estivale, mais quelques grappes de marcheurs savourent la tr\u00eave, loin de la fournaise urbaine.<\/p>\n<p>              <img ci-src=\"https:\/\/www.nicematin.com\/vie-locale\/maxmatinarchtwo135008-9xsUporF.jpg?vh=5924cc&amp;ci_seal=70ff3c0eac\" alt=\"\"\/><br \/>\n        Un motard s&rsquo;est arr\u00eat\u00e9 pour boire devant une des cascades qui jalonnent la route qui monte \u00e0 la station de ski d&rsquo;Isola 2000. <strong>Photo Dylan Meiffret.<\/strong> <\/p>\n<p>                                <b>Une nouvelle vague de chaleur en approche<\/b><\/p>\n<p>Depuis les monts paisibles, on se rappelle que <strong>le record absolu de chaleur \u00e0 Nice date du 1er ao\u00fbt 2006 avec 37,7\u00b0C<\/strong>, et que Menton a d\u00e9j\u00e0 connu une nuit \u00e0 30,4\u00b0C en 2023, fr\u00f4lant le record national.<\/p>\n<p>Autre raison de rester perch\u00e9, <a href=\"https:\/\/www.nicematin.com\/climat\/une-nouvelle-vague-de-chaleur-arrive-tres-bientot-en-france-alors-que-la-canicule-actuelle-n-est-meme-pas-terminee-992999\" target=\"_blank\" rel=\"noopener\">une seconde vague de chaleur pourrait frapper la France d\u00e8s le 10 juillet<\/a>, <strong>avec des temp\u00e9ratures d\u00e9passant les 35\u00b0C<\/strong> sur la majeure partie du pays. <\/p>\n<p><strong>Ce week-end, jusqu\u2019\u00e0 34\u00b0C sont attendus dans les Alpes-Maritimes<\/strong>, r\u00e9trograd\u00e9s pour le moment, d\u00e8s 6h ce samedi, en vigilance jaune. <\/p>\n<p>Juin 2025 s\u2019impose d\u00e9j\u00e0 comme <strong>le deuxi\u00e8me mois de juin le plus chaud depuis 1900<\/strong>, confirmant la hausse des \u00e9pisodes extr\u00eames.<\/p>\n","protected":false},"excerpt":{"rendered":"Commen\u00e7ons par enfoncer des portes ouvertes: oui, il fait plus chaud sur le littoral qu\u2019en altitude. Pas besoin&hellip;\n","protected":false},"author":2,"featured_media":231824,"comment_status":"","ping_status":"","sticky":false,"template":"","format":"standard","meta":{"footnotes":""},"categories":[2819],"tags":[1111,11,436,1777,674,1011,27,1393,12,2401,882,25,3366],"class_list":{"0":"post-231823","1":"post","2":"type-post","3":"status-publish","4":"format-standard","5":"has-post-thumbnail","7":"category-nice","8":"tag-actu","9":"tag-actualites","10":"tag-environnement","11":"tag-eu","12":"tag-europe","13":"tag-fr","14":"tag-france","15":"tag-loisirs","16":"tag-news","17":"tag-nice","18":"tag-provence-alpes-cote-dazur","19":"tag-republique-francaise","20":"tag-vie-locale"},"share_on_mastodon":{"url":"https:\/\/pubeurope.com\/@fr\/114809969357966088","error":""},"_links":{"self":[{"href":"https:\/\/www.europesays.com\/fr\/wp-json\/wp\/v2\/posts\/231823","targetHints":{"allow":["GET"]}}],"collection":[{"href":"https:\/\/www.europesays.com\/fr\/wp-json\/wp\/v2\/posts"}],"about":[{"href":"https:\/\/www.europesays.com\/fr\/wp-json\/wp\/v2\/types\/post"}],"author":[{"embeddable":true,"href":"https:\/\/www.europesays.com\/fr\/wp-json\/wp\/v2\/users\/2"}],"replies":[{"embeddable":true,"href":"https:\/\/www.europesays.com\/fr\/wp-json\/wp\/v2\/comments?post=231823"}],"version-history":[{"count":0,"href":"https:\/\/www.europesays.com\/fr\/wp-json\/wp\/v2\/posts\/231823\/revisions"}],"wp:featuredmedia":[{"embeddable":true,"href":"https:\/\/www.europesays.com\/fr\/wp-json\/wp\/v2\/media\/231824"}],"wp:attachment":[{"href":"https:\/\/www.europesays.com\/fr\/wp-json\/wp\/v2\/media?parent=231823"}],"wp:term":[{"taxonomy":"category","embeddable":true,"href":"https:\/\/www.europesays.com\/fr\/wp-json\/wp\/v2\/categories?post=231823"},{"taxonomy":"post_tag","embeddable":true,"href":"https:\/\/www.europesays.com\/fr\/wp-json\/wp\/v2\/tags?post=231823"}],"curies":[{"name":"wp","href":"https:\/\/api.w.org\/{rel}","templated":true}]}}