{"id":231825,"date":"2025-07-07T04:04:16","date_gmt":"2025-07-07T04:04:16","guid":{"rendered":"https:\/\/www.europesays.com\/fr\/231825\/"},"modified":"2025-07-07T04:04:16","modified_gmt":"2025-07-07T04:04:16","slug":"andre-gaillard-etait-un-ancien-deporte-de-dachau","status":"publish","type":"post","link":"https:\/\/www.europesays.com\/fr\/231825\/","title":{"rendered":"Andr\u00e9 Gaillard \u00e9tait un ancien d\u00e9port\u00e9 de Dachau"},"content":{"rendered":"<p>\u00ab\u00a0La voix est ferme et claire\u00a0\u00bb, \u00e9crivait-on, <a href=\"https:\/\/nantes.maville.com\/actu\/actudet_-nantes.-deporte-a-dachau-il-se-souvient-de-ses-amis-restes-la-bas-_8-5192096_actu.Htm\" target=\"_self\" rel=\"nofollow noopener\">en avril\u00a02022, dans Ouest-France, \u00e0 l\u2019occasion de la Journ\u00e9e nationale de souvenir des victimes et des h\u00e9ros de la d\u00e9portatio<\/a>n. \u00c0 99\u00a0ans, le regard vif, Andr\u00e9 Gaillard, modeste et pudique, nous confiait \u00eatre l\u00e0, aux c\u00f4t\u00e9s de son \u00e9pouse, <strong>\u00ab\u00a0pour [ses] amis rest\u00e9s l\u00e0-bas\u00a0\u00bb.<\/strong><\/p>\n<p>L\u2019ancien m\u00e9decin, professeur de stomatologie et chirurgie maxillo-faciale au CHU de Nantes, ne fera plus entendre sa voix pour t\u00e9moigner de sa d\u00e9portation \u00e0 Dachau, en Allemagne. Dans le convoi du 2\u00a0juillet 1944, appel\u00e9 le Train de la mort, dans lequel sont d\u00e9c\u00e9d\u00e9s 519\u00a0des 2\u00a0152\u00a0hommes entass\u00e9s dans les wagons \u00e0 bestiaux.<\/p>\n<p>Andr\u00e9 Gaillard s\u2019est \u00e9teint \u00e0 l\u2019\u00e2ge de 102\u00a0ans, lundi 30\u00a0juin 2025, \u00e0 Nantes. Suivant le souhait de cet homme, p\u00e8re, grand-p\u00e8re et arri\u00e8re-grand-p\u00e8re, une c\u00e9r\u00e9monie d\u2019adieu aura lieu dans l\u2019intimit\u00e9 familiale.<\/p>\n<p>\u00ab\u00a0La d\u00e9shumanisation totale\u00a0\u00bb<\/p>\n<p>La vie de jeune adulte a pris un tournant, \u00e0 la fin de l\u2019ann\u00e9e 1943. L\u2019\u00e9tudiant originaire du Poitou, ancien pensionnaire dans un lyc\u00e9en nantais, a pass\u00e9 une ann\u00e9e \u00e0 \u00e9tudier la th\u00e9ologie au s\u00e9minaire de Saint-Sulpice, \u00e0 Issy-les-Moulineaux (Hauts-de-Seine). 21\u00a0ans, c\u2019est l\u2019\u00e2ge o\u00f9 comme tant d\u2019autres, il re\u00e7oit l\u2019ordre de partir <strong>\u00ab\u00a0en vertu du Service de travail obligatoire (STO), en Allemagne\u00a0\u00bb.<\/strong><\/p>\n<p>Andr\u00e9 Gaillard s\u2019y refuse. Un acte de r\u00e9sistance face \u00e0 une d\u00e9cision du gouvernement p\u00e9tainiste et des Allemands qui imposaient la loi. Il devient clandestin et part se r\u00e9fugier dans un coll\u00e8ge religieux de Seine-et-Marne, \u00e0 Avon, o\u00f9 l\u2019oriente un professeur. Le directeur l\u2019accueille comme surveillant \u00e0 la rentr\u00e9e de janvier\u00a01944, en toute conscience, de la m\u00eame fa\u00e7on qu\u2019il a ouvert la porte \u00e0 trois enfants juifs.<\/p>\n<p>Quelques jours plus tard, le matin du 15, de bonne heure, la Gestapo cerne l\u2019\u00e9tablissement scolaire. C\u2019est de cette histoire que s\u2019est inspir\u00e9 le cin\u00e9aste fran\u00e7ais, Louis Malle, dans le film Au revoir les enfants, en 1987.<\/p>\n<p>Andr\u00e9 Gaillard est arr\u00eat\u00e9 pour des raisons politiques, avec le directeur du coll\u00e8ge, les trois enfants juifs d\u00e9nonc\u00e9s par des Fran\u00e7ais, et plusieurs personnes qui leur avaient fourni des faux papiers. Apr\u00e8s six mois d\u2019emprisonnement \u00e0 Fontainebleau, direction le camp de concentration nazi de Dachau. <strong>\u00ab\u00a0La d\u00e9shumanisation totale.\u00a0\u00bb <\/strong>Il fera partie des premiers lib\u00e9r\u00e9s, le 1er\u00a0avril 1945.<\/p>\n<p>Dans le film Les derniers t\u00e9moins<\/p>\n<p>Son exp\u00e9rience douloureuse, Andr\u00e9 Gaillard <a href=\"https:\/\/nantes.maville.com\/actu\/actudet_-andre-gaillard-deporte-temoigne-devant-des-collegiens_8-2708830_actu.Htm\" target=\"_self\" rel=\"nofollow noopener\">l\u2019a racont\u00e9e devant des publics d\u2019\u00e9l\u00e8ves<\/a>, par le biais de l\u2019association Les Relais de la m\u00e9moire, dont il \u00e9tait membre. <a href=\"https:\/\/www.ouest-france.fr\/pays-de-la-loire\/pour-que-la-voix-des-deportes-ne-seteigne-3158787\" target=\"_self\" rel=\"nofollow noopener\">Cette tranche de vie grav\u00e9e dans sa m\u00e9moire est \u00e9galement relat\u00e9e dans un documentaire<\/a> \u00e9crit et r\u00e9alis\u00e9 par \u00c9tienne Gasche et Jean-Fran\u00e7ois Lain\u00e9, Les derniers t\u00e9moins.<\/p>\n<p>\u00c0 Nantes, o\u00f9 il s\u2019est install\u00e9 en 1957, le praticien hospitalier, auteur d\u2019une centaine d\u2019articles m\u00e9dicaux, n\u2019a jamais totalement oubli\u00e9 son int\u00e9r\u00eat pour la th\u00e9ologie. De ses r\u00e9flexions et de ses \u00e9tudes, l\u2019homme ayant re\u00e7u une \u00e9ducation catholique pr\u00e9gnante en a tir\u00e9 plusieurs ouvrages critiques \u00e0 l\u2019\u00e9gard de la doctrine chr\u00e9tienne.<\/p>\n<p>\u00a0<\/p>\n","protected":false},"excerpt":{"rendered":"\u00ab\u00a0La voix est ferme et claire\u00a0\u00bb, \u00e9crivait-on, en avril\u00a02022, dans Ouest-France, \u00e0 l\u2019occasion de la Journ\u00e9e nationale de&hellip;\n","protected":false},"author":2,"featured_media":231826,"comment_status":"","ping_status":"","sticky":false,"template":"","format":"standard","meta":{"footnotes":""},"categories":[2818],"tags":[1111,11,4255,15496,37075,37074,1777,674,1011,27,37073,2047,766,12,2636,25],"class_list":{"0":"post-231825","1":"post","2":"type-post","3":"status-publish","4":"format-standard","5":"has-post-thumbnail","7":"category-nantes","8":"tag-actu","9":"tag-actualites","10":"tag-ancien","11":"tag-andre","12":"tag-dachau","13":"tag-deporte","14":"tag-eu","15":"tag-europe","16":"tag-fr","17":"tag-france","18":"tag-gaillard","19":"tag-mans","20":"tag-nantes","21":"tag-news","22":"tag-pays-de-la-loire","23":"tag-republique-francaise"},"share_on_mastodon":{"url":"https:\/\/pubeurope.com\/@fr\/114809973154287793","error":""},"_links":{"self":[{"href":"https:\/\/www.europesays.com\/fr\/wp-json\/wp\/v2\/posts\/231825","targetHints":{"allow":["GET"]}}],"collection":[{"href":"https:\/\/www.europesays.com\/fr\/wp-json\/wp\/v2\/posts"}],"about":[{"href":"https:\/\/www.europesays.com\/fr\/wp-json\/wp\/v2\/types\/post"}],"author":[{"embeddable":true,"href":"https:\/\/www.europesays.com\/fr\/wp-json\/wp\/v2\/users\/2"}],"replies":[{"embeddable":true,"href":"https:\/\/www.europesays.com\/fr\/wp-json\/wp\/v2\/comments?post=231825"}],"version-history":[{"count":0,"href":"https:\/\/www.europesays.com\/fr\/wp-json\/wp\/v2\/posts\/231825\/revisions"}],"wp:featuredmedia":[{"embeddable":true,"href":"https:\/\/www.europesays.com\/fr\/wp-json\/wp\/v2\/media\/231826"}],"wp:attachment":[{"href":"https:\/\/www.europesays.com\/fr\/wp-json\/wp\/v2\/media?parent=231825"}],"wp:term":[{"taxonomy":"category","embeddable":true,"href":"https:\/\/www.europesays.com\/fr\/wp-json\/wp\/v2\/categories?post=231825"},{"taxonomy":"post_tag","embeddable":true,"href":"https:\/\/www.europesays.com\/fr\/wp-json\/wp\/v2\/tags?post=231825"}],"curies":[{"name":"wp","href":"https:\/\/api.w.org\/{rel}","templated":true}]}}