{"id":231831,"date":"2025-07-07T04:09:18","date_gmt":"2025-07-07T04:09:18","guid":{"rendered":"https:\/\/www.europesays.com\/fr\/231831\/"},"modified":"2025-07-07T04:09:18","modified_gmt":"2025-07-07T04:09:18","slug":"departs-en-vacances-voici-les-horaires-a-eviter-pour-fuir-les-bouchons-sur-les-autoroutes-autour-de-toulouse","status":"publish","type":"post","link":"https:\/\/www.europesays.com\/fr\/231831\/","title":{"rendered":"D\u00e9parts en vacances. Voici les horaires \u00e0 \u00e9viter pour fuir les bouchons sur les autoroutes autour de Toulouse"},"content":{"rendered":"<p>            Par<br \/>\n        <strong><br \/>\n            <a href=\"https:\/\/actu.fr\/auteur\/mareva-laville-actu-fr\" title=\"Consulter tous les articles de Mar\u00e9va Laville\" target=\"_blank\" rel=\"noopener\">Mar\u00e9va Laville<\/a><br \/>\n        <\/strong><\/p>\n<p>        Publi\u00e9 le<\/p>\n<p>            4 juil. 2025 \u00e0 12h04        <\/p>\n<p>L\u2019heure des vacances a sonn\u00e9 pour une bonne partie des habitants de la Ville rose. Ce vendredi 4\u00a0juillet marque le d\u00e9but d\u2019un week-end de d\u00e9parts, o\u00f9 les routes autour de <a href=\"http:\/\/www.actu.fr\/toulouse\" target=\"_blank\" rel=\"noopener\">Toulouse<\/a> risquent d\u2019\u00eatre charg\u00e9es, ont pr\u00e9venu Bison Fut\u00e9 et Vinci Autoroutes. Deux autoroutes, en particulier, sont vis\u00e9es\u2009: l\u2019<strong>A61<\/strong>, <a href=\"https:\/\/actu.fr\/tag\/autoroute-61-a61\" target=\"_blank\" rel=\"noopener\">qui m\u00e8ne \u00e0 la M\u00e9diterran\u00e9e<\/a>, et<strong> l<a href=\"https:\/\/actu.fr\/tag\/autoroute-62-a62\" target=\"_blank\" rel=\"noopener\">\u2019A62<\/a><\/strong><a href=\"https:\/\/actu.fr\/tag\/autoroute-62-a62\" target=\"_blank\" rel=\"noopener\">,<\/a> vers Bordeaux, les Landes et le bassin d\u2019Arcachon.<\/p>\n<p class=\" wall-content\">Bison Fut\u00e9 et Vinci Autoroutes pointent du doigt des horaires plus rouges que d\u2019autres. Voici ceux qu\u2019il faut \u00e9viter pour fuir les bouchons\u2009:<\/p>\n<p>Les horaires \u00e0 \u00e9viter sur l\u2019A61<\/p>\n<ul class=\" wall-content\">\n<li>Vendredi 4\u00a0juillet d\u00e8s le milieu d\u2019apr\u00e8s-midi. Bison Fut\u00e9 conseille d\u2019\u00e9viter l\u2019A61 dans le sens des d\u00e9parts, entre Toulouse et Narbonne donc, <strong>entre 16h et 19h<\/strong>. Tranche horaire o\u00f9 la circulation sera dense.<\/li>\n<li>Samedi 5\u00a0juillet, entre 9h et 15h et surtout <strong>entre 13h et 15h<\/strong> o\u00f9<strong> le trafic sera satur\u00e9<\/strong> selon les pr\u00e9visions de Bison Fut\u00e9.<\/li>\n<li>Dimanche 6\u00a0juillet, en milieu et fin de journ\u00e9e. Vinci Autoroutes s\u2019attend \u00e0 des bouchons en direction de Toulouse, dans le sens du retour donc, en fin de journ\u00e9e, notamment <strong>entre 16 et 19h.<\/strong><\/li>\n<\/ul>\n<p>La tranche horaire \u00e0 \u00e9carter sur l\u2019A62<\/p>\n<ul class=\" wall-content\">\n<li>Vendredi 4\u00a0juillet dans le sens Bordeaux-Toulouse,<strong> entre 17h et 19h.<\/strong><\/li>\n<\/ul>\n<p class=\" wall-content\">Aucune autre recommandation pour l\u2019A62 n\u2019a \u00e9t\u00e9 mentionn\u00e9e. Toutefois, au regard des pr\u00e9visions de la circulation pour l\u2019autoroute menant \u00e0 la M\u00e9diterran\u00e9e, il convient d\u2019\u00eatre prudent, particuli\u00e8rement pour la journ\u00e9e de dimanche 6\u00a0juillet, en direction de Toulouse.<\/p>\n<p class=\" wall-content\">\n<p>Vid\u00e9os : en ce moment sur Actu<\/p>\n<p class=\" wall-content\">Suivez toute l\u2019actualit\u00e9 de vos villes et m\u00e9dias favoris en vous inscrivant \u00e0 <a href=\"https:\/\/moncompte.actu.fr\" title=\"D\u00e9couvez Mon Actu\" rel=\"nofollow noopener\" data-trk=\"{&quot;cta&quot;:{&quot;action&quot;:&quot;https:\\\/\\\/moncompte.actu.fr&quot;,&quot;category&quot;:&quot;mon compte&quot;,&quot;from&quot;:&quot;article footer&quot;,&quot;name&quot;:&quot;Mon actu&quot;,&quot;type&quot;:&quot;cta&quot;}}\" target=\"_blank\">Mon Actu<\/a>.<\/p>\n<ul class=\"ac-article-tag wall-content\">\n<li><a href=\"https:\/\/actu.fr\/tag\/autoroute-61-a61\" data-trk=\"{&quot;cta&quot;:{&quot;action&quot;:&quot;Autoroute 61 (A61)&quot;,&quot;category&quot;:&quot;tag&quot;,&quot;from&quot;:&quot;article footer&quot;,&quot;name&quot;:&quot;Autoroute 61 (A61)&quot;,&quot;type&quot;:&quot;cta&quot;}}\" target=\"_blank\" rel=\"noopener\">#Autoroute 61 (A61)<\/a><\/li>\n<li><a href=\"https:\/\/actu.fr\/tag\/autoroute-62-a62\" data-trk=\"{&quot;cta&quot;:{&quot;action&quot;:&quot;Autoroute 62 (A62)&quot;,&quot;category&quot;:&quot;tag&quot;,&quot;from&quot;:&quot;article footer&quot;,&quot;name&quot;:&quot;Autoroute 62 (A62)&quot;,&quot;type&quot;:&quot;cta&quot;}}\" target=\"_blank\" rel=\"noopener\">#Autoroute 62 (A62)<\/a><\/li>\n<\/ul>\n","protected":false},"excerpt":{"rendered":"Par Mar\u00e9va Laville Publi\u00e9 le 4 juil. 2025 \u00e0 12h04 L\u2019heure des vacances a sonn\u00e9 pour une bonne&hellip;\n","protected":false},"author":2,"featured_media":152153,"comment_status":"","ping_status":"","sticky":false,"template":"","format":"standard","meta":{"footnotes":""},"categories":[2816],"tags":[1111,11,10437,6343,1777,674,1011,27,12,2680,25,104,2312],"class_list":{"0":"post-231831","1":"post","2":"type-post","3":"status-publish","4":"format-standard","5":"has-post-thumbnail","7":"category-toulouse","8":"tag-actu","9":"tag-actualites","10":"tag-autoroute-61-a61","11":"tag-autoroute-62-a62","12":"tag-eu","13":"tag-europe","14":"tag-fr","15":"tag-france","16":"tag-news","17":"tag-occitanie","18":"tag-republique-francaise","19":"tag-societe","20":"tag-toulouse"},"share_on_mastodon":{"url":"https:\/\/pubeurope.com\/@fr\/114809992908067089","error":""},"_links":{"self":[{"href":"https:\/\/www.europesays.com\/fr\/wp-json\/wp\/v2\/posts\/231831","targetHints":{"allow":["GET"]}}],"collection":[{"href":"https:\/\/www.europesays.com\/fr\/wp-json\/wp\/v2\/posts"}],"about":[{"href":"https:\/\/www.europesays.com\/fr\/wp-json\/wp\/v2\/types\/post"}],"author":[{"embeddable":true,"href":"https:\/\/www.europesays.com\/fr\/wp-json\/wp\/v2\/users\/2"}],"replies":[{"embeddable":true,"href":"https:\/\/www.europesays.com\/fr\/wp-json\/wp\/v2\/comments?post=231831"}],"version-history":[{"count":0,"href":"https:\/\/www.europesays.com\/fr\/wp-json\/wp\/v2\/posts\/231831\/revisions"}],"wp:featuredmedia":[{"embeddable":true,"href":"https:\/\/www.europesays.com\/fr\/wp-json\/wp\/v2\/media\/152153"}],"wp:attachment":[{"href":"https:\/\/www.europesays.com\/fr\/wp-json\/wp\/v2\/media?parent=231831"}],"wp:term":[{"taxonomy":"category","embeddable":true,"href":"https:\/\/www.europesays.com\/fr\/wp-json\/wp\/v2\/categories?post=231831"},{"taxonomy":"post_tag","embeddable":true,"href":"https:\/\/www.europesays.com\/fr\/wp-json\/wp\/v2\/tags?post=231831"}],"curies":[{"name":"wp","href":"https:\/\/api.w.org\/{rel}","templated":true}]}}