{"id":231832,"date":"2025-07-07T04:10:14","date_gmt":"2025-07-07T04:10:14","guid":{"rendered":"https:\/\/www.europesays.com\/fr\/231832\/"},"modified":"2025-07-07T04:10:14","modified_gmt":"2025-07-07T04:10:14","slug":"les-previsions-meteo-france-de-ce-debut-de-semaine","status":"publish","type":"post","link":"https:\/\/www.europesays.com\/fr\/231832\/","title":{"rendered":"les pr\u00e9visions M\u00e9t\u00e9o France de ce d\u00e9but de semaine"},"content":{"rendered":"<p>            Par<br \/>\n        <strong><br \/>\n            <a href=\"https:\/\/actu.fr\/auteur\/gilles-rolland\" title=\"Consulter tous les articles de Gilles Rolland\" rel=\"nofollow noopener\" target=\"_blank\">Gilles Rolland<\/a><br \/>\n        <\/strong><\/p>\n<p>        Publi\u00e9 le<\/p>\n<p>            7 juil. 2025 \u00e0 5h04        <\/p>\n<p>L\u2019\u00e9t\u00e9 semble s\u2019\u00eatre mis en pause en ce d\u00e9but du mois de juillet, apr\u00e8s un <strong>\u00e9pisode caniculaire particuli\u00e8rement marqu\u00e9<\/strong>. Si la journ\u00e9e de dimanche n\u2019a pas permis au soleil d\u2019op\u00e9rer des perc\u00e9es significatives \u00e0 travers les nuages, <a href=\"https:\/\/meteofrance.com\/previsions-meteo-france\/toulouse\/31000\" rel=\"nofollow noopener\" target=\"_blank\">M\u00e9t\u00e9o France<\/a> annonce un d\u00e9but de semaine dans la m\u00eame veine \u00e0 <a href=\"https:\/\/actu.fr\/toulouse\/\" rel=\"nofollow noopener\" target=\"_blank\">Toulouse<\/a>.<\/p>\n<p>La ville sous les nuages<\/p>\n<p class=\" wall-content\">La ville rose se r\u00e9veillera encore sous une<strong> chappe de nuages<\/strong> selon les pr\u00e9visions de M\u00e9t\u00e9o France, m\u00eame s\u2019il n\u2019est pas exclu que le soleil se montre de temps en temps. Il en sera d\u2019ailleurs de m\u00eame l\u2019apr\u00e8s-midi et durant la soir\u00e9e, avant une <strong>nuit plus d\u00e9gag\u00e9e<\/strong>, de bon augure pour le lendemain.<\/p>\n<p>    <img   decoding=\"async\" loading=\"lazy\" src=\"https:\/\/www.europesays.com\/fr\/wp-content\/uploads\/2025\/07\/meteo-toulouse-lundi-7-juillet-25-960x640.png\" alt=\"La journ\u00e9e du lundi 7 juillet 2025 sera morose du c\u00f4t\u00e9 de Toulouse. \" width=\"960\" height=\"640\"\/><br \/>\n    La journ\u00e9e du lundi 7\u00a0juillet 2025 sera morose du c\u00f4t\u00e9 de Toulouse. (\u00a9Capture d\u2019\u00e9cran \/ M\u00e9t\u00e9o France)Un mercure toujours timide<\/p>\n<p class=\" wall-content\">Du c\u00f4t\u00e9 des temp\u00e9ratures, le mercure ne devrait pas exc\u00e9der les <strong>21 degr\u00e9s le matin<\/strong> et les <strong>22 degr\u00e9s l\u2019apr\u00e8s-midi<\/strong>, avec une impression de fra\u00eecheur renforc\u00e9e par un vent qui pourrait souffler <strong>jusqu\u2019\u00e0 50km\/h<\/strong>. Une pause qui pr\u00e9c\u00e9dera le retour du soleil et de la chaleur, en fin de semaine, avec de possibles orages pour le samedi 12\u00a0juillet. Mais ceci est une autre histoire\u2026<\/p>\n<p>Une partie de l\u2019Occitanie sous la pluie<\/p>\n<p class=\" wall-content\">La partie nord-ouest de la r\u00e9gion sera le th\u00e9\u00e2tre de <strong>pr\u00e9cipitations<\/strong> qui devraient s\u2019arr\u00eater dans la soir\u00e9e. Sont notamment concern\u00e9s le <strong>Tarn<\/strong>, l\u2019<strong>Aveyron<\/strong>, le <strong>Tarn-et-Garonne<\/strong> et le <strong>Lot<\/strong>. Les <strong>Hautes-Pyr\u00e9n\u00e9es<\/strong> auront aussi droit \u00e0 des averses, avec un soleil rare et des temp\u00e9ratures \u00e0 peine situ\u00e9es au-dessus des 20 degr\u00e9s. Du c\u00f4t\u00e9 de <strong>Tarbes<\/strong>, mais aussi dans une grande partie de l\u2019Occitanie, avec seulement <strong>13 degr\u00e9s<\/strong> \u00e0 Laguiole en <strong>Aveyron<\/strong>, o\u00f9 la pluie sera \u00e9galement au programme de la journ\u00e9e de lundi.<\/p>\n<p>Vid\u00e9os : en ce moment sur Actu<br \/>\n    <img   decoding=\"async\" loading=\"lazy\" src=\"https:\/\/www.europesays.com\/fr\/wp-content\/uploads\/2025\/07\/meteo-occitanie-lundi-7-juillet-25-carte-960x640.png\" alt=\"Le ciel sera nuageux et pluvieux sur une grande partie de l'Occitanie lundi 7 juillet 2025. \" width=\"960\" height=\"640\"\/><br \/>\n    Le ciel sera nuageux et pluvieux sur une grande partie de l\u2019Occitanie lundi 7\u00a0juillet 2025. (\u00a9Capture d\u2019\u00e9cran \/ M\u00e9t\u00e9o France)Des plages ensoleill\u00e9es<\/p>\n<p class=\" wall-content\">Finalement, seule la c\u00f4te sera \u00e9pargn\u00e9e. Il fera beau dans le <strong>Gard<\/strong>, dans <strong>l\u2019H\u00e9rault<\/strong> et dans la partie Est de l\u2019<strong>Aude<\/strong>, avec un mercure qui oscillera entre<strong> 25 et 27 degr\u00e9s<\/strong>. Comme \u00e0 Toulouse, le retour du soleil est pr\u00e9vu dans toute l\u2019Occitanie pour mardi 8\u00a0juillet 2025.<\/p>\n<p class=\" wall-content\">Suivez toute l\u2019actualit\u00e9 de vos villes et m\u00e9dias favoris en vous inscrivant \u00e0 <a href=\"https:\/\/moncompte.actu.fr\" title=\"D\u00e9couvez Mon Actu\" rel=\"nofollow noopener\" data-trk=\"{&quot;cta&quot;:{&quot;action&quot;:&quot;https:\\\/\\\/moncompte.actu.fr&quot;,&quot;category&quot;:&quot;mon compte&quot;,&quot;from&quot;:&quot;article footer&quot;,&quot;name&quot;:&quot;Mon actu&quot;,&quot;type&quot;:&quot;cta&quot;}}\" target=\"_blank\">Mon Actu<\/a>.<\/p>\n","protected":false},"excerpt":{"rendered":"Par Gilles Rolland Publi\u00e9 le 7 juil. 2025 \u00e0 5h04 L\u2019\u00e9t\u00e9 semble s\u2019\u00eatre mis en pause en ce&hellip;\n","protected":false},"author":2,"featured_media":231833,"comment_status":"","ping_status":"","sticky":false,"template":"","format":"standard","meta":{"footnotes":""},"categories":[2816],"tags":[1111,11,1777,674,1011,27,2487,2357,12,2680,25,2312],"class_list":{"0":"post-231832","1":"post","2":"type-post","3":"status-publish","4":"format-standard","5":"has-post-thumbnail","7":"category-toulouse","8":"tag-actu","9":"tag-actualites","10":"tag-eu","11":"tag-europe","12":"tag-fr","13":"tag-france","14":"tag-meteo","15":"tag-meteo-france","16":"tag-news","17":"tag-occitanie","18":"tag-republique-francaise","19":"tag-toulouse"},"share_on_mastodon":{"url":"https:\/\/pubeurope.com\/@fr\/114809996838973210","error":""},"_links":{"self":[{"href":"https:\/\/www.europesays.com\/fr\/wp-json\/wp\/v2\/posts\/231832","targetHints":{"allow":["GET"]}}],"collection":[{"href":"https:\/\/www.europesays.com\/fr\/wp-json\/wp\/v2\/posts"}],"about":[{"href":"https:\/\/www.europesays.com\/fr\/wp-json\/wp\/v2\/types\/post"}],"author":[{"embeddable":true,"href":"https:\/\/www.europesays.com\/fr\/wp-json\/wp\/v2\/users\/2"}],"replies":[{"embeddable":true,"href":"https:\/\/www.europesays.com\/fr\/wp-json\/wp\/v2\/comments?post=231832"}],"version-history":[{"count":0,"href":"https:\/\/www.europesays.com\/fr\/wp-json\/wp\/v2\/posts\/231832\/revisions"}],"wp:featuredmedia":[{"embeddable":true,"href":"https:\/\/www.europesays.com\/fr\/wp-json\/wp\/v2\/media\/231833"}],"wp:attachment":[{"href":"https:\/\/www.europesays.com\/fr\/wp-json\/wp\/v2\/media?parent=231832"}],"wp:term":[{"taxonomy":"category","embeddable":true,"href":"https:\/\/www.europesays.com\/fr\/wp-json\/wp\/v2\/categories?post=231832"},{"taxonomy":"post_tag","embeddable":true,"href":"https:\/\/www.europesays.com\/fr\/wp-json\/wp\/v2\/tags?post=231832"}],"curies":[{"name":"wp","href":"https:\/\/api.w.org\/{rel}","templated":true}]}}