{"id":231835,"date":"2025-07-07T04:13:25","date_gmt":"2025-07-07T04:13:25","guid":{"rendered":"https:\/\/www.europesays.com\/fr\/231835\/"},"modified":"2025-07-07T04:13:25","modified_gmt":"2025-07-07T04:13:25","slug":"une-station-non-desservie-sur-la-ligne-2-en-raison-dun-bagage-abandonne","status":"publish","type":"post","link":"https:\/\/www.europesays.com\/fr\/231835\/","title":{"rendered":"une station non desservie sur la ligne 2 en raison d&rsquo;un bagage abandonn\u00e9"},"content":{"rendered":"<p>Dans un communiqu\u00e9, <a href=\"https:\/\/www.rtm.fr\/infos-trafic\/6471102958079773970\" target=\"_blank\" rel=\"nofollow noopener\">la R\u00e9gie des transports m\u00e9tropolitians (RTM)<\/a> avertit que sur la ligne 2 du m\u00e9tro, une station est non desservie. Il s&rsquo;agit de G\u00e8ze. La raison : un bagage abandonn\u00e9 dans le secteur du garage Zoccola. En cons\u00e9quence, la ligne circule uniquement entre <strong>Bougainville<\/strong>\u00a0et\u00a0<strong>Sainte-Marguerite Dromel<\/strong>.<\/p>\n<p>La RTM signale, en outre, que<strong> <\/strong>\u00ab\u00a0la ligne sera r\u00e9tablie d\u00e8s que les conditions le permettront. Un service de Bus relais est \u00e0 votre disposition entre les stations G\u00e8ze et Bougainville.\u00a0\u00bb<\/p>\n","protected":false},"excerpt":{"rendered":"Dans un communiqu\u00e9, la R\u00e9gie des transports m\u00e9tropolitians (RTM) avertit que sur la ligne 2 du m\u00e9tro, une&hellip;\n","protected":false},"author":2,"featured_media":231836,"comment_status":"","ping_status":"","sticky":false,"template":"","format":"standard","meta":{"footnotes":""},"categories":[2814],"tags":[17,1111,11,37076,1777,674,1011,27,884,4047,12,2828,882,16,25,3758,3356,96],"class_list":{"0":"post-231835","1":"post","2":"type-post","3":"status-publish","4":"format-standard","5":"has-post-thumbnail","7":"category-marseille","8":"tag-17","9":"tag-actu","10":"tag-actualites","11":"tag-desservie","12":"tag-eu","13":"tag-europe","14":"tag-fr","15":"tag-france","16":"tag-marseille","17":"tag-metro","18":"tag-news","19":"tag-non","20":"tag-provence-alpes-cote-dazur","21":"tag-region","22":"tag-republique-francaise","23":"tag-station","24":"tag-sur","25":"tag-une"},"share_on_mastodon":{"url":"https:\/\/pubeurope.com\/@fr\/114810008518361777","error":""},"_links":{"self":[{"href":"https:\/\/www.europesays.com\/fr\/wp-json\/wp\/v2\/posts\/231835","targetHints":{"allow":["GET"]}}],"collection":[{"href":"https:\/\/www.europesays.com\/fr\/wp-json\/wp\/v2\/posts"}],"about":[{"href":"https:\/\/www.europesays.com\/fr\/wp-json\/wp\/v2\/types\/post"}],"author":[{"embeddable":true,"href":"https:\/\/www.europesays.com\/fr\/wp-json\/wp\/v2\/users\/2"}],"replies":[{"embeddable":true,"href":"https:\/\/www.europesays.com\/fr\/wp-json\/wp\/v2\/comments?post=231835"}],"version-history":[{"count":0,"href":"https:\/\/www.europesays.com\/fr\/wp-json\/wp\/v2\/posts\/231835\/revisions"}],"wp:featuredmedia":[{"embeddable":true,"href":"https:\/\/www.europesays.com\/fr\/wp-json\/wp\/v2\/media\/231836"}],"wp:attachment":[{"href":"https:\/\/www.europesays.com\/fr\/wp-json\/wp\/v2\/media?parent=231835"}],"wp:term":[{"taxonomy":"category","embeddable":true,"href":"https:\/\/www.europesays.com\/fr\/wp-json\/wp\/v2\/categories?post=231835"},{"taxonomy":"post_tag","embeddable":true,"href":"https:\/\/www.europesays.com\/fr\/wp-json\/wp\/v2\/tags?post=231835"}],"curies":[{"name":"wp","href":"https:\/\/api.w.org\/{rel}","templated":true}]}}