{"id":231839,"date":"2025-07-07T04:15:29","date_gmt":"2025-07-07T04:15:29","guid":{"rendered":"https:\/\/www.europesays.com\/fr\/231839\/"},"modified":"2025-07-07T04:15:29","modified_gmt":"2025-07-07T04:15:29","slug":"quel-maire-de-lyon-a-la-plus-grosse-rue","status":"publish","type":"post","link":"https:\/\/www.europesays.com\/fr\/231839\/","title":{"rendered":"quel maire de Lyon a la plus grosse (rue) ?"},"content":{"rendered":"<p class=\"wp-block-post-excerpt__excerpt\">Alors qu\u2019une place G\u00e9rard-Collomb a \u00e9t\u00e9 inaugur\u00e9e dans le 3\u1d49 arrondissement fin juin, Rue89Lyon s\u2019est pench\u00e9 sur les traces laiss\u00e9es par d\u2019anciens \u00e9diles dans l\u2019espace public. Sans surprise, \u00c9douard Herriot est le maire de Lyon le plus pr\u00e9sent. Petit floril\u00e8ge. <\/p>\n<p>Elian Delac\u00f4te<\/p>\n<p>Publi\u00e9 le 6 juillet 2025\u00a0\u00a0\u00b7\u00a0\u00a0<\/p>\n<p>Imprim\u00e9 le 7 juillet 2025 \u00e0 06h15\u00a0\u00a0\u00b7\u00a0\u00a0<\/p>\n<p>\t\t\t\t\t7\u00a0minutes\n<\/p>\n<p>Hommage sinc\u00e8re ou volont\u00e9 de ne pas froisser les oppositions ? Un an apr\u00e8s avoir renomm\u00e9 la station de m\u00e9tro Gare-de-Vaise en l\u2019honneur de G\u00e9rard Collomb, l\u2019ex\u00e9cutif \u00e9cologiste a inaugur\u00e9, vendredi 20 juin, une nouvelle place en l\u2019honneur de l\u2019ancien maire de Lyon (2001-2017 puis 2018-2020), <a href=\"https:\/\/www.rue89lyon.fr\/2023\/11\/26\/mort-de-gerard-collomb-le-depart-du-dernier-des-barons-lyonnais\/\" target=\"_blank\" rel=\"noreferrer noopener\">d\u00e9c\u00e9d\u00e9 en novembre 2023<\/a>.<\/p>\n<p>Il s\u2019agit de l\u2019ancienne place du Lac (Lyon 3e), \u00e0 proximit\u00e9 imm\u00e9diate de l\u2019h\u00f4tel de M\u00e9tropole, que G\u00e9rard Collomb a fond\u00e9e avec Michel Mercier (Modem) et pr\u00e9sid\u00e9e de 2015 \u00e0 2017. Preuve que l\u2019ancien baron lyonnais (PS, puis En marche) avait r\u00e9ussi \u00e0 f\u00e9d\u00e9rer \u00ab\u00a0au-del\u00e0 des partis\u00a0\u00bb, l\u2019ex\u00e9cutif (LR) de Rillieux-la-Pape a, lui aussi, d\u00e9cid\u00e9 de renommer une esplanade en son honneur, courant 2023.<\/p>\n<p>\u00c0 l\u2019image de Bordeaux ou Lille, qui ont laiss\u00e9 dans l\u2019espace public une large place \u00e0 Jacques Chaban-Delmas et Pierre Mauroy, Lyon a aussi su honorer ses anciens maires. Et si certains \u00e9diles sont mieux r\u00e9compens\u00e9s que d\u2019autres, on remarque la pr\u00e9sence notable\u2026 de nombreux royalistes.<\/p>\n<p>Alors, en attendant d\u2019aller vous balader au parc de la T\u00eate d\u2019Or-Gr\u00e9gory Doucet ou de descendre \u00e0 la station de tram <a href=\"https:\/\/www.rue89lyon.fr\/2013\/01\/23\/lancien-maire-de-lyon-michel-noir-tire-a-vue-sur-la-droite-lyonnaise\/\" target=\"_blank\" rel=\"noreferrer noopener\">Palais de Justice-Michel Noir<\/a>, on vous propose un petit tour d\u2019horizon des noms de lieux renomm\u00e9s en l\u2019honneur d\u2019anciens maires de Lyon.<\/p>\n<p class=\"has-primary-color has-text-color\">\n\t\t\t<strong> Cet article fait partie de l\u2019\u00e9dition abonn\u00e9s.<\/strong><br \/>\n\t\t\t| D\u00e9j\u00e0 abonn\u00e9\u00a0?<br \/>\n\t\t\t<a href=\"https:\/\/www.rue89lyon.fr\/user\/login\/\" data-type=\"page\" data-id=\"128116\" target=\"_blank\" rel=\"noopener\">Connectez-vous<\/a>\n\t\t<\/p>\n<p>Abonnez-vous maintenant pour poursuivre votre lecture<\/p>\n<p><img loading=\"lazy\" decoding=\"async\" width=\"2048\" height=\"1627\" src=\"https:\/\/www.europesays.com\/fr\/wp-content\/uploads\/2025\/05\/04-paywall.png\" alt=\"Abonnez-vous\" class=\"wp-image-207191\"  \/><\/p>\n<p>\t\t\t<a href=\"https:\/\/www.rue89lyon.fr\/\" class=\"custom-logo-link\" rel=\"home noopener\" target=\"_blank\"><img loading=\"lazy\" decoding=\"async\" width=\"290\" height=\"89\" src=\"https:\/\/www.europesays.com\/fr\/wp-content\/uploads\/2025\/04\/1745556146_356_logo.png\" class=\"custom-logo\" alt=\"Rue89Lyon Infos, enqu\u00eates \u00e0 Lyon et dans la r\u00e9gion\"  \/><\/a><\/p>\n<p>\n\t\t\t\tAbonnez-vous maintenant pour suivre l\u2019actualit\u00e9 locale.\t\t\t<\/p>\n<p class=\"font-bold font-serif-heading mb-2 text-4xl\">\n\t\t\t\t\t\tL\u2019investigation locale \u00e0 port\u00e9e de main.\n\t\t\t\t\t<\/p>\n<p>\n\t\t\t\t\t\tAbonnez-vous et profitez d\u2019un acc\u00e8s illimit\u00e9 \u00e0 Rue89 Lyon. Annulez quand vous voulez.\n\t\t\t\t\t<\/p>\n<p class=\"xl:text-sm\">\n\t\t\t\t\tD\u00e9j\u00e0 abonn\u00e9\u00a0?<br \/>\n\t\t\t\t\t<a class=\"border border-transparent text-center transition-colors duration-instant focus:border-info focus:rounded focus:shadow-focus cursor-pointer text-black hover:text-gray-700 active:bg-black-700 font-semibold inline-block\" href=\"https:\/\/www.rue89lyon.fr\/user\/login\/?redirect=\/2025\/07\/06\/herriot-pradel-collomb-quel-maire-lyon-plus-grosse-rue\/\" target=\"_blank\" rel=\"noopener\">Connectez-vous<\/a>\t\t\t\t<\/p>\n<p>\n\t\t\t\tChoisissez votre formule\u00a0:\n\t\t\t<\/p>\n<p>\t\t\t\tFermer<\/p>\n","protected":false},"excerpt":{"rendered":"Alors qu\u2019une place G\u00e9rard-Collomb a \u00e9t\u00e9 inaugur\u00e9e dans le 3\u1d49 arrondissement fin juin, Rue89Lyon s\u2019est pench\u00e9 sur les&hellip;\n","protected":false},"author":2,"featured_media":231840,"comment_status":"","ping_status":"","sticky":false,"template":"","format":"standard","meta":{"footnotes":""},"categories":[1889],"tags":[1111,11,2430,1777,674,1011,27,8443,937,37077,2428,12,25],"class_list":{"0":"post-231839","1":"post","2":"type-post","3":"status-publish","4":"format-standard","5":"has-post-thumbnail","7":"category-lyon","8":"tag-actu","9":"tag-actualites","10":"tag-auvergne-rhone-alpes","11":"tag-eu","12":"tag-europe","13":"tag-fr","14":"tag-france","15":"tag-gerard-collomb","16":"tag-histoire","17":"tag-lanti-routard-de-lyon","18":"tag-lyon","19":"tag-news","20":"tag-republique-francaise"},"share_on_mastodon":{"url":"https:\/\/pubeurope.com\/@fr\/114810016570761737","error":""},"_links":{"self":[{"href":"https:\/\/www.europesays.com\/fr\/wp-json\/wp\/v2\/posts\/231839","targetHints":{"allow":["GET"]}}],"collection":[{"href":"https:\/\/www.europesays.com\/fr\/wp-json\/wp\/v2\/posts"}],"about":[{"href":"https:\/\/www.europesays.com\/fr\/wp-json\/wp\/v2\/types\/post"}],"author":[{"embeddable":true,"href":"https:\/\/www.europesays.com\/fr\/wp-json\/wp\/v2\/users\/2"}],"replies":[{"embeddable":true,"href":"https:\/\/www.europesays.com\/fr\/wp-json\/wp\/v2\/comments?post=231839"}],"version-history":[{"count":0,"href":"https:\/\/www.europesays.com\/fr\/wp-json\/wp\/v2\/posts\/231839\/revisions"}],"wp:featuredmedia":[{"embeddable":true,"href":"https:\/\/www.europesays.com\/fr\/wp-json\/wp\/v2\/media\/231840"}],"wp:attachment":[{"href":"https:\/\/www.europesays.com\/fr\/wp-json\/wp\/v2\/media?parent=231839"}],"wp:term":[{"taxonomy":"category","embeddable":true,"href":"https:\/\/www.europesays.com\/fr\/wp-json\/wp\/v2\/categories?post=231839"},{"taxonomy":"post_tag","embeddable":true,"href":"https:\/\/www.europesays.com\/fr\/wp-json\/wp\/v2\/tags?post=231839"}],"curies":[{"name":"wp","href":"https:\/\/api.w.org\/{rel}","templated":true}]}}