{"id":23184,"date":"2025-04-13T22:27:23","date_gmt":"2025-04-13T22:27:23","guid":{"rendered":"https:\/\/www.europesays.com\/fr\/23184\/"},"modified":"2025-04-13T22:27:23","modified_gmt":"2025-04-13T22:27:23","slug":"lallemagne-se-dote-dun-contrat-de-coalition","status":"publish","type":"post","link":"https:\/\/www.europesays.com\/fr\/23184\/","title":{"rendered":"l\u2019Allemagne se dote d\u2019un contrat de coalition"},"content":{"rendered":"\n<p>Friedrich Merz, patron de la droite chr\u00e9tienne allemande (CDU) et probable futur chancelier de la R\u00e9publique f\u00e9d\u00e9rale, s\u2019\u00e9tait donn\u00e9 jusqu\u2019\u00e0 P\u00e2ques pour former un gouvernement avec les sociaux-d\u00e9mocrates. Mais beaucoup doutaient qu\u2019il parvienne \u00e0 tenir de tels d\u00e9lais, <a class=\"ithalc\" data-ithal=\"lien_externe\" data-ithalc=\"[nav_article]\" target=\"_blank\" href=\"https:\/\/www.spiegel.de\/politik\/deutschland\/news-des-tages-schwarz-rote-koalition-donald-trump-zoelle-china-touristen-in-den-usa-a-6cde5dc8-a99d-4d36-83bd-989346075667\" rel=\"nofollow noopener\">commente <strong>Der Spiegel<\/strong><\/a><strong>.<\/strong> \u201cLe foss\u00e9 entre les deux partis paraissait trop grand sur des sujets comme le frein \u00e0 l\u2019endettement [un principe constitutionnel qui limite le d\u00e9ficit public de l\u2019Allemagne], l\u2019immigration ou la fiscalit\u00e9.\u201d<\/p>\n<p>Pourtant, les deux partis ont r\u00e9ussi \u00e0 faire voter un vaste plan de d\u00e9penses publiques et de d\u00e9fense, financ\u00e9 par la dette, avant m\u00eame d\u2019arriver au pouvoir. Et, mercredi 9\u00a0avril, ils ont donn\u00e9 tort aux critiques et annonc\u00e9 avoir trouv\u00e9 un accord pour former une coalition, quarante-cinq jours apr\u00e8s les l\u00e9gislatives de f\u00e9vrier.<\/p>\n<p>\u201cOn pourrait \u00e9galement dire que le nouveau gouvernement vient de remporter son premier succ\u00e8s\u201d, commente le titre centriste. Le document pr\u00e9sent\u00e9 par les deux partis doit encore \u00eatre approuv\u00e9 par leurs bases militantes respectives, mais la plupart des journaux estiment le contrat rempli.<\/p>\n<p> \u201cY a-t-il quelqu\u2019un pour se r\u00e9jouir\u00a0?\u201d <\/p>\n<p>\u201cParmi les points cl\u00e9s de la future coalition de gouvernement, on peut citer le virage sur la politique migratoire\u201d, <a class=\"ithalc\" data-ithal=\"lien_externe\" data-ithalc=\"[nav_article]\" target=\"_blank\" href=\"https:\/\/www.faz.net\/aktuell\/politik\/inland\/merz-ueber-koalition-wir-wollen-ein-land-sein-das-es-einfach-wieder-besser-macht-110409495.html\" rel=\"nofollow noopener\">assure la<strong> Frankfurter Allgemeine Zeitung<\/strong><\/a><strong>. <\/strong>Les conservateurs et les sociaux-d\u00e9mocrates se sont mis d\u2019accord sur une augmentation des expulsions et sur une actualisation de la liste des pays dits \u201cs\u00fbrs\u201d, ceux o\u00f9 peuvent \u00eatre renvoy\u00e9s les migrants.<\/p>\n<p>Mais ils veulent aussi refouler toute personne essayant de passer la fronti\u00e8re allemande sans autorisation, y compris si elle souhaite demander l\u2019asile une fois dans le pays. Les deux partis pr\u00e9cisent n\u00e9anmoins vouloir mettre en place une telle politique \u201cen se coordonnant avec leurs voisins europ\u00e9ens\u201d.<\/p>\n<p>Dans le m\u00eame temps, la coalition \u00e0 venir entend relancer l\u2019\u00e9conomie, dont le moteur semble gripp\u00e9, gr<\/p>\n","protected":false},"excerpt":{"rendered":"Friedrich Merz, patron de la droite chr\u00e9tienne allemande (CDU) et probable futur chancelier de la R\u00e9publique f\u00e9d\u00e9rale, s\u2019\u00e9tait&hellip;\n","protected":false},"author":2,"featured_media":23185,"comment_status":"","ping_status":"","sticky":false,"template":"","format":"standard","meta":{"footnotes":""},"categories":[1587],"tags":[11,672,1804,1805,1803,1777,674,4710,1801,1061,12,316,2476,1802,2542],"class_list":{"0":"post-23184","1":"post","2":"type-post","3":"status-publish","4":"format-standard","5":"has-post-thumbnail","7":"category-allemagne","8":"tag-actualites","9":"tag-allemagne","10":"tag-bundesrepublik-deutschland","11":"tag-de","12":"tag-deutschland","13":"tag-eu","14":"tag-europe","15":"tag-friedrich-merz","16":"tag-germany","17":"tag-immigration","18":"tag-news","19":"tag-politique","20":"tag-politique-de-du00e9fense","21":"tag-republique-federale-dallemagne","22":"tag-u00e9conomie"},"share_on_mastodon":{"url":"https:\/\/pubeurope.com\/@fr\/114333014064622085","error":""},"_links":{"self":[{"href":"https:\/\/www.europesays.com\/fr\/wp-json\/wp\/v2\/posts\/23184","targetHints":{"allow":["GET"]}}],"collection":[{"href":"https:\/\/www.europesays.com\/fr\/wp-json\/wp\/v2\/posts"}],"about":[{"href":"https:\/\/www.europesays.com\/fr\/wp-json\/wp\/v2\/types\/post"}],"author":[{"embeddable":true,"href":"https:\/\/www.europesays.com\/fr\/wp-json\/wp\/v2\/users\/2"}],"replies":[{"embeddable":true,"href":"https:\/\/www.europesays.com\/fr\/wp-json\/wp\/v2\/comments?post=23184"}],"version-history":[{"count":0,"href":"https:\/\/www.europesays.com\/fr\/wp-json\/wp\/v2\/posts\/23184\/revisions"}],"wp:featuredmedia":[{"embeddable":true,"href":"https:\/\/www.europesays.com\/fr\/wp-json\/wp\/v2\/media\/23185"}],"wp:attachment":[{"href":"https:\/\/www.europesays.com\/fr\/wp-json\/wp\/v2\/media?parent=23184"}],"wp:term":[{"taxonomy":"category","embeddable":true,"href":"https:\/\/www.europesays.com\/fr\/wp-json\/wp\/v2\/categories?post=23184"},{"taxonomy":"post_tag","embeddable":true,"href":"https:\/\/www.europesays.com\/fr\/wp-json\/wp\/v2\/tags?post=23184"}],"curies":[{"name":"wp","href":"https:\/\/api.w.org\/{rel}","templated":true}]}}