{"id":231841,"date":"2025-07-07T04:16:16","date_gmt":"2025-07-07T04:16:16","guid":{"rendered":"https:\/\/www.europesays.com\/fr\/231841\/"},"modified":"2025-07-07T04:16:16","modified_gmt":"2025-07-07T04:16:16","slug":"55-marques-presentes-des-avant-premieres-et-encore-plus-de-modeles-prestigieux","status":"publish","type":"post","link":"https:\/\/www.europesays.com\/fr\/231841\/","title":{"rendered":"55 marques pr\u00e9sentes, des avant-premi\u00e8res et encore plus de mod\u00e8les prestigieux"},"content":{"rendered":"<p>La pr\u00e9sence de l\u2019Aspark Owl et SP 600, la Ferrari SP3 Daytona Spider, la McLaren Senna, la Maserati GT2 Stradale et de la Porsche 963 est confirm\u00e9e en attendant encore d\u2019autres mod\u00e8les d\u2019exception au Salon de l\u2019automobile de Lyon 2025. Cette ann\u00e9e, un \u00e9crin d\u00e9di\u00e9 sp\u00e9cifiquement au luxe automobile de\u00a05\u00a0000 m2\u00a0 mettra en valeur le positionnement premium voulu par l\u2019organisation pour r\u00e9pondre aux attentes d\u2019une client\u00e8le passionn\u00e9e et exigeante mais aussi au besoin de r\u00eave des jeunes g\u00e9n\u00e9rations.<\/p>\n<p>  \u00ab\u00a0Le grand public adore ces mod\u00e8les prestigieux\u00a0\u00bb<\/p>\n<p>\u00ab\u00a0D\u2019une part, nous avons une client\u00e8le haut de gamme de plus en plus pr\u00e9sente dans une r\u00e9gion amatrice de v\u00e9hicules de prestige entre Savoie, Haute-Savoie, Bourgogne et Pays Genevois, qui recherche un \u00e9crin \u00e0 la hauteur de ces v\u00e9hicules d\u2019exception. D\u2019autre part, les \u00e9ditions pr\u00e9c\u00e9dentes nous ont montr\u00e9 que le grand public, et en particulier les jeunes g\u00e9n\u00e9rations, adore ces mod\u00e8les prestigieux. Les familles s\u2019arr\u00eatent, les enfants ont des \u00e9toiles dans les yeux, les jeunes passionn\u00e9s prennent des photos\u2026 Ces voitures font r\u00eaver et permettent \u00e0 chacun d\u2019approcher, de voir de pr\u00e8s, parfois de toucher cette beaut\u00e9 automobile habituellement inaccessible. C\u2019est aussi \u00e7a la magie du <a href=\"https:\/\/www.salon-automobile-lyon.com\/\" target=\"_blank\" rel=\"noopener\">Salon Automobile de Lyon<\/a> \u00a0\u00bb, explique la directrice du Salon Automobile de Lyon, Anne-Marie Baezner.<\/p>\n<p>  Lyon, capitale fran\u00e7aise de l\u2019automobile pendant cinq jours<\/p>\n<p>Avec 55 marques pr\u00e9sentes, <a href=\"https:\/\/www.leprogres.fr\/economie\/2023\/09\/04\/le-salon-automobile-de-lyon-celebre-ses-40-ans\" target=\"_blank\" rel=\"noopener\">cette nouvelle \u00e9dition se veut d\u00e9j\u00e0 historique<\/a>, dont certaines qui viennent pour la premi\u00e8re fois. De nombreuses avant-premi\u00e8res fran\u00e7aises et europ\u00e9ennes sont attendues et seront d\u00e9voil\u00e9es \u00e0 quelques jours du salon.\u00a0<\/p>\n<p>Anne-Marie Baezner, se f\u00e9licite de cette dynamique\u00a0: \u00ab\u00a0Le monde de l\u2019automobile se rassemblera \u00e0 Lyon en septembre prochain. Cette mobilisation remarquable, dans un contexte de march\u00e9 pourtant complexe, d\u00e9montre que notre salon est devenu le rendez-vous qui f\u00e9d\u00e8re constructeurs, concessionnaires et amateurs du monde de l\u2019automobile. Le concept de notre salon confirme son succ\u00e8s croissant d\u2019\u00e9dition en \u00e9dition, faisant de Lyon la capitale fran\u00e7aise de l\u2019automobile pendant ces cinq jours.\u00a0\u00bb<\/p>\n<p>Parmi les animations \u00e0 venir, on peut citer les 70 ans de la marque fran\u00e7aise DS avec la pr\u00e9sence de la DS Ballons, cr\u00e9\u00e9e en 1959, pour promouvoir les suspensions hydrauliques.<\/p>\n<p>  75\u00a0000 visiteurs en 2023<\/p>\n<p>On y trouvera forc\u00e9ment la sixi\u00e8me g\u00e9n\u00e9ration de la Renault Clio, pourquoi pas une esquisse de la future 2\u00a0CV pour concurrencer la Renault 5 ou encore les nouvelles Toyota RAV4, Nissan LEAF, Audi Q3, Peugeot 208 GTI et Hyundai Ioniq 6\u2026 Cette \u00e9dition 2025 ne devrait, une fois de plus, pas d\u00e9cevoir les milliers de visiteurs attendus, ils \u00e9taient 75\u00a0000 en 2023 en hausse de 17\u00a0% par rapport \u00e0 l\u2019\u00e9dition pr\u00e9c\u00e9dente.<\/p>\n<p>Non, l\u2019automobile n\u2019est pas morte. Selon un rapport du cabinet de conseil Arthur D. Little, l\u2019utilisation de la voiture continue de cro\u00eetre \u00e0 l\u2019\u00e9chelle mondiale. Le salon de Lyon reste un rendez-vous privil\u00e9gi\u00e9 pour les acheteurs qui cherchent les bonnes affaires avec la possibilit\u00e9 d\u2019essayer le v\u00e9hicule sur place.<\/p>\n<p class=\"note\">Le salon Automobile de Lyon du mercredi\u00a024 au dimanche 28\u00a0septembre 2025 de 10 \u00e0 20 heures (nocturne vendredi\u00a026 jusqu\u2019\u00e0 22 heures et 19 heures le dimanche). La tarification est diff\u00e9renci\u00e9e entre les jours de semaine et week-end de 9 \u00e0 12\u00a0euros sur place ou en ligne. Il y a aussi des tarifs pack et r\u00e9duit.<\/p>\n","protected":false},"excerpt":{"rendered":"La pr\u00e9sence de l\u2019Aspark Owl et SP 600, la Ferrari SP3 Daytona Spider, la McLaren Senna, la Maserati&hellip;\n","protected":false},"author":2,"featured_media":231842,"comment_status":"","ping_status":"","sticky":false,"template":"","format":"standard","meta":{"footnotes":""},"categories":[1889],"tags":[1111,11,646,2430,1687,33,2757,1777,674,107,1685,1011,27,2428,2756,4848,12,25,2429,104,2803],"class_list":{"0":"post-231841","1":"post","2":"type-post","3":"status-publish","4":"format-standard","5":"has-post-thumbnail","7":"category-lyon","8":"tag-actu","9":"tag-actualites","10":"tag-automobile","11":"tag-auvergne-rhone-alpes","12":"tag-culture-loisirs","13":"tag-economie","14":"tag-edition-lyon-villeurbanne","15":"tag-eu","16":"tag-europe","17":"tag-fil-info","18":"tag-foire-et-salon","19":"tag-fr","20":"tag-france","21":"tag-lyon","22":"tag-lyon-bassin","23":"tag-magazine-automobile","24":"tag-news","25":"tag-republique-francaise","26":"tag-rhone","27":"tag-societe","28":"tag-transport"},"share_on_mastodon":{"url":"https:\/\/pubeurope.com\/@fr\/114810020370102949","error":""},"_links":{"self":[{"href":"https:\/\/www.europesays.com\/fr\/wp-json\/wp\/v2\/posts\/231841","targetHints":{"allow":["GET"]}}],"collection":[{"href":"https:\/\/www.europesays.com\/fr\/wp-json\/wp\/v2\/posts"}],"about":[{"href":"https:\/\/www.europesays.com\/fr\/wp-json\/wp\/v2\/types\/post"}],"author":[{"embeddable":true,"href":"https:\/\/www.europesays.com\/fr\/wp-json\/wp\/v2\/users\/2"}],"replies":[{"embeddable":true,"href":"https:\/\/www.europesays.com\/fr\/wp-json\/wp\/v2\/comments?post=231841"}],"version-history":[{"count":0,"href":"https:\/\/www.europesays.com\/fr\/wp-json\/wp\/v2\/posts\/231841\/revisions"}],"wp:featuredmedia":[{"embeddable":true,"href":"https:\/\/www.europesays.com\/fr\/wp-json\/wp\/v2\/media\/231842"}],"wp:attachment":[{"href":"https:\/\/www.europesays.com\/fr\/wp-json\/wp\/v2\/media?parent=231841"}],"wp:term":[{"taxonomy":"category","embeddable":true,"href":"https:\/\/www.europesays.com\/fr\/wp-json\/wp\/v2\/categories?post=231841"},{"taxonomy":"post_tag","embeddable":true,"href":"https:\/\/www.europesays.com\/fr\/wp-json\/wp\/v2\/tags?post=231841"}],"curies":[{"name":"wp","href":"https:\/\/api.w.org\/{rel}","templated":true}]}}