{"id":231847,"date":"2025-07-07T04:21:14","date_gmt":"2025-07-07T04:21:14","guid":{"rendered":"https:\/\/www.europesays.com\/fr\/231847\/"},"modified":"2025-07-07T04:21:14","modified_gmt":"2025-07-07T04:21:14","slug":"nature-en-ville-2025-mercredi-9-juillet-a-14h30-visite-de-la-petite-ceinture-dans-le-19e-arrondissement-de-paris","status":"publish","type":"post","link":"https:\/\/www.europesays.com\/fr\/231847\/","title":{"rendered":"Nature en Ville 2025 : mercredi 9 juillet \u00e0 14h30, visite de la Petite Ceinture dans le 19e arrondissement de Paris"},"content":{"rendered":"<p>\t\t\t\t<a href=\"https:\/\/www.pariscotejardin.fr\/author\/admin\/\" title=\"Visiter la page de l\u2019auteur ou de l\u2019autrice\" target=\"_blank\" rel=\"noopener\"><br \/>\n\t\t\t\t\tAlain Delavie\t\t\t\t<\/a><\/p>\n<p>\n\t\t\t\t\tAgronome de formation et jardinier passionn\u00e9 depuis sa plus tendre enfance, collectionneur de plantes, Alain Delavie a exerc\u00e9 diff\u00e9rents m\u00e9tiers toujours en \u00e9troite relation avec le monde v\u00e9g\u00e9tal et le jardin, en commen\u00e7ant par celui de p\u00e9pini\u00e9riste collectionneur avant de devenir journaliste et auteur sp\u00e9cialis\u00e9 dans le jardinage. Il est aujourd&rsquo;hui directeur des r\u00e9dactions de Rustica (hebdomadaire Rustica, trimestriels Rustica Pratique et Rustica Les Essentiels).\t\t\t\t<\/p>\n","protected":false},"excerpt":{"rendered":"Alain Delavie Agronome de formation et jardinier passionn\u00e9 depuis sa plus tendre enfance, collectionneur de plantes, Alain Delavie&hellip;\n","protected":false},"author":2,"featured_media":231848,"comment_status":"","ping_status":"","sticky":false,"template":"","format":"standard","meta":{"footnotes":""},"categories":[1888],"tags":[11,1777,674,2087,1011,27,20327,12,626,9145,9146,37078,25,510],"class_list":{"0":"post-231847","1":"post","2":"type-post","3":"status-publish","4":"format-standard","5":"has-post-thumbnail","7":"category-paris","8":"tag-actualites","9":"tag-eu","10":"tag-europe","11":"tag-evenement","12":"tag-fr","13":"tag-france","14":"tag-nature-en-ville","15":"tag-news","16":"tag-paris","17":"tag-paris-19e","18":"tag-paris-19eme","19":"tag-petite-ceinture","20":"tag-republique-francaise","21":"tag-visite"},"share_on_mastodon":{"url":"https:\/\/pubeurope.com\/@fr\/114810040061809512","error":""},"_links":{"self":[{"href":"https:\/\/www.europesays.com\/fr\/wp-json\/wp\/v2\/posts\/231847","targetHints":{"allow":["GET"]}}],"collection":[{"href":"https:\/\/www.europesays.com\/fr\/wp-json\/wp\/v2\/posts"}],"about":[{"href":"https:\/\/www.europesays.com\/fr\/wp-json\/wp\/v2\/types\/post"}],"author":[{"embeddable":true,"href":"https:\/\/www.europesays.com\/fr\/wp-json\/wp\/v2\/users\/2"}],"replies":[{"embeddable":true,"href":"https:\/\/www.europesays.com\/fr\/wp-json\/wp\/v2\/comments?post=231847"}],"version-history":[{"count":0,"href":"https:\/\/www.europesays.com\/fr\/wp-json\/wp\/v2\/posts\/231847\/revisions"}],"wp:featuredmedia":[{"embeddable":true,"href":"https:\/\/www.europesays.com\/fr\/wp-json\/wp\/v2\/media\/231848"}],"wp:attachment":[{"href":"https:\/\/www.europesays.com\/fr\/wp-json\/wp\/v2\/media?parent=231847"}],"wp:term":[{"taxonomy":"category","embeddable":true,"href":"https:\/\/www.europesays.com\/fr\/wp-json\/wp\/v2\/categories?post=231847"},{"taxonomy":"post_tag","embeddable":true,"href":"https:\/\/www.europesays.com\/fr\/wp-json\/wp\/v2\/tags?post=231847"}],"curies":[{"name":"wp","href":"https:\/\/api.w.org\/{rel}","templated":true}]}}