{"id":231849,"date":"2025-07-07T04:22:10","date_gmt":"2025-07-07T04:22:10","guid":{"rendered":"https:\/\/www.europesays.com\/fr\/231849\/"},"modified":"2025-07-07T04:22:10","modified_gmt":"2025-07-07T04:22:10","slug":"duran-duran-de-retour-en-concert-au-zenith-de-paris-on-est-tres-surpris-detre-encore-la","status":"publish","type":"post","link":"https:\/\/www.europesays.com\/fr\/231849\/","title":{"rendered":"Duran Duran de retour en concert au Z\u00e9nith de Paris\u00a0: \u00ab\u00a0On est tr\u00e8s surpris d\u2019\u00eatre encore l\u00e0\u00a0\u00bb"},"content":{"rendered":"<p class=\"paragraph text_align_left lp-f-body-02\">Pas besoin de faire les pr\u00e9sentations. \u00ab Je connais <a href=\"https:\/\/www.leparisien.fr\/\" target=\"_blank\" rel=\"noreferrer nofollow noopener\">Le Parisien,<\/a> j\u2019ai v\u00e9cu cinq ans \u00e0 <a href=\"https:\/\/www.leparisien.fr\/paris-75\/\" target=\"_blank\" rel=\"noreferrer nofollow noopener\">Paris<\/a>, en revanche je ne ma\u00eetrise pas bien le fran\u00e7ais \u00bb, nous confie d\u2019embl\u00e9e Nick Rhodes. Le clavier et compositeur de Duran Duran, \u00e2g\u00e9 de 62 ans, est donc d\u2019autant plus enthousiaste \u00e0 l\u2019id\u00e9e de revenir dans la capitale. <\/p>\n<p class=\"paragraph text_align_left lp-f-body-02\">Il sera en concert avec son groupe le 21 octobre <a href=\"https:\/\/www.leparisien.fr\/culture-loisirs\/musique\/massive-attack-en-concert-au-zenith-de-paris-quand-la-politique-plombe-la-musique-09-06-2025-BAKUJIO6SZHZXM4H3NZZFZAJHI.php\" target=\"_blank\" rel=\"noreferrer nofollow noopener\">au Z\u00e9nith de Paris,<\/a> date qui sera officialis\u00e9e ce lundi et dont les billets seront disponibles sur le site Live Nation le 10 juillet, puis le 11 dans tous les points de vente. L\u2019occasion de r\u00e9entendre les tubes mythiques du groupe de Birmingham cr\u00e9\u00e9 en 1978, comme \u00ab The Reflex \u00bb, \u00ab Notorious \u00bb, \u00ab Ordinary world \u00bb ou \u00ab A view to a kill \u00bb. Rencontre en visio et en exclusivit\u00e9.<\/p>\n","protected":false},"excerpt":{"rendered":"Pas besoin de faire les pr\u00e9sentations. \u00ab Je connais Le Parisien, j\u2019ai v\u00e9cu cinq ans \u00e0 Paris, en&hellip;\n","protected":false},"author":2,"featured_media":231850,"comment_status":"","ping_status":"","sticky":false,"template":"","format":"standard","meta":{"footnotes":""},"categories":[1888],"tags":[11,872,1777,674,1011,27,873,12,626,25],"class_list":{"0":"post-231849","1":"post","2":"type-post","3":"status-publish","4":"format-standard","5":"has-post-thumbnail","7":"category-paris","8":"tag-actualites","9":"tag-culture-et-loisirs","10":"tag-eu","11":"tag-europe","12":"tag-fr","13":"tag-france","14":"tag-musique","15":"tag-news","16":"tag-paris","17":"tag-republique-francaise"},"share_on_mastodon":{"url":"https:\/\/pubeurope.com\/@fr\/114810043972293284","error":""},"_links":{"self":[{"href":"https:\/\/www.europesays.com\/fr\/wp-json\/wp\/v2\/posts\/231849","targetHints":{"allow":["GET"]}}],"collection":[{"href":"https:\/\/www.europesays.com\/fr\/wp-json\/wp\/v2\/posts"}],"about":[{"href":"https:\/\/www.europesays.com\/fr\/wp-json\/wp\/v2\/types\/post"}],"author":[{"embeddable":true,"href":"https:\/\/www.europesays.com\/fr\/wp-json\/wp\/v2\/users\/2"}],"replies":[{"embeddable":true,"href":"https:\/\/www.europesays.com\/fr\/wp-json\/wp\/v2\/comments?post=231849"}],"version-history":[{"count":0,"href":"https:\/\/www.europesays.com\/fr\/wp-json\/wp\/v2\/posts\/231849\/revisions"}],"wp:featuredmedia":[{"embeddable":true,"href":"https:\/\/www.europesays.com\/fr\/wp-json\/wp\/v2\/media\/231850"}],"wp:attachment":[{"href":"https:\/\/www.europesays.com\/fr\/wp-json\/wp\/v2\/media?parent=231849"}],"wp:term":[{"taxonomy":"category","embeddable":true,"href":"https:\/\/www.europesays.com\/fr\/wp-json\/wp\/v2\/categories?post=231849"},{"taxonomy":"post_tag","embeddable":true,"href":"https:\/\/www.europesays.com\/fr\/wp-json\/wp\/v2\/tags?post=231849"}],"curies":[{"name":"wp","href":"https:\/\/api.w.org\/{rel}","templated":true}]}}