{"id":231859,"date":"2025-07-07T04:27:26","date_gmt":"2025-07-07T04:27:26","guid":{"rendered":"https:\/\/www.europesays.com\/fr\/231859\/"},"modified":"2025-07-07T04:27:26","modified_gmt":"2025-07-07T04:27:26","slug":"euro-dames-lallemagne-domine-la-pologne","status":"publish","type":"post","link":"https:\/\/www.europesays.com\/fr\/231859\/","title":{"rendered":"Euro dames: l&rsquo;Allemagne domine la Pologne"},"content":{"rendered":"<p class=\"photoLegend\">Jule Brand jubile apr\u00e8s son magnifique but<\/p>\n<p>Photo: KEYSTONE\/GIAN EHRENZELLER<\/p>\n<p class=\"wysiwyg-h2\">L&rsquo;Allemagne a pleinement r\u00e9ussi son d\u00e9part dans le groupe C de l&rsquo;Euro dames. A Saint-Gall, elle s&rsquo;est impos\u00e9e 2-0 contre la Pologne gr\u00e2ce \u00e0 une deuxi\u00e8me mi-temps tr\u00e8s aboutie.<\/p>\n<p>Les Allemandes, qui ont perdu sur blessure leur capitaine Giulia Gwinn en premi\u00e8re p\u00e9riode, ont enfin concr\u00e9tis\u00e9 leur nette domination gr\u00e2ce \u00e0 une superbe frappe de Jule Brand (52e). Celle-ci a ensuite d\u00e9livr\u00e9 la passe pour le 2-0 sign\u00e9 Lea Sch\u00fcller (66e).<\/p>\n<p>Le succ\u00e8s allemand aurait pu, voire d\u00fb, \u00eatre encore plus net. Les joueuses en blanc ont en effet galvaud\u00e9 plusieurs occasions nettes, souvent provoqu\u00e9es par la remuante Klara B\u00fchl sur le flanc gauche. Mais cela n&rsquo;a pas port\u00e9 \u00e0 cons\u00e9quence face \u00e0 une Pologne qui n&rsquo;a quasiment fait que d\u00e9fendre.<\/p>\n<p>\/ATS<\/p>\n","protected":false},"excerpt":{"rendered":"Jule Brand jubile apr\u00e8s son magnifique but Photo: KEYSTONE\/GIAN EHRENZELLER L&rsquo;Allemagne a pleinement r\u00e9ussi son d\u00e9part dans le&hellip;\n","protected":false},"author":2,"featured_media":231860,"comment_status":"","ping_status":"","sticky":false,"template":"","format":"standard","meta":{"footnotes":""},"categories":[1587],"tags":[11,672,1804,1805,1803,1777,674,1801,20189,12,1802,517,20190,20191],"class_list":{"0":"post-231859","1":"post","2":"type-post","3":"status-publish","4":"format-standard","5":"has-post-thumbnail","7":"category-allemagne","8":"tag-actualites","9":"tag-allemagne","10":"tag-bundesrepublik-deutschland","11":"tag-de","12":"tag-deutschland","13":"tag-eu","14":"tag-europe","15":"tag-germany","16":"tag-leman-bleu","17":"tag-news","18":"tag-republique-federale-dallemagne","19":"tag-sport","20":"tag-television-geneve","21":"tag-television-nyon"},"share_on_mastodon":{"url":"https:\/\/pubeurope.com\/@fr\/114810063654831777","error":""},"_links":{"self":[{"href":"https:\/\/www.europesays.com\/fr\/wp-json\/wp\/v2\/posts\/231859","targetHints":{"allow":["GET"]}}],"collection":[{"href":"https:\/\/www.europesays.com\/fr\/wp-json\/wp\/v2\/posts"}],"about":[{"href":"https:\/\/www.europesays.com\/fr\/wp-json\/wp\/v2\/types\/post"}],"author":[{"embeddable":true,"href":"https:\/\/www.europesays.com\/fr\/wp-json\/wp\/v2\/users\/2"}],"replies":[{"embeddable":true,"href":"https:\/\/www.europesays.com\/fr\/wp-json\/wp\/v2\/comments?post=231859"}],"version-history":[{"count":0,"href":"https:\/\/www.europesays.com\/fr\/wp-json\/wp\/v2\/posts\/231859\/revisions"}],"wp:featuredmedia":[{"embeddable":true,"href":"https:\/\/www.europesays.com\/fr\/wp-json\/wp\/v2\/media\/231860"}],"wp:attachment":[{"href":"https:\/\/www.europesays.com\/fr\/wp-json\/wp\/v2\/media?parent=231859"}],"wp:term":[{"taxonomy":"category","embeddable":true,"href":"https:\/\/www.europesays.com\/fr\/wp-json\/wp\/v2\/categories?post=231859"},{"taxonomy":"post_tag","embeddable":true,"href":"https:\/\/www.europesays.com\/fr\/wp-json\/wp\/v2\/tags?post=231859"}],"curies":[{"name":"wp","href":"https:\/\/api.w.org\/{rel}","templated":true}]}}