{"id":231861,"date":"2025-07-07T04:28:29","date_gmt":"2025-07-07T04:28:29","guid":{"rendered":"https:\/\/www.europesays.com\/fr\/231861\/"},"modified":"2025-07-07T04:28:29","modified_gmt":"2025-07-07T04:28:29","slug":"alors-que-leconomie-russe-se-fissure-les-europeens-veulent-frapper-fort","status":"publish","type":"post","link":"https:\/\/www.europesays.com\/fr\/231861\/","title":{"rendered":"alors que l\u2019\u00e9conomie russe se fissure, les Europ\u00e9ens veulent frapper fort"},"content":{"rendered":"<p><strong>D\u00c9CRYPTAGE &#8211;<\/strong> La Slovaquie bloque le paquet de 18 sanctions contre Moscou pour prot\u00e9ger son approvisionnement en gaz. Bruxelles tente de convaincre Bratislava au moment o\u00f9 la croissance russe est en perte de vitesse.<\/p>\n<p class=\"fig-paragraph\">Les Europ\u00e9ens parviendront-ils \u00e0 convaincre la Slovaquie de lever son veto sur le 18e paquet de sanctions contre la Russie\u00a0? Bratislava attend ce jeudi une visite importante de Bruxelles. Le Premier ministre slovaque entend n\u00e9gocier un assouplissement de la sortie du gaz russe de son pays, alors que l\u2019UE s\u2019est engag\u00e9e \u00e0 mettre fin \u00e0 toutes ses importations d\u2019ici \u00e0 2027. Faute de garanties, Robert Fico bloque depuis le mois de juin toute avanc\u00e9e sur les prochaines mesures visant \u00e0 asphyxier les finances de Moscou.<\/p>\n<p class=\"fig-paragraph\">Conform\u00e9ment \u00e0 son plan REPowerEU, l\u2019UE pr\u00e9voit d\u2019interdire la signature de nouveaux contrats avec des fournisseurs de gaz russes et d\u2019\u00e9liminer d\u2019ici fin 2025 les contrats spot, c\u2019est-\u00e0-dire \u00e0 court terme, encore en vigueur. Une interdiction sp\u00e9cifique sur le gaz naturel liqu\u00e9fi\u00e9 doit par ailleurs entrer en application d\u00e8s le 1er janvier prochain.<\/p>\n<p>Un \u00absuicide \u00e9conomique\u00bb<\/p>\n<p class=\"fig-paragraph\">Or, pour Robert Fico, qui craint une p\u00e9nurie de gaz et une hausse des prix, respecter ces \u00e9ch\u00e9ances serait \u00ab\u00a0un suicide \u00e9conomique\u00a0\u00bb<\/p>\n<p class=\"fig-premium-paywall__infos\">\n        Cet article est r\u00e9serv\u00e9 aux abonn\u00e9s.        Il vous reste 81% \u00e0 d\u00e9couvrir.\n    <\/p>\n<p>                <img  data- alt=\"Le Figaro\" class=\"fig-img--complete fig-img\"\/><\/p>\n<p class=\"fig-premium-paywall__title\">Vous avez envie de lire la suite ?<\/p>\n<p class=\"fig-premium-paywall__subtitle\">D\u00e9bloquez tous les articles imm\u00e9diatement.<\/p>\n<p class=\"fig-premium-paywall__connect\">\n                D\u00e9j\u00e0 abonn\u00e9\u00a0?                <a class=\"fig-premium-paywall__connect-link\" href=\"https:\/\/connect.lefigaro.fr\/login?client=horizon_web&amp;type=main&amp;redirect_uri=https%3A%2F%2Fwww.lefigaro.fr%2Fconjoncture%2Fla-fete-est-finie-alors-que-l-economie-russe-se-fissure-les-europeens-veulent-frapper-fort-20250703\" data-js-gtm=\"{&quot;customCategorie&quot;: &quot;conversion&quot;, &quot;customAction&quot;: &quot;before_Landing_Connexion_paywall_auto&quot;, &quot;customLabel&quot;: &quot;bGVmaWdhcm8uZnJfXzFmMDU2OTAxLWJmNjQtNjJmYS1iMzlhLTczOGE5YmFlZmQ5Ml9fQXJ0aWNsZQ==_\u00abLa f\u00eate est finie\u00bb\u00a0: alors que l\u2019\u00e9conomie russe se fissure, les Europ\u00e9ens veulent frapper fort_128&quot;, &quot;customIDSPE&quot;: &quot;bGVmaWdhcm8uZnJfXzFmMDU2OTAxLWJmNjQtNjJmYS1iMzlhLTczOGE5YmFlZmQ5Ml9fQXJ0aWNsZQ==&quot;, &quot;event&quot;: &quot;customEventSPE&quot;}\" rel=\"nofollow noopener\" target=\"_blank\"><br \/>\n                    Connectez-vous<br \/>\n                <\/a>\n            <\/p>\n","protected":false},"excerpt":{"rendered":"D\u00c9CRYPTAGE &#8211; La Slovaquie bloque le paquet de 18 sanctions contre Moscou pour prot\u00e9ger son approvisionnement en gaz.&hellip;\n","protected":false},"author":2,"featured_media":231862,"comment_status":"","ping_status":"","sticky":false,"template":"","format":"standard","meta":{"footnotes":""},"categories":[1586],"tags":[11,1777,674,1011,27,131,12,25,7185,10845,364],"class_list":{"0":"post-231861","1":"post","2":"type-post","3":"status-publish","4":"format-standard","5":"has-post-thumbnail","7":"category-europe","8":"tag-actualites","9":"tag-eu","10":"tag-europe","11":"tag-fr","12":"tag-france","13":"tag-guerre-en-ukraine","14":"tag-news","15":"tag-republique-francaise","16":"tag-sanctions","17":"tag-slovaquie","18":"tag-union-europeenne"},"share_on_mastodon":{"url":"https:\/\/pubeurope.com\/@fr\/114810067583796905","error":""},"_links":{"self":[{"href":"https:\/\/www.europesays.com\/fr\/wp-json\/wp\/v2\/posts\/231861","targetHints":{"allow":["GET"]}}],"collection":[{"href":"https:\/\/www.europesays.com\/fr\/wp-json\/wp\/v2\/posts"}],"about":[{"href":"https:\/\/www.europesays.com\/fr\/wp-json\/wp\/v2\/types\/post"}],"author":[{"embeddable":true,"href":"https:\/\/www.europesays.com\/fr\/wp-json\/wp\/v2\/users\/2"}],"replies":[{"embeddable":true,"href":"https:\/\/www.europesays.com\/fr\/wp-json\/wp\/v2\/comments?post=231861"}],"version-history":[{"count":0,"href":"https:\/\/www.europesays.com\/fr\/wp-json\/wp\/v2\/posts\/231861\/revisions"}],"wp:featuredmedia":[{"embeddable":true,"href":"https:\/\/www.europesays.com\/fr\/wp-json\/wp\/v2\/media\/231862"}],"wp:attachment":[{"href":"https:\/\/www.europesays.com\/fr\/wp-json\/wp\/v2\/media?parent=231861"}],"wp:term":[{"taxonomy":"category","embeddable":true,"href":"https:\/\/www.europesays.com\/fr\/wp-json\/wp\/v2\/categories?post=231861"},{"taxonomy":"post_tag","embeddable":true,"href":"https:\/\/www.europesays.com\/fr\/wp-json\/wp\/v2\/tags?post=231861"}],"curies":[{"name":"wp","href":"https:\/\/api.w.org\/{rel}","templated":true}]}}