{"id":231865,"date":"2025-07-07T04:30:11","date_gmt":"2025-07-07T04:30:11","guid":{"rendered":"https:\/\/www.europesays.com\/fr\/231865\/"},"modified":"2025-07-07T04:30:11","modified_gmt":"2025-07-07T04:30:11","slug":"mathilde-panot-affirme-que-les-maires-lfi-elus-desarmeront-leur-police-communale","status":"publish","type":"post","link":"https:\/\/www.europesays.com\/fr\/231865\/","title":{"rendered":"Mathilde Panot affirme que les maires LFI \u00e9lus d\u00e9sarmeront leur police communale"},"content":{"rendered":"<p>Invit\u00e9e dimanche de BFMTV, la chef de file des d\u00e9put\u00e9s Insoumis a \u00e9galement annonc\u00e9 que les \u00e9diles m\u00e9lenchonistes d\u00e9mant\u00e8leront certains syst\u00e8mes de vid\u00e9osurveillances.<\/p>\n<p class=\"fig-paragraph\">Toll\u00e9 apr\u00e8s les propos de\u00a0<a href=\"http:\/\/www.lefigaro.fr\/politique\/presidentielle-2027-pour-l-insoumise-mathilde-panot-raphael-glucksmann-represente-un-autre-macron-possible-20250706\" data-fig-type=\"NewsFlash\" data-gtm-custom-categorie=\"navigation\" data-gtm-custom-action=\"crossclick\" data-gtm-custom-label=\"Contextuel\" data-gtm-event=\"customEventSPE\" data-fig-domain=\"LEFIGARO\" target=\"_blank\" rel=\"noopener\">Mathilde Panot<\/a>. \u00c0 neuf mois des \u00e9lections locales de 2026, lors desquelles La France Insoumise (LFI) esp\u00e8re renforcer sa pr\u00e9sence dans les conseils municipaux, la chef de file des d\u00e9put\u00e9s LFI a suscit\u00e9 une vive pol\u00e9mique ce dimanche, en d\u00e9clarant sur BFMTV que les maires m\u00e9lenchonistes \u00e9lus au printemps prochain d\u00e9sarmeraient les polices municipales dans les communes o\u00f9 elles sont \u00e9quip\u00e9es. Et pourraient m\u00eame aller jusqu&rsquo;\u00e0 les supprimer tout simplement.<\/p>\n<p class=\"fig-paragraph\">En contrepartie, le mouvement de gauche proposera que les agents concern\u00e9s \u00absoient r\u00e9int\u00e9gr\u00e9s dans la police nationale\u00bb, au b\u00e9n\u00e9fice de la \u00abpolice de proximit\u00e9\u00bb. Une prise de position controvers\u00e9e, formul\u00e9e en r\u00e9ponse au projet de loi port\u00e9 par Fran\u00e7ois-No\u00ebl Buffet, le ministre d\u00e9l\u00e9gu\u00e9 aupr\u00e8s du ministre de l\u2019Int\u00e9rieur, qui entend \u00abaccro\u00eetre les comp\u00e9tences des policiers municipaux\u00bb afin d\u2019adapter leur cadre juridique \u00abaux nouvelles r\u00e9alit\u00e9s de l\u2019ins\u00e9curit\u00e9\u00bb, a-t-il dit ce dimanche dans Le Parisien.<\/p>\n<p>                                    <a class=\"fig-a11y-skip a11y-hidden\" href=\"#fig-a11y-skip-main-inarticle\"><br \/>\n        Passer la publicit\u00e9<br \/>\n    <\/a><\/p>\n<p class=\"fig-paragraph\">Autre annonce qui risque de faire grand bruit\u00a0: alors que le gouvernement \u00abpr\u00e9conise aussi un usage \u00e9largi des technologies de captation d\u2019images\u00bb, en \u00abdonnant aux gardes champ\u00eatres l\u2019acc\u00e8s aux images de vid\u00e9oprotection et \u00e0 l\u2019usage de cam\u00e9ras-pi\u00e9tons dont disposent d\u00e9j\u00e0 les policiers municipaux\u00bb, l\u2019\u00e9lue du Val-de-Marne s\u2019est montr\u00e9e radicalement oppos\u00e9e \u00e0 cette philosophie. Et plaide plut\u00f4t pour le d\u00e9mant\u00e8lement de certains syst\u00e8mes de\u00a0<a href=\"http:\/\/www.lefigaro.fr\/actualite-france\/interdiction-des-couteaux-zombies-traque-sur-les-reseaux-videosurveillance-ce-que-propose-le-rapport-sur-les-violences-par-armes-blanches-chez-les-mineurs-20250528\" data-fig-type=\"NewsFlash\" data-gtm-custom-categorie=\"navigation\" data-gtm-custom-action=\"crossclick\" data-gtm-custom-label=\"Contextuel\" data-gtm-event=\"customEventSPE\" data-fig-domain=\"LEFIGARO\" target=\"_blank\" rel=\"noopener\">vid\u00e9osurveillance<\/a>. \u00abIl faut voir dans le cadre des contrats, mais je ne suis pas favorable \u00e0 ce qu\u2019on mette des cam\u00e9ras partout, qui n\u2019ont jamais prouv\u00e9 leur utilit\u00e9\u00bb, a d\u00e9velopp\u00e9 Mathilde Panot, confirmant ainsi que les futurs maires LFI mettront en \u0153uvre un plan pour enlever les \u00e9quipements num\u00e9riques d\u00e9j\u00e0 install\u00e9s.<\/p>\n<p class=\"fig-body-link\">\n            \u00c0 lire aussi<br \/>\n        <a class=\"fig-body-link__link fig-premium-mark\" href=\"http:\/\/www.lefigaro.fr\/vox\/politique\/pourquoi-la-gauche-a-t-elle-toujours-autant-de-mal-avec-la-securite-20241011\" data-fig-type=\"Article\" data-gtm-custom-categorie=\"navigation\" data-gtm-custom-action=\"crossclick\" data-gtm-custom-label=\"Contextuel\" data-gtm-event=\"customEventSPE\" data-fig-domain=\"LEFIGARO\" target=\"_blank\" rel=\"noopener\">Pourquoi la gauche a-t-elle toujours autant de mal avec la s\u00e9curit\u00e9\u00a0?<br \/>\n    <\/a>\n<\/p>\n<p class=\"fig-paragraph\">Dans une s\u00e9quence au ton v\u00e9h\u00e9ment et au raisonnement parfois confus, la parlementaire a poursuivi\u00a0: \u00abNe faites pas semblant que c\u2019est extr\u00eamement choquant de proposer \u00e7a. Tous ceux qui ont mis de la police municipale \u00e0 tout-va, qui l\u2019ont surarm\u00e9 \u00e0 tout-va et qui ont mis des cam\u00e9ras de surveillance, qu\u2019est-ce que \u00e7a a cr\u00e9\u00e9\u00a0? Qu\u2019est-ce que \u00e7a a cr\u00e9\u00e9\u00a0? Ce ne sont pas des solutions\u00bb, a-t-elle lanc\u00e9, sans donner le d\u00e9but d\u2019une r\u00e9ponse \u00e0 la question qu&rsquo;elle avait fait mine de poser. Puis d\u2019associer cette politique soi-disant n\u00e9faste aux op\u00e9rations \u00abplace nette\u00bb lanc\u00e9es sous l\u2019impulsion de\u00a0<a href=\"http:\/\/www.lefigaro.fr\/actualite-france\/bracelets-electroniques-amenagements-de-peine-le-plan-de-darmanin-pour-desengorger-les-prisons-cet-ete-20250703\" data-fig-type=\"NewsFlash\" data-gtm-custom-categorie=\"navigation\" data-gtm-custom-action=\"crossclick\" data-gtm-custom-label=\"Contextuel\" data-gtm-event=\"customEventSPE\" data-fig-domain=\"LEFIGARO\" target=\"_blank\" rel=\"noopener\">G\u00e9rald Darmanin,\u00a0<\/a>lorsqu\u2019il \u00e9tait ministre de l\u2019Int\u00e9rieur, pour renforcer la lutte contre le trafic de drogues dans les quartiers sensibles.<\/p>\n<p class=\"fig-paragraph\">Une pique qui n\u2019a pas \u00e9chapp\u00e9 \u00e0 celui qui est d\u00e9sormais ministre de la Justice. \u00abTraduction\u00a0: avec cette gauche, vous n\u2019aurez plus le droit \u00e0 la s\u00e9curit\u00e9. La gauche sans le peuple\u00bb, a \u00e9pingl\u00e9 le garde des Sceaux sur X. Sur fond de rivalit\u00e9s croissantes au sein du bloc central en vue de la pr\u00e9sidentielle de 2027, le maire du Havre (Seine-Maritime), \u00c9douard Philippe, d\u00e9j\u00e0 candidat d\u00e9clar\u00e9 \u00e0 l\u2019\u00c9lys\u00e9e, lui a rapidement embo\u00eet\u00e9 le pas\u00a0: \u00abAux \u00e9lecteurs de ne pas tomber dedans\u00bb, a tanc\u00e9 l\u2019ancien premier ministre. Du c\u00f4t\u00e9 des R\u00e9publicains, Val\u00e9rie P\u00e9cresse, la patronne de la r\u00e9gion francilienne, a elle aussi fustig\u00e9 la posture de LFI qui \u00abfait le choix de l\u2019ins\u00e9curit\u00e9 dans nos communes\u00a0!\u00bb. \u00abOn comprend mieux pourquoi ils souhaitent mettre \u00e0 terre notre bouclier de s\u00e9curit\u00e9 avec les communistes. Aux municipales, nous ferons tout pour leur faire barrage\u00bb, promet l\u2019ancienne candidate \u00e0 la pr\u00e9sidentielle.<\/p>\n<p class=\"fig-paragraph\">Reste que les d\u00e9clarations de Mathilde Panot ont \u00e9galement \u00e9t\u00e9 vilipend\u00e9es par certaines figures de gauche. Parmi elles, le maire socialiste de Montpellier (H\u00e9rault) Micha\u00ebl Delafosse, en guerre ouverte de longue date avec les Insoumis. \u00abL\u2019armement de la police municipale lui permet d\u2019intervenir en tout lieu, seule ou aux c\u00f4t\u00e9s de la police nationale, elle peut, en cas de danger \u00e9vident, agir pour prot\u00e9ger mais aussi pour se prot\u00e9ger en l\u00e9gitime d\u00e9fense\u00bb, a-t-il \u00e9crit sur le m\u00eame r\u00e9seau social, ajoutant au passage que \u00abla vid\u00e9o protection permet \u00e0 la police nationale sous l\u2019autorit\u00e9 judiciaire d\u2019identifier les auteurs et de rendre justice aux victimes\u00bb. Une controverse qui, sans nul doute, continuera d\u2019alimenter le d\u00e9bat politique en d\u00e9but de semaine.<\/p>\n","protected":false},"excerpt":{"rendered":"Invit\u00e9e dimanche de BFMTV, la chef de file des d\u00e9put\u00e9s Insoumis a \u00e9galement annonc\u00e9 que les \u00e9diles m\u00e9lenchonistes&hellip;\n","protected":false},"author":2,"featured_media":231866,"comment_status":"","ping_status":"","sticky":false,"template":"","format":"standard","meta":{"footnotes":""},"categories":[2],"tags":[11,1011,27,2338,14552,12,1072,25],"class_list":{"0":"post-231865","1":"post","2":"type-post","3":"status-publish","4":"format-standard","5":"has-post-thumbnail","7":"category-actualites","8":"tag-actualites","9":"tag-fr","10":"tag-france","11":"tag-la-france-insoumise","12":"tag-mathilde-panot","13":"tag-news","14":"tag-police","15":"tag-republique-francaise"},"share_on_mastodon":{"url":"https:\/\/pubeurope.com\/@fr\/114810075465147848","error":""},"_links":{"self":[{"href":"https:\/\/www.europesays.com\/fr\/wp-json\/wp\/v2\/posts\/231865","targetHints":{"allow":["GET"]}}],"collection":[{"href":"https:\/\/www.europesays.com\/fr\/wp-json\/wp\/v2\/posts"}],"about":[{"href":"https:\/\/www.europesays.com\/fr\/wp-json\/wp\/v2\/types\/post"}],"author":[{"embeddable":true,"href":"https:\/\/www.europesays.com\/fr\/wp-json\/wp\/v2\/users\/2"}],"replies":[{"embeddable":true,"href":"https:\/\/www.europesays.com\/fr\/wp-json\/wp\/v2\/comments?post=231865"}],"version-history":[{"count":0,"href":"https:\/\/www.europesays.com\/fr\/wp-json\/wp\/v2\/posts\/231865\/revisions"}],"wp:featuredmedia":[{"embeddable":true,"href":"https:\/\/www.europesays.com\/fr\/wp-json\/wp\/v2\/media\/231866"}],"wp:attachment":[{"href":"https:\/\/www.europesays.com\/fr\/wp-json\/wp\/v2\/media?parent=231865"}],"wp:term":[{"taxonomy":"category","embeddable":true,"href":"https:\/\/www.europesays.com\/fr\/wp-json\/wp\/v2\/categories?post=231865"},{"taxonomy":"post_tag","embeddable":true,"href":"https:\/\/www.europesays.com\/fr\/wp-json\/wp\/v2\/tags?post=231865"}],"curies":[{"name":"wp","href":"https:\/\/api.w.org\/{rel}","templated":true}]}}