{"id":231867,"date":"2025-07-07T04:31:14","date_gmt":"2025-07-07T04:31:14","guid":{"rendered":"https:\/\/www.europesays.com\/fr\/231867\/"},"modified":"2025-07-07T04:31:14","modified_gmt":"2025-07-07T04:31:14","slug":"mondial-des-clubs-2025-la-stat-qui-sacre-le-psg","status":"publish","type":"post","link":"https:\/\/www.europesays.com\/fr\/231867\/","title":{"rendered":"Mondial des clubs 2025, la stat qui sacre le PSG"},"content":{"rendered":"<p data-testid=\"article-teaser\">Qualifi\u00e9 pour les demi-finales, le PSG est de nouveau favori au sacre de la Coupe du monde des clubs.<\/p>\n<p>Et si cette fois, c\u2019\u00e9tait la bonne ? Depuis le 15 juin, le PSG avance sans bruit mais avec autorit\u00e9 dans cette <a href=\"https:\/\/www.dazn.com\/competition\/Competition:dc4k1xh2984zbypbnunk7ncic?clickref=1011lAAaGjTe&amp;utm_source=affiliate&amp;utm_medium=footballcogoal&amp;utm_campaign=campaign&amp;utm_term=term&amp;utm_content=1100l193997%7C1011lAAaGjTe%7Cfootballcogoal&amp;gad_source=7&amp;dclid=CKfUsMSltY0DFTodBgAdmvQfQA\" target=\"_self\" rel=\"nofollow noopener\">Coupe du monde des clubs, diffus\u00e9e en int\u00e9gralit\u00e9 et gratuitement sur DAZN.<\/a> Apr\u00e8s avoir \u00e9limin\u00e9 le Bayern Munich avec ma\u00eetrise, le club parisien a retrouv\u00e9 son statut de grand favori. Une donn\u00e9e statistique vient d\u00e9sormais confirmer cette tendance et renforcer les ambitions de Luis Enrique.<\/p>\n<p>L&rsquo;article continue ci-dessous<\/p>\n","protected":false},"excerpt":{"rendered":"Qualifi\u00e9 pour les demi-finales, le PSG est de nouveau favori au sacre de la Coupe du monde des&hellip;\n","protected":false},"author":2,"featured_media":231868,"comment_status":"","ping_status":"","sticky":false,"template":"","format":"standard","meta":{"footnotes":""},"categories":[2],"tags":[11,18645,28918,1011,27,28967,6477,12,91,37079,4790,25],"class_list":{"0":"post-231867","1":"post","2":"type-post","3":"status-publish","4":"format-standard","5":"has-post-thumbnail","7":"category-actualites","8":"tag-actualites","9":"tag-coupe-du-monde-des-clubs-fifa","10":"tag-fifa-club-world-cup","11":"tag-fr","12":"tag-france","13":"tag-k-mbappe","14":"tag-kylian-mbappe","15":"tag-news","16":"tag-paris-saint-germain","17":"tag-paris-saint-germain-vs-real-madrid","18":"tag-real-madrid","19":"tag-republique-francaise"},"share_on_mastodon":{"url":"https:\/\/pubeurope.com\/@fr\/114810079435145892","error":""},"_links":{"self":[{"href":"https:\/\/www.europesays.com\/fr\/wp-json\/wp\/v2\/posts\/231867","targetHints":{"allow":["GET"]}}],"collection":[{"href":"https:\/\/www.europesays.com\/fr\/wp-json\/wp\/v2\/posts"}],"about":[{"href":"https:\/\/www.europesays.com\/fr\/wp-json\/wp\/v2\/types\/post"}],"author":[{"embeddable":true,"href":"https:\/\/www.europesays.com\/fr\/wp-json\/wp\/v2\/users\/2"}],"replies":[{"embeddable":true,"href":"https:\/\/www.europesays.com\/fr\/wp-json\/wp\/v2\/comments?post=231867"}],"version-history":[{"count":0,"href":"https:\/\/www.europesays.com\/fr\/wp-json\/wp\/v2\/posts\/231867\/revisions"}],"wp:featuredmedia":[{"embeddable":true,"href":"https:\/\/www.europesays.com\/fr\/wp-json\/wp\/v2\/media\/231868"}],"wp:attachment":[{"href":"https:\/\/www.europesays.com\/fr\/wp-json\/wp\/v2\/media?parent=231867"}],"wp:term":[{"taxonomy":"category","embeddable":true,"href":"https:\/\/www.europesays.com\/fr\/wp-json\/wp\/v2\/categories?post=231867"},{"taxonomy":"post_tag","embeddable":true,"href":"https:\/\/www.europesays.com\/fr\/wp-json\/wp\/v2\/tags?post=231867"}],"curies":[{"name":"wp","href":"https:\/\/api.w.org\/{rel}","templated":true}]}}