{"id":231875,"date":"2025-07-07T04:38:18","date_gmt":"2025-07-07T04:38:18","guid":{"rendered":"https:\/\/www.europesays.com\/fr\/231875\/"},"modified":"2025-07-07T04:38:18","modified_gmt":"2025-07-07T04:38:18","slug":"motogp-tres-mauvaise-nouvelle-pour-lcr-2-g-p-dindisponibilite-zarco-coequipier-despargaro","status":"publish","type":"post","link":"https:\/\/www.europesays.com\/fr\/231875\/","title":{"rendered":"MotoGP Tr\u00e8s mauvaise nouvelle pour LCR, 2 G.P d&rsquo;indisponibilit\u00e9, Zarco co\u00e9quipier d&rsquo;Espargaro ?"},"content":{"rendered":"<p>La nouvelle est tomb\u00e9e voil\u00e0 quelques heures, Somkiat Chantra sera indisponible pendant deux Grand-Prix soit, l\u2019Allemagne et la R\u00e9publique Tch\u00e8que. Le rookie, qui venait justement de marquer son premier point dans la cat\u00e9gorie reine, \u00e0 Assen, s\u2019est bless\u00e9 au ligament collat\u00e9ral lat\u00e9ral de sa jambe droite \u00e0 l\u2019entra\u00eenement. Le Tha\u00eflandais va donc \u00eatre op\u00e9r\u00e9, pardi prochain.<\/p>\n<p>MotoGP : la perspective d\u2019un duo Zarco-Espargaro chez LCR\u2026?<\/p>\n<p>Pour l\u2019heure, aucune annonce n\u2019a encore \u00e9t\u00e9 faite concernant un rempla\u00e7ant hypoth\u00e9tique mais potentiellement, Honda pourrait imposer \u00e0 LCR l\u2019un de ses pilotes d\u2019essais. Ainsi, <a href=\"https:\/\/lemagsportauto.ouest-france.fr\/tag\/takaaki-nakagami\/\" target=\"_blank\" rel=\"noopener nofollow\">Takaaki Nakagami<\/a> pourrait retrouver son \u00e9quipe et Lucio Cecchinello. A moins qu\u2019Aleix Espargaro ne soit d\u00e9sign\u00e9, chose qui ferait des \u00e9tincelles, avec Johann Zarco\u2026Annonce \u00e0 suivre avec beaucoup d\u2019attention, donc.<\/p>\n<\/p>\n<p>Article publi\u00e9 le 05\/07\/2025 \u00e0 6h30<\/p>\n<p>                                            <img loading=\"lazy\" alt=\"\" class=\"avatar avatar-100 photo lazyload\" height=\"100\" width=\"100\" decoding=\"async\" src=\"https:\/\/www.europesays.com\/fr\/wp-content\/uploads\/2025\/07\/1751863098_849_ffbb894c35ea5189d599d4ea062c98b86ffb67cc602fa683ebcbf422a80fc47a\"  data-eio-rwidth=\"100\" data-eio-rheight=\"100\"\/><\/p>\n<p class=\"h2\">\n                                            Julien Barthet\n                                        <\/p>\n<p>R\u00e9dacteur professionnel, titulaire de la carte de presse pendant 3 ans. Fondateur\/Directeur et R\u00e9dacteur en chef Le Mag Sport Auto et LeMagJeuxHighTech.com.&#13;<br \/>\nEx-Pilote automobile : 55 courses (Formule Ford, F.Campus, Coupe 206 Sprint et Relais, Saxo, Ford Fiesta Allemagne, Mitjet) 1 Victoire. Essais F3, Nascar Euro, Caterham, F.Renault, etc.<\/p>\n<p>                                                                                                                            <a href=\"https:\/\/lemagsportauto.ouest-france.fr\/author\/lmsa_adm\/\" title=\"Julien Barthet\" rel=\"nofollow noopener\" target=\"_blank\"><br \/>\n                                                Voir les publications de l&rsquo;auteur<br \/>\n                                            <\/a><\/p>\n","protected":false},"excerpt":{"rendered":"La nouvelle est tomb\u00e9e voil\u00e0 quelques heures, Somkiat Chantra sera indisponible pendant deux Grand-Prix soit, l\u2019Allemagne et la&hellip;\n","protected":false},"author":2,"featured_media":231876,"comment_status":"","ping_status":"","sticky":false,"template":"","format":"standard","meta":{"footnotes":""},"categories":[1413],"tags":[1011,27,1741,9452,1457,1456,1458,60],"class_list":{"0":"post-231875","1":"post","2":"type-post","3":"status-publish","4":"format-standard","5":"has-post-thumbnail","7":"category-moto","8":"tag-fr","9":"tag-france","10":"tag-johann-zarco","11":"tag-lcr","12":"tag-moto","13":"tag-motocycle","14":"tag-motogp","15":"tag-sports"},"share_on_mastodon":{"url":"https:\/\/pubeurope.com\/@fr\/114810106951760178","error":""},"_links":{"self":[{"href":"https:\/\/www.europesays.com\/fr\/wp-json\/wp\/v2\/posts\/231875","targetHints":{"allow":["GET"]}}],"collection":[{"href":"https:\/\/www.europesays.com\/fr\/wp-json\/wp\/v2\/posts"}],"about":[{"href":"https:\/\/www.europesays.com\/fr\/wp-json\/wp\/v2\/types\/post"}],"author":[{"embeddable":true,"href":"https:\/\/www.europesays.com\/fr\/wp-json\/wp\/v2\/users\/2"}],"replies":[{"embeddable":true,"href":"https:\/\/www.europesays.com\/fr\/wp-json\/wp\/v2\/comments?post=231875"}],"version-history":[{"count":0,"href":"https:\/\/www.europesays.com\/fr\/wp-json\/wp\/v2\/posts\/231875\/revisions"}],"wp:featuredmedia":[{"embeddable":true,"href":"https:\/\/www.europesays.com\/fr\/wp-json\/wp\/v2\/media\/231876"}],"wp:attachment":[{"href":"https:\/\/www.europesays.com\/fr\/wp-json\/wp\/v2\/media?parent=231875"}],"wp:term":[{"taxonomy":"category","embeddable":true,"href":"https:\/\/www.europesays.com\/fr\/wp-json\/wp\/v2\/categories?post=231875"},{"taxonomy":"post_tag","embeddable":true,"href":"https:\/\/www.europesays.com\/fr\/wp-json\/wp\/v2\/tags?post=231875"}],"curies":[{"name":"wp","href":"https:\/\/api.w.org\/{rel}","templated":true}]}}