{"id":231879,"date":"2025-07-07T04:40:09","date_gmt":"2025-07-07T04:40:09","guid":{"rendered":"https:\/\/www.europesays.com\/fr\/231879\/"},"modified":"2025-07-07T04:40:09","modified_gmt":"2025-07-07T04:40:09","slug":"tdf-tour-de-france-wout-van-aert-je-devais-etre-la-dans-le-final-mais","status":"publish","type":"post","link":"https:\/\/www.europesays.com\/fr\/231879\/","title":{"rendered":"TDF. Tour de France &#8211; Wout Van Aert : \u00abJe devais \u00eatre l\u00e0 dans le final, mais&#8230;\u00bb"},"content":{"rendered":"<p>Si l&rsquo;\u00e9quipe <strong>Visma | Lease a Bike<\/strong>\u00a0et <strong><a href=\"https:\/\/www.cyclismactu.net\/..\/news-tdf-route-tour-de-france-jonas-vingegaard-on-voulait-que-wout-van-aert-gagne-mais-88752.html\" target=\"_blank\" rel=\"nofollow noopener\">Jonas Vingegaard<\/a><\/strong> se sont encore une fois montr\u00e9s tr\u00e8s entreprenants ce dimanche sur la 2e \u00e9tape du <strong>Tour de France<\/strong>, conclue par une belle 3e place du Danois \u00e0\u00a0Boulogne-sur-Mer derri\u00e8re <strong><a href=\"https:\/\/www.cyclismactu.net\/..\/news-tdf-route-tour-de-france-mathieu-van-der-poel-c-est-un-reve-pour-equipe-88749.html\" target=\"_blank\" rel=\"nofollow noopener\">Mathieu van der Poel<\/a><\/strong>\u00a0(Alpecin-Deceuninck) et\u00a0<strong>Tadej Pogacar<\/strong>\u00a0(UAE Team Emirates-XRG), tout n&rsquo;a pas parfaitement fonctionn\u00e9 dans le plan de base de l&rsquo;\u00e9curie n\u00e9erlandaise sur les routes du Nord de la France. Comme soulign\u00e9 par le double vainqueur du <strong>Tour<\/strong> et son directeur sportif\u00a0<strong><a href=\"https:\/\/www.cyclismactu.net\/..\/news-tdf-route-tour-de-france-grischa-niermann-on-veut-tester-nos-adversaires-chaque-jour-88753.html\" target=\"_blank\" rel=\"nofollow noopener\">Grischa Niermann<\/a><\/strong> apr\u00e8s la ligne \u00e0 notre micro, l&rsquo;id\u00e9e \u00e9tait initialement de jouer la gagne avec <strong>Wout Van Aert<\/strong>, mais le Belge n&rsquo;a pas tenu la cadence dans ce final explosif et mouvement\u00e9, certainement encore un peu juste apr\u00e8s sa maladie d&rsquo;il y a quelques jours. <\/p>\n<p>Vid\u00e9o &#8211; Vingegaard et la Visma misaient sur Wout Van Aert dimanche Lire la suite de l&rsquo;article&#13;<\/p>\n<p>\u00a0<\/p>\n<p>&#13;<br \/>\n\u00ab\u00a0Jonas est tr\u00e8s agressif en ce d\u00e9but de Tour de France, \u00e7a me fait tr\u00e8s plaisir de voir \u00e7a\u00a0\u00bb&#13;<\/p>\n<p>Finalement 60e \u00e0 plus de 4 minutes du vainqueur, <strong>WVA<\/strong> est revenu apr\u00e8s la ligne sur cette journ\u00e9e compliqu\u00e9e d&rsquo;un point de vue personnel. \u00ab\u00a0Je n&rsquo;ai pas vu le final malheureusement. C&rsquo;\u00e9tait le plan de base que je sois l\u00e0, et de jouer avec Matteo Jorgenson, Jonas Vingegaard et moi dans le final. Mais les jambes n&rsquo;ont pas r\u00e9pondu, et je n&rsquo;\u00e9tais donc pas l\u00e0. Eux, ils ont fait un bon final, mais ce n&rsquo;\u00e9tait pas assez de mon c\u00f4t\u00e9. Jonas est tr\u00e8s agressif en ce d\u00e9but de Tour de France, \u00e7a me fait tr\u00e8s plaisir de voir \u00e7a. Les gens n&rsquo;ont pas trop cette image l\u00e0 de Jonas, mais il aime vraiment faire la course. Et il a les jambes\u00a0\u00bb, a conclu\u00a0<strong>Wout Van Aert<\/strong> en fran\u00e7ais.<\/p>\n<p>Tour de France &#8211; Classement de la 2\u00e8 \u00e9tape Tour de France &#8211; Classement g\u00e9n\u00e9ral provisoire apr\u00e8s la 2\u00e8 \u00e9tape<\/p>\n","protected":false},"excerpt":{"rendered":"Si l&rsquo;\u00e9quipe Visma | Lease a Bike\u00a0et Jonas Vingegaard se sont encore une fois montr\u00e9s tr\u00e8s entreprenants ce&hellip;\n","protected":false},"author":2,"featured_media":231880,"comment_status":"","ping_status":"","sticky":false,"template":"","format":"standard","meta":{"footnotes":""},"categories":[1411],"tags":[1154,207,211,1011,27,209,60,210,212,208,213],"class_list":{"0":"post-231879","1":"post","2":"type-post","3":"status-publish","4":"format-standard","5":"has-post-thumbnail","7":"category-cyclisme","8":"tag-cycling","9":"tag-cyclisme","10":"tag-ffc","11":"tag-fr","12":"tag-france","13":"tag-route","14":"tag-sports","15":"tag-tour-de-france","16":"tag-uci","17":"tag-velo","18":"tag-world-tour"},"share_on_mastodon":{"url":"https:\/\/pubeurope.com\/@fr\/114810114764981331","error":""},"_links":{"self":[{"href":"https:\/\/www.europesays.com\/fr\/wp-json\/wp\/v2\/posts\/231879","targetHints":{"allow":["GET"]}}],"collection":[{"href":"https:\/\/www.europesays.com\/fr\/wp-json\/wp\/v2\/posts"}],"about":[{"href":"https:\/\/www.europesays.com\/fr\/wp-json\/wp\/v2\/types\/post"}],"author":[{"embeddable":true,"href":"https:\/\/www.europesays.com\/fr\/wp-json\/wp\/v2\/users\/2"}],"replies":[{"embeddable":true,"href":"https:\/\/www.europesays.com\/fr\/wp-json\/wp\/v2\/comments?post=231879"}],"version-history":[{"count":0,"href":"https:\/\/www.europesays.com\/fr\/wp-json\/wp\/v2\/posts\/231879\/revisions"}],"wp:featuredmedia":[{"embeddable":true,"href":"https:\/\/www.europesays.com\/fr\/wp-json\/wp\/v2\/media\/231880"}],"wp:attachment":[{"href":"https:\/\/www.europesays.com\/fr\/wp-json\/wp\/v2\/media?parent=231879"}],"wp:term":[{"taxonomy":"category","embeddable":true,"href":"https:\/\/www.europesays.com\/fr\/wp-json\/wp\/v2\/categories?post=231879"},{"taxonomy":"post_tag","embeddable":true,"href":"https:\/\/www.europesays.com\/fr\/wp-json\/wp\/v2\/tags?post=231879"}],"curies":[{"name":"wp","href":"https:\/\/api.w.org\/{rel}","templated":true}]}}