{"id":231887,"date":"2025-07-07T04:45:25","date_gmt":"2025-07-07T04:45:25","guid":{"rendered":"https:\/\/www.europesays.com\/fr\/231887\/"},"modified":"2025-07-07T04:45:25","modified_gmt":"2025-07-07T04:45:25","slug":"lautrice-mona-kasten-juge-la-serie-adaptee-de-ses-romans","status":"publish","type":"post","link":"https:\/\/www.europesays.com\/fr\/231887\/","title":{"rendered":"L\u2019autrice Mona Kasten juge la s\u00e9rie adapt\u00e9e de ses romans"},"content":{"rendered":"<p>Alors que la saison 2 de Maxton Hall est attendue pour l\u2019automne sur Prime Video, l\u2019autrice Mona Kasten livre enfin son avis sur l\u2019adaptation de ses romans.<\/p>\n<p>Un second souffle arrive. La saga litt\u00e9raire <a href=\"https:\/\/www.programme-tv.net\/news\/series-tv\/380652-fans-de-maxton-hall-cette-nouvelle-serie-devrait-vous-plaire\/\" data-api-deeplink=\"teleloisirs:\/\/news\/380652\" target=\"_blank\" rel=\"noopener\">Maxton Hall<\/a>, dont est tir\u00e9e la s\u00e9rie Prime Video \u00e9ponyme, va enfin \u00eatre traduite en anglais. Les fans de la s\u00e9rie romantique le savent, l\u2019histoire est initialement sign\u00e9e Mona Kasten, une autrice allemande qui a d\u00e9but\u00e9 cette saga sur le papier en 2018. Le succ\u00e8s de la s\u00e9rie sur Prime Video lui permet d\u00e9sormais de r\u00eaver plus grand pour ses histoires et ses personnages, puisque ses livres vont enfin entrer sur les march\u00e9s anglophones. Interview\u00e9e par <a href=\"https:\/\/www.hollywoodreporter.com\/lifestyle\/arts\/maxton-hall-author-interview-books-english-series-1236221690\/\" target=\"_blank\" rel=\"noopener\">The Hollywood Reporter<\/a> \u00e0 l\u2019occasion de cette annonce, l\u2019\u00e9crivaine a r\u00e9v\u00e9l\u00e9 ce qu\u2019elle pensait de l\u2019adaptation en s\u00e9rie de Maxton Hall. Pour rappel, la fiction dont la premi\u00e8re saison est sortie en mai 2024 suit Ruby, nouvellement arriv\u00e9e dans l\u2019\u00e9cole priv\u00e9e Maxton Hall. Tr\u00e8s vite t\u00e9moin d\u2019un secret explosif qui concerne le tr\u00e8s riche et arrogant James Beaufort, elle se met le gar\u00e7on \u00e0 dos. Mais leurs disputes vont mener \u00e0 une histoire d\u2019amour \u00e9tonnante.<\/p>\n<p>                        L\u2019autrice de Maxton Hall est ravie de l\u2019adaptation de ses romans en s\u00e9rie<\/p>\n<p>\u00ab\u00a0Voir Damian [Hardun, qui incarne James, ndlr] et Harriet [Ruby dans la s\u00e9rie, ndlr] donner vie aux personnages de mon livre est vraiment pr\u00e9cieux, a d\u00e9clar\u00e9 Mona Kasten \u00e0 The Hollywood Reporter. Ils ont parfaitement r\u00e9ussi \u00e0 repr\u00e9senter la d\u00e9termination et l\u2019enthousiasme de Ruby et les diff\u00e9rentes facettes de la personnalit\u00e9 de James.\u00a0\u00bb L\u2019autrice a confi\u00e9 avoir aim\u00e9 \u00ab\u00a0les sc\u00e8nes qui incluaient des dialogues du livre retranscrits mot pour mot\u00a0\u00bb. Elle esp\u00e8re d\u00e9sormais que de plus en plus de monde d\u00e9couvrira l\u2019univers de Maxton Hall gr\u00e2ce \u00e0 sa nouvelle traduction. \u00ab\u00a0J\u2019esp\u00e8re que les lecteurs en tireront une le\u00e7on : aucun r\u00eave n\u2019est trop petit ou trop grand et, m\u00eame si c\u2019est difficile, on a toujours le pouvoir de prendre notre vie en main\u00a0\u00bb, a-t-elle ajout\u00e9.<\/p>\n<p>            Que va-t-il se passer dans la saison 2 de Maxton Hall ?<\/p>\n<p>Les fans de la s\u00e9rie Prime Video vont pouvoir tr\u00e8s bient\u00f4t conna\u00eetre la suite de l\u2019histoire. <a href=\"https:\/\/www.programme-tv.net\/news\/series-tv\/354079-maxton-hall-saison-2-intrigues-casting-les-premieres-informations-sur-la-suite-de-la-serie\/\" data-api-deeplink=\"teleloisirs:\/\/news\/354079\" target=\"_blank\" rel=\"noopener\">La saison 2 de Maxton Hall<\/a> sera mise en ligne le 7 novembre. On sait d\u00e9j\u00e0 que l\u2019intrigue se resserrera autour du deuil que doit traverser James apr\u00e8s la mort de sa m\u00e8re. \u00ab\u00a0<a href=\"https:\/\/www.programme-tv.net\/news\/series-tv\/368921-maxton-hall-cetait-vraiment-tres-dur-pourquoi-damian-hardung-james-a-mal-vecu-le-tournage-de-la-saison-2\/\" data-api-deeplink=\"teleloisirs:\/\/news\/368921\" target=\"_blank\" rel=\"noopener\">La deuxi\u00e8me saison est vraiment sombre<\/a> et il y a beaucoup de chagrin et de traumatisme pour mon personnage\u00a0\u00bb, a confi\u00e9 Damian Hardung \u00e0 ce sujet. L\u2019histoire entre Harriet et James tiendra-t-elle face \u00e0 ces nouvelles \u00e9preuves ?<\/p>\n<p>Article \u00e9crit en collaboration avec 6M\u00e9dias.<\/p>\n","protected":false},"excerpt":{"rendered":"Alors que la saison 2 de Maxton Hall est attendue pour l\u2019automne sur Prime Video, l\u2019autrice Mona Kasten&hellip;\n","protected":false},"author":2,"featured_media":231888,"comment_status":"","ping_status":"","sticky":false,"template":"","format":"standard","meta":{"footnotes":""},"categories":[1356],"tags":[4225,244,58,59,1011,27,37082,37080,37081,4224,11219,129,252,1364],"class_list":{"0":"post-231887","1":"post","2":"type-post","3":"status-publish","4":"format-standard","5":"has-post-thumbnail","7":"category-television","8":"tag-amazon-prime-vidu00e9o","9":"tag-commentaire","10":"tag-divertissement","11":"tag-entertainment","12":"tag-fr","13":"tag-france","14":"tag-maxton-hall-le-monde-qui-nous-su00e9pare","15":"tag-maxton-hall-le-monde-qui-nous-su00e9pare-saison-1-52160697","16":"tag-maxton-hall-le-monde-qui-nous-su00e9pare-su00e9rie-52160696","17":"tag-pub-streaming-prime-video","18":"tag-su00e9rie-amazon","19":"tag-svod","20":"tag-television","21":"tag-tv"},"share_on_mastodon":{"url":"https:\/\/pubeurope.com\/@fr\/114810134555803932","error":""},"_links":{"self":[{"href":"https:\/\/www.europesays.com\/fr\/wp-json\/wp\/v2\/posts\/231887","targetHints":{"allow":["GET"]}}],"collection":[{"href":"https:\/\/www.europesays.com\/fr\/wp-json\/wp\/v2\/posts"}],"about":[{"href":"https:\/\/www.europesays.com\/fr\/wp-json\/wp\/v2\/types\/post"}],"author":[{"embeddable":true,"href":"https:\/\/www.europesays.com\/fr\/wp-json\/wp\/v2\/users\/2"}],"replies":[{"embeddable":true,"href":"https:\/\/www.europesays.com\/fr\/wp-json\/wp\/v2\/comments?post=231887"}],"version-history":[{"count":0,"href":"https:\/\/www.europesays.com\/fr\/wp-json\/wp\/v2\/posts\/231887\/revisions"}],"wp:featuredmedia":[{"embeddable":true,"href":"https:\/\/www.europesays.com\/fr\/wp-json\/wp\/v2\/media\/231888"}],"wp:attachment":[{"href":"https:\/\/www.europesays.com\/fr\/wp-json\/wp\/v2\/media?parent=231887"}],"wp:term":[{"taxonomy":"category","embeddable":true,"href":"https:\/\/www.europesays.com\/fr\/wp-json\/wp\/v2\/categories?post=231887"},{"taxonomy":"post_tag","embeddable":true,"href":"https:\/\/www.europesays.com\/fr\/wp-json\/wp\/v2\/tags?post=231887"}],"curies":[{"name":"wp","href":"https:\/\/api.w.org\/{rel}","templated":true}]}}