{"id":231899,"date":"2025-07-07T04:52:11","date_gmt":"2025-07-07T04:52:11","guid":{"rendered":"https:\/\/www.europesays.com\/fr\/231899\/"},"modified":"2025-07-07T04:52:11","modified_gmt":"2025-07-07T04:52:11","slug":"on-a-contacte-200-a-300-etablissements-dans-ce-camping-de-benodet-camille-a-enfin-decroche-son-job-saisonnier","status":"publish","type":"post","link":"https:\/\/www.europesays.com\/fr\/231899\/","title":{"rendered":"\u00ab\u00a0On a contact\u00e9 200 \u00e0 300 \u00e9tablissements\u00a0\u00bb\u00a0: dans ce camping de B\u00e9nodet, Camille a (enfin) d\u00e9croch\u00e9 son job saisonnier"},"content":{"rendered":"<p>\u00c0 20 ans, Camille Guibert est d\u00e9j\u00e0 une saisonni\u00e8re exp\u00e9riment\u00e9e. Apr\u00e8s avoir r\u00e9alis\u00e9 cinq saisons dans des restaurants et magasins proches de chez elle, \u00e0 Saint-Gilles-Croix-de-Vie (Vend\u00e9e), elle r\u00e9alise sa premi\u00e8re saison \u00e0 la buvette du camping Marvilla Parks, \u00e0 l\u2019entr\u00e9e de B\u00e9nodet.<\/p>\n<p>\u00ab Je suis arriv\u00e9 il y a un mois et demi compl\u00e8tement par hasard ! Avec une copine, on cherchait un endroit pour faire une saison ensemble. On a contact\u00e9 entre 200 et 300 \u00e9tablissements. Et, finalement, le camping a vu le CV de ma copine et l\u2019a contact\u00e9e. Elle a accept\u00e9, \u00e0 condition qu\u2019on soit recrut\u00e9e toutes les deux \u00bb, relate Camille.<\/p>\n<p>\u00ab On se grave des souvenirs \u00e0 vie \u00bb<\/p>\n<p>Pour Camille, faire la saison, c\u2019est un bon moyen pour gagner de l\u2019argent (1 446 \u20ac nets\/mois, pendant trois mois) et aussi s\u2019\u00e9vader du train de vie parisien, o\u00f9 elle \u00e9tudie le droit et les sciences politiques. \u00ab M\u00eame si les journ\u00e9es sont parfois longues, on vit tous ensemble, on fait des rencontres et on se grave des souvenirs \u00e0 vie \u00bb, sourit-elle.<\/p>\n","protected":false},"excerpt":{"rendered":"\u00c0 20 ans, Camille Guibert est d\u00e9j\u00e0 une saisonni\u00e8re exp\u00e9riment\u00e9e. Apr\u00e8s avoir r\u00e9alis\u00e9 cinq saisons dans des restaurants&hellip;\n","protected":false},"author":2,"featured_media":231900,"comment_status":"","ping_status":"","sticky":false,"template":"","format":"standard","meta":{"footnotes":""},"categories":[6],"tags":[37083,35,33,34,1011,27,3319],"class_list":{"0":"post-231899","1":"post","2":"type-post","3":"status-publish","4":"format-standard","5":"has-post-thumbnail","7":"category-economie","8":"tag-benodet","9":"tag-business","10":"tag-economie","11":"tag-economy","12":"tag-fr","13":"tag-france","14":"tag-quimper"},"share_on_mastodon":{"url":"https:\/\/pubeurope.com\/@fr\/114810161972123479","error":""},"_links":{"self":[{"href":"https:\/\/www.europesays.com\/fr\/wp-json\/wp\/v2\/posts\/231899","targetHints":{"allow":["GET"]}}],"collection":[{"href":"https:\/\/www.europesays.com\/fr\/wp-json\/wp\/v2\/posts"}],"about":[{"href":"https:\/\/www.europesays.com\/fr\/wp-json\/wp\/v2\/types\/post"}],"author":[{"embeddable":true,"href":"https:\/\/www.europesays.com\/fr\/wp-json\/wp\/v2\/users\/2"}],"replies":[{"embeddable":true,"href":"https:\/\/www.europesays.com\/fr\/wp-json\/wp\/v2\/comments?post=231899"}],"version-history":[{"count":0,"href":"https:\/\/www.europesays.com\/fr\/wp-json\/wp\/v2\/posts\/231899\/revisions"}],"wp:featuredmedia":[{"embeddable":true,"href":"https:\/\/www.europesays.com\/fr\/wp-json\/wp\/v2\/media\/231900"}],"wp:attachment":[{"href":"https:\/\/www.europesays.com\/fr\/wp-json\/wp\/v2\/media?parent=231899"}],"wp:term":[{"taxonomy":"category","embeddable":true,"href":"https:\/\/www.europesays.com\/fr\/wp-json\/wp\/v2\/categories?post=231899"},{"taxonomy":"post_tag","embeddable":true,"href":"https:\/\/www.europesays.com\/fr\/wp-json\/wp\/v2\/tags?post=231899"}],"curies":[{"name":"wp","href":"https:\/\/api.w.org\/{rel}","templated":true}]}}