{"id":231906,"date":"2025-07-07T04:57:12","date_gmt":"2025-07-07T04:57:12","guid":{"rendered":"https:\/\/www.europesays.com\/fr\/231906\/"},"modified":"2025-07-07T04:57:12","modified_gmt":"2025-07-07T04:57:12","slug":"les-reponses-de-gael-perdriau","status":"publish","type":"post","link":"https:\/\/www.europesays.com\/fr\/231906\/","title":{"rendered":"les r\u00e9ponses de Ga\u00ebl Perdriau"},"content":{"rendered":"<p>En mai\u00a02024, la chambre r\u00e9gionale des comptes (CRC) dressait un rapport sur la communication de la Ville de Saint-\u00c9tienne, <a href=\"https:\/\/www.leprogres.fr\/politique\/2024\/05\/26\/distribution-des-places-de-matches-de-l-asse-carton-jaune-pour-la-ville-et-la-metropole\" target=\"_blank\" rel=\"nofollow noopener\">pointant plusieurs dysfonctionnements et un manque de transparence<\/a>. Elle avait formul\u00e9 sept recommandations et le maire, Ga\u00ebl Perdriau, avait un an pour pr\u00e9senter les actions entreprises pour y rem\u00e9dier. Lundi dernier, jour de conseil municipal, il y a r\u00e9pondu point par point.<\/p>\n<p>\u00ab\u00a0Si la Ville doit recommander des sondages, elle le fera\u00a0\u00bb<\/p>\n<p>La premi\u00e8re recommandation de la CRC \u00e9tait de formaliser la strat\u00e9gie de communication et de la pr\u00e9senter \u00e0 l\u2019assembl\u00e9e d\u00e9lib\u00e9rante. \u00ab\u00a0Je suis d\u00e9sol\u00e9, mais depuis trente ans que je suis \u00e9lu, je n\u2019ai jamais vu une fois&#8230;<\/p>\n","protected":false},"excerpt":{"rendered":"En mai\u00a02024, la chambre r\u00e9gionale des comptes (CRC) dressait un rapport sur la communication de la Ville de&hellip;\n","protected":false},"author":2,"featured_media":231907,"comment_status":"","ping_status":"","sticky":false,"template":"","format":"standard","meta":{"footnotes":""},"categories":[9653],"tags":[1111,11,2430,1984,7539,1777,674,107,1011,27,3367,12,316,25,4001,7538],"class_list":{"0":"post-231906","1":"post","2":"type-post","3":"status-publish","4":"format-standard","5":"has-post-thumbnail","7":"category-saint-etienne","8":"tag-actu","9":"tag-actualites","10":"tag-auvergne-rhone-alpes","11":"tag-conseil-municipal","12":"tag-edition-loire-sud","13":"tag-eu","14":"tag-europe","15":"tag-fil-info","16":"tag-fr","17":"tag-france","18":"tag-loire","19":"tag-news","20":"tag-politique","21":"tag-republique-francaise","22":"tag-saint-etienne","23":"tag-saint-etienne-ville"},"share_on_mastodon":{"url":"https:\/\/pubeurope.com\/@fr\/114810181571828404","error":""},"_links":{"self":[{"href":"https:\/\/www.europesays.com\/fr\/wp-json\/wp\/v2\/posts\/231906","targetHints":{"allow":["GET"]}}],"collection":[{"href":"https:\/\/www.europesays.com\/fr\/wp-json\/wp\/v2\/posts"}],"about":[{"href":"https:\/\/www.europesays.com\/fr\/wp-json\/wp\/v2\/types\/post"}],"author":[{"embeddable":true,"href":"https:\/\/www.europesays.com\/fr\/wp-json\/wp\/v2\/users\/2"}],"replies":[{"embeddable":true,"href":"https:\/\/www.europesays.com\/fr\/wp-json\/wp\/v2\/comments?post=231906"}],"version-history":[{"count":0,"href":"https:\/\/www.europesays.com\/fr\/wp-json\/wp\/v2\/posts\/231906\/revisions"}],"wp:featuredmedia":[{"embeddable":true,"href":"https:\/\/www.europesays.com\/fr\/wp-json\/wp\/v2\/media\/231907"}],"wp:attachment":[{"href":"https:\/\/www.europesays.com\/fr\/wp-json\/wp\/v2\/media?parent=231906"}],"wp:term":[{"taxonomy":"category","embeddable":true,"href":"https:\/\/www.europesays.com\/fr\/wp-json\/wp\/v2\/categories?post=231906"},{"taxonomy":"post_tag","embeddable":true,"href":"https:\/\/www.europesays.com\/fr\/wp-json\/wp\/v2\/tags?post=231906"}],"curies":[{"name":"wp","href":"https:\/\/api.w.org\/{rel}","templated":true}]}}