{"id":231917,"date":"2025-07-07T05:08:11","date_gmt":"2025-07-07T05:08:11","guid":{"rendered":"https:\/\/www.europesays.com\/fr\/231917\/"},"modified":"2025-07-07T05:08:11","modified_gmt":"2025-07-07T05:08:11","slug":"une-juridiction-pour-prevenir-la-rechute-sur-le-plan-medical-afin-deviter-la-recidive-sur-le-plan-judiciaire","status":"publish","type":"post","link":"https:\/\/www.europesays.com\/fr\/231917\/","title":{"rendered":"une juridiction pour pr\u00e9venir la rechute sur le plan m\u00e9dical afin d\u2019\u00e9viter la r\u00e9cidive sur le plan judiciaire"},"content":{"rendered":"<p>\u00c9tienne Manteaux est lucide\u00a0: \u00ab\u00a0On condamne mais on voit bien qu\u2019on n\u2019est pas tr\u00e8s bons sur les taux de r\u00e9cidive, tout particuli\u00e8rement en mati\u00e8re de toxicomanie, o\u00f9 ces taux sont terriblement mauvais\u00a0\u00bb. \u00ab\u00a0Parce qu\u2019on sait qu\u2019un toxicomane va avoir de gros besoins financiers pour assurer sa consommation, ce qui entra\u00eene des faits de d\u00e9linquance comme les vols par exemple\u00a0\u00bb, explique le procureur de la R\u00e9publique de Grenoble.<\/p>\n<p>Et c\u2019est pour tenter de r\u00e9duire le taux de r\u00e9cidive des d\u00e9linquants pr\u00e9sentant de lourdes addictions (drogue, alcool, m\u00e9dicaments\u2026) que les repr\u00e9sentants du monde&#8230;<\/p>\n","protected":false},"excerpt":{"rendered":"\u00c9tienne Manteaux est lucide\u00a0: \u00ab\u00a0On condamne mais on voit bien qu\u2019on n\u2019est pas tr\u00e8s bons sur les taux&hellip;\n","protected":false},"author":2,"featured_media":231918,"comment_status":"","ping_status":"","sticky":false,"template":"","format":"standard","meta":{"footnotes":""},"categories":[9566],"tags":[1111,11,2430,271,272,112,113,114,1777,674,274,1011,27,2731,2732,108,6225,12,25],"class_list":{"0":"post-231917","1":"post","2":"type-post","3":"status-publish","4":"format-standard","5":"has-post-thumbnail","7":"category-grenoble","8":"tag-actu","9":"tag-actualites","10":"tag-auvergne-rhone-alpes","11":"tag-crime","12":"tag-delit-et-contravention","13":"tag-edition-grenoble-agglomeration","14":"tag-edition-gresivaudan-oisans","15":"tag-edition-voiron-saint-marcellin","16":"tag-eu","17":"tag-europe","18":"tag-faits-divers-justice","19":"tag-fr","20":"tag-france","21":"tag-grenoble","22":"tag-grenoble-bassin","23":"tag-isere","24":"tag-la-matinale","25":"tag-news","26":"tag-republique-francaise"},"share_on_mastodon":{"url":"https:\/\/pubeurope.com\/@fr\/114810224833496860","error":""},"_links":{"self":[{"href":"https:\/\/www.europesays.com\/fr\/wp-json\/wp\/v2\/posts\/231917","targetHints":{"allow":["GET"]}}],"collection":[{"href":"https:\/\/www.europesays.com\/fr\/wp-json\/wp\/v2\/posts"}],"about":[{"href":"https:\/\/www.europesays.com\/fr\/wp-json\/wp\/v2\/types\/post"}],"author":[{"embeddable":true,"href":"https:\/\/www.europesays.com\/fr\/wp-json\/wp\/v2\/users\/2"}],"replies":[{"embeddable":true,"href":"https:\/\/www.europesays.com\/fr\/wp-json\/wp\/v2\/comments?post=231917"}],"version-history":[{"count":0,"href":"https:\/\/www.europesays.com\/fr\/wp-json\/wp\/v2\/posts\/231917\/revisions"}],"wp:featuredmedia":[{"embeddable":true,"href":"https:\/\/www.europesays.com\/fr\/wp-json\/wp\/v2\/media\/231918"}],"wp:attachment":[{"href":"https:\/\/www.europesays.com\/fr\/wp-json\/wp\/v2\/media?parent=231917"}],"wp:term":[{"taxonomy":"category","embeddable":true,"href":"https:\/\/www.europesays.com\/fr\/wp-json\/wp\/v2\/categories?post=231917"},{"taxonomy":"post_tag","embeddable":true,"href":"https:\/\/www.europesays.com\/fr\/wp-json\/wp\/v2\/tags?post=231917"}],"curies":[{"name":"wp","href":"https:\/\/api.w.org\/{rel}","templated":true}]}}