{"id":231923,"date":"2025-07-07T05:12:12","date_gmt":"2025-07-07T05:12:12","guid":{"rendered":"https:\/\/www.europesays.com\/fr\/231923\/"},"modified":"2025-07-07T05:12:12","modified_gmt":"2025-07-07T05:12:12","slug":"strasbourg-des-cochons-priorises-sur-des-malades-du-cancer-a-lihu-une-enquete-en-cours","status":"publish","type":"post","link":"https:\/\/www.europesays.com\/fr\/231923\/","title":{"rendered":"Strasbourg. Des cochons prioris\u00e9s sur des malades du cancer \u00e0 l\u2019IHU\u00a0: une enqu\u00eate en cours"},"content":{"rendered":"<p>Y a-t-il eu ou non un arbitrage entre actes sur des humains et actes exp\u00e9rimentaux \u00e0 l\u2019IHU\u00a0? La sant\u00e9 de patients atteints de cancer a-t-elle \u00e9t\u00e9 mise en danger\u00a0? C\u2019est \u00e0 ces questions que devront r\u00e9pondre les enqu\u00eateurs de l\u2019Inspection g\u00e9n\u00e9rale des affaires sociales (Igas) et de l\u2019Inspection g\u00e9n\u00e9rale de l\u2019\u00e9ducation, du sport et de la recherche (IGESR), arriv\u00e9s mardi 1er \u00a0juillet \u00e0 Strasbourg.<\/p>\n<p>Lorsqu\u2019il \u00e9voque les faits pass\u00e9s au crible des inspecteurs, les larmes ne sont jamais loin. Gabriel Weisser a d\u00e9j\u00e0 racont\u00e9 son histoire. Cette fois-ci, il sort de l\u2019anonymat. \u00ab\u00a0Il ne s\u2019agit pas d\u2019\u00eatre connu mais reconnu. Je veux prendre mes responsabilit\u00e9s comme j\u2019aimerais que <a href=\"https:\/\/www.dna.fr\/sante\/2023\/11\/08\/christian-debry-nomme-directeur-general-de-l-ihu-a-strasbourg\" target=\"_blank\" rel=\"noopener\">M. Debry [le directeur g\u00e9n\u00e9ral de l\u2019IHU<\/a>, NDLR] le&#8230;<\/p>\n","protected":false},"excerpt":{"rendered":"Y a-t-il eu ou non un arbitrage entre actes sur des humains et actes exp\u00e9rimentaux \u00e0 l\u2019IHU\u00a0? La&hellip;\n","protected":false},"author":2,"featured_media":231924,"comment_status":"","ping_status":"","sticky":false,"template":"","format":"standard","meta":{"footnotes":""},"categories":[2820],"tags":[1111,11,2389,2649,2880,1777,674,107,1011,27,775,12,25,71,640,2879],"class_list":{"0":"post-231923","1":"post","2":"type-post","3":"status-publish","4":"format-standard","5":"has-post-thumbnail","7":"category-strasbourg","8":"tag-actu","9":"tag-actualites","10":"tag-alsace","11":"tag-bas-rhin","12":"tag-edition-strasbourg","13":"tag-eu","14":"tag-europe","15":"tag-fil-info","16":"tag-fr","17":"tag-france","18":"tag-grand-est","19":"tag-news","20":"tag-republique-francaise","21":"tag-sante","22":"tag-strasbourg","23":"tag-strasbourg-ville"},"share_on_mastodon":{"url":"https:\/\/pubeurope.com\/@fr\/114810240562368363","error":""},"_links":{"self":[{"href":"https:\/\/www.europesays.com\/fr\/wp-json\/wp\/v2\/posts\/231923","targetHints":{"allow":["GET"]}}],"collection":[{"href":"https:\/\/www.europesays.com\/fr\/wp-json\/wp\/v2\/posts"}],"about":[{"href":"https:\/\/www.europesays.com\/fr\/wp-json\/wp\/v2\/types\/post"}],"author":[{"embeddable":true,"href":"https:\/\/www.europesays.com\/fr\/wp-json\/wp\/v2\/users\/2"}],"replies":[{"embeddable":true,"href":"https:\/\/www.europesays.com\/fr\/wp-json\/wp\/v2\/comments?post=231923"}],"version-history":[{"count":0,"href":"https:\/\/www.europesays.com\/fr\/wp-json\/wp\/v2\/posts\/231923\/revisions"}],"wp:featuredmedia":[{"embeddable":true,"href":"https:\/\/www.europesays.com\/fr\/wp-json\/wp\/v2\/media\/231924"}],"wp:attachment":[{"href":"https:\/\/www.europesays.com\/fr\/wp-json\/wp\/v2\/media?parent=231923"}],"wp:term":[{"taxonomy":"category","embeddable":true,"href":"https:\/\/www.europesays.com\/fr\/wp-json\/wp\/v2\/categories?post=231923"},{"taxonomy":"post_tag","embeddable":true,"href":"https:\/\/www.europesays.com\/fr\/wp-json\/wp\/v2\/tags?post=231923"}],"curies":[{"name":"wp","href":"https:\/\/api.w.org\/{rel}","templated":true}]}}