{"id":231934,"date":"2025-07-07T05:20:12","date_gmt":"2025-07-07T05:20:12","guid":{"rendered":"https:\/\/www.europesays.com\/fr\/231934\/"},"modified":"2025-07-07T05:20:12","modified_gmt":"2025-07-07T05:20:12","slug":"toulouse-jai-voulu-mourir-avec-lalcool-cedric-raconte-son-histoire-sauve-par-la-generosite-des-habitants","status":"publish","type":"post","link":"https:\/\/www.europesays.com\/fr\/231934\/","title":{"rendered":"Toulouse. \u00ab\u00a0J\u2019ai voulu mourir avec l&rsquo;alcool\u00a0\u00bb, C\u00e9dric raconte son histoire sauv\u00e9 par la g\u00e9n\u00e9rosit\u00e9 des habitants"},"content":{"rendered":"<p>            Par<br \/>\n        <strong><br \/>\n            <a href=\"https:\/\/actu.fr\/auteur\/lea-afonso\" title=\"Consulter tous les articles de L\u00e9a Afonso\" target=\"_blank\" rel=\"noopener\">L\u00e9a Afonso<\/a><br \/>\n        <\/strong><\/p>\n<p>        Publi\u00e9 le<\/p>\n<p>            7 juil. 2025 \u00e0 7h12        <\/p>\n<p>Apr\u00e8s avoir quitt\u00e9 sa femme pendant la crise du Covid, <strong>C\u00e9dric<\/strong> s\u2019est retrouv\u00e9 sans toit. Tr\u00e8s vite, <strong>la rue devient son quotidien<\/strong>. C\u2019est \u00e0 <a href=\"https:\/\/actu.fr\/toulouse\/\" target=\"_blank\" rel=\"noopener\">Toulouse<\/a>, quartier du Faubourg Bonnefoy, qu\u2019il s\u2019installe sous une tente. Entre alcool, perte de ses papiers d\u2019identit\u00e9 et prise de conscience, son histoire prend un tournant inattendu gr\u00e2ce \u00e0 la <strong>solidarit\u00e9 d\u2019un quartier<\/strong> tout entier.<\/p>\n<p>De Paris \u00e0 Toulouse, en passant par l\u2019errance<\/p>\n<p class=\" wall-content\">\u00ab\u00a0Je vivais \u00e0 Paris avec ma femme et mes deux enfants. Puis, la s\u00e9paration est arriv\u00e9e, et j\u2019ai d\u00fb quitter le domicile\u00a0\u00bb, raconte C\u00e9dric, 40 ans aujourd\u2019hui. \u00ab\u00a0D\u00e9vast\u00e9\u00a0\u00bb, il fuit la Capitale et ceux qui le connaissent. Direction l\u2019Espagne, en train, sans billet. Mais il est intercept\u00e9 lors d\u2019un contr\u00f4le et forc\u00e9 de descendre \u00e0 Narbonne. Nous sommes alors en 2020, en pleine pand\u00e9mie.<\/p>\n<p class=\" wall-content\">Commence alors une longue <strong>errance<\/strong>. Il <strong>dort dehors<\/strong>, chez des amis, travaille ponctuellement ou fait la manche. Il passe par Narbonne, Carcassonne, Montauban et Castelnaudary, avant d\u2019<strong>atteindre Toulouse en 2023.<\/strong><\/p>\n<p>Le Faubourg Bonnefoy, son nouveau refuge<\/p>\n<p class=\" wall-content\">\u00c0 son arriv\u00e9e \u00e0 Toulouse, il s\u2019installe d\u2019abord rue Bayard, pr\u00e8s de la gare. Mais les conditions ne sont pas optimales pour diverses raisons. Il finit par migrer vers la rue du Faubourg Bonnefoy. \u00ab\u00a0Un jour, je suis pass\u00e9 devant le Spar du Faubourg et je me suis pos\u00e9 l\u00e0, sans rien demander\u00a0\u00bb.<\/p>\n<p class=\" wall-content\"><strong>Install\u00e9 sous une tente, il passe ses nuits sur le trottoir.<\/strong> Peu \u00e0 peu, il tisse des <strong>liens<\/strong> <strong>avec les habitants<\/strong> du quartier : \u00ab\u00a0J\u2019ai commenc\u00e9 \u00e0 conna\u00eetre tout le Faubourg\u00a0\u00bb. Mais cette int\u00e9gration est r\u00e9guli\u00e8rement perturb\u00e9e : \u00ab\u00a0Des gens appelaient la police \u00e0 cause de ma tente. La police venait, je la d\u00e9pla\u00e7ais de quelques m\u00e8tres, et \u00e7a recommen\u00e7ait sans cesse\u00a0\u00bb.<\/p>\n<p>Une descente aux enfers<\/p>\n<p class=\" wall-content\"><strong>F\u00e9vrier 2025<\/strong> marque un tournant brutal pour C\u00e9dric. \u00ab\u00a0Un jour, une <strong>pelleteuse<\/strong> a <strong>embarqu\u00e9 ma tente<\/strong> avec tous mes papiers. Toute ma vie \u00e9tait dedans. Ce jour-l\u00e0, j\u2019ai craqu\u00e9.<strong> J\u2019ai bu<\/strong>, beaucoup.<strong> J\u2019ai voulu mourir avec l\u2019alcool<\/strong>\u00ab\u00a0, confie-t-il.<\/p>\n<p class=\" wall-content\"><strong>\u00ab\u00a0Il criait dans la rue, ivre<\/strong>\u00ab\u00a0, se souvient une commer\u00e7ante du quartier. Elle ne le conna\u00eet pas encore \u00e0 cette \u00e9poque, mais le soir-m\u00eame, elle lui propose de s\u2019abriter devant son magasin. Pieds nus, sous la pluie, en plein hiver, il tente de survivre. \u00ab\u00a0J\u2019ai appel\u00e9 les pompiers, les maraudes, le secours catholique\u2026 C\u2019\u00e9tait un cauchemar humain\u00a0\u00bb, t\u00e9moigne-t-elle.<\/p>\n<p>    <img   decoding=\"async\" loading=\"lazy\" src=\"https:\/\/www.europesays.com\/fr\/wp-content\/uploads\/2025\/07\/cedric-3-960x640.jpg\" alt=\"C\u00e9dric lorsqu'il logeait en f\u00e9vrier 2025 sur le trottoir devant le commerce de sa tata\" width=\"960\" height=\"640\"\/><br \/>\n    C\u00e9dric lorsqu\u2019il logeait en f\u00e9vrier 2025 sur le trottoir devant le commerce de sa tata (\u00a9DR, C\u00e9dric)<\/p>\n<p class=\" wall-content\">Peu de temps apr\u00e8s, ext\u00e9nu\u00e9 par la situation, et ayant bu plus que de raison pour oublier, C\u00e9dric s\u2019effondre, victime d\u2019un<strong> coma \u00e9thylique.<\/strong><\/p>\n<p>Une main tendue<\/p>\n<p class=\" wall-content\">\u00c0 son retour de l\u2019h\u00f4pital, la commer\u00e7ante, qu\u2019il appelle d\u00e9sormais Tata, pose les bases d\u2019un pacte : \u00ab\u00a0Je lui ai dit : \u2018moi, je veux t\u2019aider. Soit tu arr\u00eates l\u2019alcool et je t\u2019aide, soit tu continues \u00e0 couler, mais tu ne m\u2019emm\u00e8nes pas avec toi\u00a0\u00bb.<\/p>\n<p class=\" wall-content\">C\u00e9dric choisit de remonter la pente. \u00ab\u00a0J\u2019ai eu une prise de conscience. <strong>J\u2019ai vu le fond.<\/strong> Et j\u2019ai compris la valeur de ce que j\u2019avais construit avec Tata\u00a0\u00bb.<\/p>\n<p class=\" wall-content\"><strong>Le quartier se mobilise alors<\/strong>. On lui apporte des repas, des v\u00eatements, une nouvelle tente, install\u00e9e \u00e0 l\u2019abri. \u00ab\u00a0Tout le monde m\u2019a tendu la main. Et moi, j\u2019ai montr\u00e9 que je voulais m\u2019en sortir. C\u2019est une question de respect\u00a0\u00bb, confie-t-il, le sourire aux l\u00e8vres.<\/p>\n<p>    <img   decoding=\"async\" loading=\"lazy\" src=\"https:\/\/www.europesays.com\/fr\/wp-content\/uploads\/2025\/07\/cedric-1-960x640.jpg\" alt=\"Les nouvelles tentes de C\u00e9dric, l\u00e0 o\u00f9 il vit \u00e0 l'heure actuellement, en attendant de trouver un vrai logement. \" width=\"960\" height=\"640\"\/><br \/>\n    Les nouvelles tentes de C\u00e9dric, l\u00e0 o\u00f9 il vit \u00e0 l\u2019heure actuellement, en attendant de trouver un vrai logement. (\u00a9DR, C\u00e9dric)Tourn\u00e9e vers l\u2019avenir<\/p>\n<p class=\" wall-content\">Aujourd\u2019hui, C\u00e9dric et sa Tata m\u00e8nent ensemble un combat administratif pour lui permettre de retrouver une vie stable. <strong>Objectif : un logement social.<\/strong> Mais les d\u00e9marches sont compliqu\u00e9es : \u00ab\u00a0Il me faut une carte d\u2019identit\u00e9 et des d\u00e9clarations fiscales, tout ce qu\u2019on m\u2019a pris avec ma tente\u00a0\u00bb, d\u00e9plore-t-il.<\/p>\n<p class=\" wall-content\">Ancien jardinier, C\u00e9dric souhaite aussi de retravailler. Et un jour, renouer avec ses enfants. <strong>\u00ab\u00a0Le c\u00f4t\u00e9 psychologique, c\u2019est le prochain travail \u00e0 faire\u00a0\u00bb<\/strong>, concluent ensemble C\u00e9dric et sa bienfaitrice.<\/p>\n<p class=\" wall-content\">Suivez toute l\u2019actualit\u00e9 de vos villes et m\u00e9dias favoris en vous inscrivant \u00e0 <a href=\"https:\/\/moncompte.actu.fr\" title=\"D\u00e9couvez Mon Actu\" rel=\"nofollow noopener\" data-trk=\"{&quot;cta&quot;:{&quot;action&quot;:&quot;https:\\\/\\\/moncompte.actu.fr&quot;,&quot;category&quot;:&quot;mon compte&quot;,&quot;from&quot;:&quot;article footer&quot;,&quot;name&quot;:&quot;Mon actu&quot;,&quot;type&quot;:&quot;cta&quot;}}\" target=\"_blank\">Mon Actu<\/a>.<\/p>\n","protected":false},"excerpt":{"rendered":"Par L\u00e9a Afonso Publi\u00e9 le 7 juil. 2025 \u00e0 7h12 Apr\u00e8s avoir quitt\u00e9 sa femme pendant la crise&hellip;\n","protected":false},"author":2,"featured_media":231935,"comment_status":"","ping_status":"","sticky":false,"template":"","format":"standard","meta":{"footnotes":""},"categories":[2816],"tags":[1111,11,1777,674,1011,27,12,2680,25,104,240,2312],"class_list":{"0":"post-231934","1":"post","2":"type-post","3":"status-publish","4":"format-standard","5":"has-post-thumbnail","7":"category-toulouse","8":"tag-actu","9":"tag-actualites","10":"tag-eu","11":"tag-europe","12":"tag-fr","13":"tag-france","14":"tag-news","15":"tag-occitanie","16":"tag-republique-francaise","17":"tag-societe","18":"tag-temoignage","19":"tag-toulouse"},"share_on_mastodon":{"url":"https:\/\/pubeurope.com\/@fr\/114810272106583396","error":""},"_links":{"self":[{"href":"https:\/\/www.europesays.com\/fr\/wp-json\/wp\/v2\/posts\/231934","targetHints":{"allow":["GET"]}}],"collection":[{"href":"https:\/\/www.europesays.com\/fr\/wp-json\/wp\/v2\/posts"}],"about":[{"href":"https:\/\/www.europesays.com\/fr\/wp-json\/wp\/v2\/types\/post"}],"author":[{"embeddable":true,"href":"https:\/\/www.europesays.com\/fr\/wp-json\/wp\/v2\/users\/2"}],"replies":[{"embeddable":true,"href":"https:\/\/www.europesays.com\/fr\/wp-json\/wp\/v2\/comments?post=231934"}],"version-history":[{"count":0,"href":"https:\/\/www.europesays.com\/fr\/wp-json\/wp\/v2\/posts\/231934\/revisions"}],"wp:featuredmedia":[{"embeddable":true,"href":"https:\/\/www.europesays.com\/fr\/wp-json\/wp\/v2\/media\/231935"}],"wp:attachment":[{"href":"https:\/\/www.europesays.com\/fr\/wp-json\/wp\/v2\/media?parent=231934"}],"wp:term":[{"taxonomy":"category","embeddable":true,"href":"https:\/\/www.europesays.com\/fr\/wp-json\/wp\/v2\/categories?post=231934"},{"taxonomy":"post_tag","embeddable":true,"href":"https:\/\/www.europesays.com\/fr\/wp-json\/wp\/v2\/tags?post=231934"}],"curies":[{"name":"wp","href":"https:\/\/api.w.org\/{rel}","templated":true}]}}