{"id":231938,"date":"2025-07-07T05:23:27","date_gmt":"2025-07-07T05:23:27","guid":{"rendered":"https:\/\/www.europesays.com\/fr\/231938\/"},"modified":"2025-07-07T05:23:27","modified_gmt":"2025-07-07T05:23:27","slug":"les-resultats-sont-tombes-pour-aix-marseille-retrouvez-la-liste","status":"publish","type":"post","link":"https:\/\/www.europesays.com\/fr\/231938\/","title":{"rendered":"les r\u00e9sultats sont tomb\u00e9s pour Aix-Marseille&#8230; Retrouvez la liste"},"content":{"rendered":"<p>Le grand moment pour les bacheliers est enfin arriv\u00e9 ! D\u00e8s 13h, l&rsquo;acc\u00e8s aux r\u00e9sultats de leurs \u00e9preuves de baccalaur\u00e9at est possible. Pour les trouver, rien de compliqu\u00e9 : rendez-vous sur le site du minist\u00e8re de l\u2019\u00c9ducation nationale <a href=\"https:\/\/resultats.examens-concours.gouv.fr\/BGT\/A02\" target=\"_blank\" rel=\"noopener\">dans la section Aix-Marseille<\/a>. Les r\u00e9sultats sont aussi affich\u00e9s devant les lyc\u00e9es de l\u2019acad\u00e9mie \u00e0 la m\u00eame heure.<\/p>\n<p>Les r\u00e9sultats du Bac plut\u00f4t en hausse l\u2019ann\u00e9e derni\u00e8re<\/p>\n<p>L\u2019acad\u00e9mie d\u2019Aix-Marseille comprend les d\u00e9partements des Bouches-du-Rh\u00f4ne, du Vaucluse, des Alpes-de-Haute-Provence et des Hautes-Alpes.\u00a0<\/p>\n<p>Dans le d\u00e9tail, 93% candidats en fili\u00e8re g\u00e9n\u00e9rale avaient obtenu leur baccalaur\u00e9at, une hausse de 1,2 point par rapport \u00e0 la session 2023. En fili\u00e8re professionnelle, ils \u00e9taient 79,2%, en hausse de 2,5 points par rapport \u00e0 la session 2023. Enfin en fili\u00e8re technologique, 78,7% l\u2019ont obtenu, un r\u00e9sultat en baisse de 0,9 point par rapport \u00e0 la session provisoire 2023.<\/p>\n<p>Si vous n\u2019avez pas eu assez de points pour valider vos \u00e9preuves, pas de panique\u00a0! Les rattrapages auront lieu du lundi\u00a07 au mercredi 9\u00a0juillet.<\/p>\n<p>En d\u00e9placement \u00e0 Janvry (Essonne), la ministre de l&rsquo;Education nationale Elisabeth Borne a annonc\u00e9 un taux provisoire de 85,75%, quasi-similaire \u00e0 celui de l&rsquo;an dernier (85,5%).<\/p>\n<p>Le taux de r\u00e9ussite au baccalaur\u00e9at d\u00e9passe depuis 2012 les 80%. L&rsquo;an dernier, il \u00e9tait de 91,2% apr\u00e8s le rattrapage, en hausse sur un an dans les trois voies (g\u00e9n\u00e9rale, technologique et professionnelle). En voie g\u00e9n\u00e9rale, il \u00e9tait de 95,9%.<\/p>\n","protected":false},"excerpt":{"rendered":"Le grand moment pour les bacheliers est enfin arriv\u00e9 ! D\u00e8s 13h, l&rsquo;acc\u00e8s aux r\u00e9sultats de leurs \u00e9preuves&hellip;\n","protected":false},"author":2,"featured_media":231939,"comment_status":"","ping_status":"","sticky":false,"template":"","format":"standard","meta":{"footnotes":""},"categories":[2814],"tags":[17,1111,11,3050,1102,1777,674,1011,27,151,884,12,471,882,25,1980,104,3333,13879],"class_list":{"0":"post-231938","1":"post","2":"type-post","3":"status-publish","4":"format-standard","5":"has-post-thumbnail","7":"category-marseille","8":"tag-17","9":"tag-actu","10":"tag-actualites","11":"tag-bac","12":"tag-breakingnews","13":"tag-eu","14":"tag-europe","15":"tag-fr","16":"tag-france","17":"tag-les","18":"tag-marseille","19":"tag-news","20":"tag-pour","21":"tag-provence-alpes-cote-dazur","22":"tag-republique-francaise","23":"tag-resultats","24":"tag-societe","25":"tag-sont","26":"tag-tombes"},"share_on_mastodon":{"url":"https:\/\/pubeurope.com\/@fr\/114810283794231456","error":""},"_links":{"self":[{"href":"https:\/\/www.europesays.com\/fr\/wp-json\/wp\/v2\/posts\/231938","targetHints":{"allow":["GET"]}}],"collection":[{"href":"https:\/\/www.europesays.com\/fr\/wp-json\/wp\/v2\/posts"}],"about":[{"href":"https:\/\/www.europesays.com\/fr\/wp-json\/wp\/v2\/types\/post"}],"author":[{"embeddable":true,"href":"https:\/\/www.europesays.com\/fr\/wp-json\/wp\/v2\/users\/2"}],"replies":[{"embeddable":true,"href":"https:\/\/www.europesays.com\/fr\/wp-json\/wp\/v2\/comments?post=231938"}],"version-history":[{"count":0,"href":"https:\/\/www.europesays.com\/fr\/wp-json\/wp\/v2\/posts\/231938\/revisions"}],"wp:featuredmedia":[{"embeddable":true,"href":"https:\/\/www.europesays.com\/fr\/wp-json\/wp\/v2\/media\/231939"}],"wp:attachment":[{"href":"https:\/\/www.europesays.com\/fr\/wp-json\/wp\/v2\/media?parent=231938"}],"wp:term":[{"taxonomy":"category","embeddable":true,"href":"https:\/\/www.europesays.com\/fr\/wp-json\/wp\/v2\/categories?post=231938"},{"taxonomy":"post_tag","embeddable":true,"href":"https:\/\/www.europesays.com\/fr\/wp-json\/wp\/v2\/tags?post=231938"}],"curies":[{"name":"wp","href":"https:\/\/api.w.org\/{rel}","templated":true}]}}