{"id":231942,"date":"2025-07-07T05:25:16","date_gmt":"2025-07-07T05:25:16","guid":{"rendered":"https:\/\/www.europesays.com\/fr\/231942\/"},"modified":"2025-07-07T05:25:16","modified_gmt":"2025-07-07T05:25:16","slug":"inauguration-des-terrasses-de-presquile","status":"publish","type":"post","link":"https:\/\/www.europesays.com\/fr\/231942\/","title":{"rendered":"Inauguration des Terrasses de presqu\u2019\u00eele"},"content":{"rendered":"<p><img width=\"487\" height=\"299\" src=\"https:\/\/www.europesays.com\/fr\/wp-content\/uploads\/2025\/07\/eloge-contemplation-terrasses-presquile.jpg\" class=\"attachment-post-thumbnail size-post-thumbnail wp-post-image\" alt=\"\" decoding=\"async\" fetchpriority=\"high\" \/><\/p>\n<p>(SdH\/LPI)<\/p>\n<p><strong>La Ville et la M\u00e9tropole de Lyon ont inaugur\u00e9 vendredi la premi\u00e8re partie de cet am\u00e9nagement, \u00e0 savoir le belv\u00e9d\u00e8re et les terrasses interm\u00e9diaires, avant la livraison en 2026 du quai bas.<\/strong><\/p>\n<p>Le projet des Terrasses de la Presqu\u2019\u00eele constitue une pi\u00e8ce majeure du projet Rives de Sa\u00f4ne, lequel vise \u00e0 reconnecter les quartiers habit\u00e9s aux rives de la Sa\u00f4ne et \u00e0 mettre en valeur son patrimoine en proposant une promenade continue au plus pr\u00e8s de l\u2019eau sur le territoire de la M\u00e9tropole de Lyon, de Rochetaill\u00e9e-sur-Sa\u00f4ne au centre-ville de Lyon.<\/p>\n<p>Dans la continuit\u00e9 de la promenade le long de la Sa\u00f4ne, l\u2019am\u00e9nagement des Terrasses de la Presqu\u2019\u00eele, qui va ainsi de la place d&rsquo;Albon \u00e0 la passerelle Pierre Truche, face au palais de justice, porte sur 2 hectares.<\/p>\n<p>L\u2019inauguration officielle de cet am\u00e9nagement a \u00e9t\u00e9 effectu\u00e9e vendredi en fin d\u2019apr\u00e8s-midi. En amont de celle-ci, les \u00e9lus ont ainsi pr\u00e9sent\u00e9 en matin\u00e9e \u00e0 la presse les diverses r\u00e9alisations, en pr\u00e9sence de J\u00e9r\u00f4me Sans, directeur artistique du projet d\u2019art public River Movie, et de Philippe Ramette, artiste concepteur de l\u2019oeuvre pr\u00e9sente sur le belv\u00e9d\u00e8re. <\/p>\n<p><img decoding=\"async\" src=\"https:\/\/www.europesays.com\/fr\/wp-content\/uploads\/2025\/04\/abonnezvouslarge.jpg\" alt=\"\" \/><\/p>\n<p>Pour lire la totalit\u00e9 de l&rsquo;article,<strong> <a href=\"http:\/\/www.lyonpoleimmo.com\/membership-options-page\/\" target=\"_blank\" rel=\"noopener\">abonnez-vous<\/a> <\/strong>ou <a href=\"http:\/\/www.lyonpoleimmo.com\/senregistrer\/\" target=\"_blank\" rel=\"noopener\"><strong>identifiez-vous<\/strong><\/a>  <\/p>\n<p><strong>Si vous avez appr\u00e9ci\u00e9 cet article, s&rsquo;il vous plait, prenez le temps de <a href=\"#comments\">laisser un commentaire<\/a> ou de <a href=\"http:\/\/www.lyonpoleimmo.com\/feed\/\" target=\"_blank\" rel=\"noopener\">souscrire au flux<\/a> afin de recevoir les futurs articles directement dans votre lecteur de flux.<br \/>\n    <\/strong><\/p>\n<p>\t<a href=\"http:\/\/www.lyonpoleimmo.com\/2025\/07\/02\/91523\/sabine-barles-grand-prix-de-lurbanisme-2025\/\" rel=\"bookmark noopener\" title=\"Lien Permanent vers Sabine Barles, grand prix de l\u2019urbanisme 2025\" target=\"_blank\">Sabine Barles, grand prix de l\u2019urbanisme 2025<\/a><\/p>\n<p>\t<a href=\"http:\/\/www.lyonpoleimmo.com\/2025\/07\/02\/91523\/sabine-barles-grand-prix-de-lurbanisme-2025\/\" rel=\"bookmark noopener\" title=\"Lien Permanent vers Sabine Barles, grand prix de l\u2019urbanisme 2025\" target=\"_blank\"><\/p>\n<p>Le prix a \u00e9t\u00e9 attribu\u00e9 \u00e0 cette enseignante-chercheuse, sp\u00e9cialiste du m\u00e9tabolisme urbain.<\/p>\n<p><\/a><\/p>\n<p>\t<a href=\"http:\/\/www.lyonpoleimmo.com\/2025\/07\/02\/91516\/la-fpi-a-organise-mardi-sa-matinale-de-printemps-a-zadiga-event\/\" rel=\"bookmark noopener\" title=\"Lien Permanent vers La FPI a organis\u00e9 mardi sa matinale de printemps \u00e0 Zadiga Event\" target=\"_blank\">La FPI a organis\u00e9 mardi sa matinale de printemps \u00e0 Zadiga Event<\/a><\/p>\n<p>\t<a href=\"http:\/\/www.lyonpoleimmo.com\/2025\/07\/02\/91516\/la-fpi-a-organise-mardi-sa-matinale-de-printemps-a-zadiga-event\/\" rel=\"bookmark noopener\" title=\"Lien Permanent vers La FPI a organis\u00e9 mardi sa matinale de printemps \u00e0 Zadiga Event\" target=\"_blank\"><\/p>\n<p>Cette matinale de printemps avait pour th\u00e8me \u00a0\u00bb Concours et consultations\u00a0: comment r\u00e9inventer leurs modalit\u00e9s pour faire mieux avec moins,\u00a0ensemble\u00a0?\u00a0\u00bb.<\/p>\n<p><\/a><\/p>\n<p>\t<a href=\"http:\/\/www.lyonpoleimmo.com\/2025\/07\/01\/91511\/florent-sainte-fare-garnot-devient-president-du-club-ville-amenagement\/\" rel=\"bookmark noopener\" title=\"Lien Permanent vers Florent Sainte Fare Garnot devient pr\u00e9sident du \u00abClub Ville Am\u00e9nagement\u00bb\" target=\"_blank\">Florent Sainte Fare Garnot devient pr\u00e9sident du \u00abClub Ville Am\u00e9nagement\u00bb<\/a><\/p>\n<p>\t<a href=\"http:\/\/www.lyonpoleimmo.com\/2025\/07\/01\/91511\/florent-sainte-fare-garnot-devient-president-du-club-ville-amenagement\/\" rel=\"bookmark noopener\" title=\"Lien Permanent vers Florent Sainte Fare Garnot devient pr\u00e9sident du \u00abClub Ville Am\u00e9nagement\u00bb\" target=\"_blank\"><\/p>\n<p>La 11e \u00e9dition des \u00abEntretiens de l\u2019am\u00e9nagement\u00bb a rassembl\u00e9 1.200 personnes \u00e0 Lyon la semaine derni\u00e8re. A cette occasion, le directeur de la SPL Lyon Part Dieu a \u00e9t\u00e9 \u00e9lu pr\u00e9sident de la structure organisatrice de l\u2019\u00e9v\u00e8nement.<\/p>\n<p><\/a><\/p>\n<p>\t<a href=\"http:\/\/www.lyonpoleimmo.com\/2025\/06\/27\/91461\/une-mixite-dusages-la-plus-totale-cest-notre-adn-chez-novaxia\/\" rel=\"bookmark noopener\" title=\"Lien Permanent vers \u00abUne mixit\u00e9 d\u2019usages la plus totale, c\u2019est notre ADN chez Novaxia\u00bb\" target=\"_blank\">\u00abUne mixit\u00e9 d\u2019usages la plus totale, c\u2019est notre ADN chez Novaxia\u00bb<\/a><\/p>\n<p>\t<a href=\"http:\/\/www.lyonpoleimmo.com\/2025\/06\/27\/91461\/une-mixite-dusages-la-plus-totale-cest-notre-adn-chez-novaxia\/\" rel=\"bookmark noopener\" title=\"Lien Permanent vers \u00abUne mixit\u00e9 d\u2019usages la plus totale, c\u2019est notre ADN chez Novaxia\u00bb\" target=\"_blank\"><\/p>\n<p>Romain Ferr\u00e9 est directeur de la promotion de Novaxia D\u00e9veloppement. Nous \u00e9voquons avec lui l\u2019op\u00e9ration \u00ab\u00a0Ping\u00a0\u00bb.<\/p>\n<p><\/a><\/p>\n<p>\t<a href=\"http:\/\/www.lyonpoleimmo.com\/2025\/06\/25\/91442\/les-quais-de-neuville-sur-saone-vont-etre-reamenages\/\" rel=\"bookmark noopener\" title=\"Lien Permanent vers Les quais de Neuville-sur-Sa\u00f4ne vont \u00eatre r\u00e9am\u00e9nag\u00e9s\" target=\"_blank\">Les quais de Neuville-sur-Sa\u00f4ne vont \u00eatre r\u00e9am\u00e9nag\u00e9s<\/a><\/p>\n<p>\t<a href=\"http:\/\/www.lyonpoleimmo.com\/2025\/06\/25\/91442\/les-quais-de-neuville-sur-saone-vont-etre-reamenages\/\" rel=\"bookmark noopener\" title=\"Lien Permanent vers Les quais de Neuville-sur-Sa\u00f4ne vont \u00eatre r\u00e9am\u00e9nag\u00e9s\" target=\"_blank\"><\/p>\n<p><img decoding=\"async\" src=\"https:\/\/www.europesays.com\/fr\/wp-content\/uploads\/2025\/07\/quais-de-saone-lyon-neuville.jpg\" alt=\"null\" \/>Par ce biais, le projet Rive de Sa\u00f4ne se poursuit au nord de la M\u00e9tropole de Lyon.<\/p>\n<p><\/a><\/p>\n<p>\t<a href=\"http:\/\/www.lyonpoleimmo.com\/2025\/06\/23\/91388\/lavis-sur-le-projet-de-revision-du-scot-adopte\/\" rel=\"bookmark noopener\" title=\"Lien Permanent vers L\u2019avis sur le projet de r\u00e9vision du SCOT adopt\u00e9\" target=\"_blank\">L\u2019avis sur le projet de r\u00e9vision du SCOT adopt\u00e9<\/a><\/p>\n<p>\t<a href=\"http:\/\/www.lyonpoleimmo.com\/2025\/06\/23\/91388\/lavis-sur-le-projet-de-revision-du-scot-adopte\/\" rel=\"bookmark noopener\" title=\"Lien Permanent vers L\u2019avis sur le projet de r\u00e9vision du SCOT adopt\u00e9\" target=\"_blank\"><\/p>\n<p>Le conseil de la M\u00e9tropole de Lyon a rendu un avis favorable au projet de SCoT du SEPAL, qui avait \u00e9t\u00e9 arr\u00eat\u00e9 le 14 mars dernier.<\/p>\n<p><\/a><\/p>\n<p>\t<a href=\"http:\/\/www.lyonpoleimmo.com\/2025\/06\/23\/91384\/neuville-sur-saone-inauguration-de-la-rue-victor-hugo\/\" rel=\"bookmark noopener\" title=\"Lien Permanent vers Neuville-sur-Sa\u00f4ne : inauguration de la rue Victor-Hugo\" target=\"_blank\">Neuville-sur-Sa\u00f4ne : inauguration de la rue Victor-Hugo<\/a><\/p>\n<p>\t<a href=\"http:\/\/www.lyonpoleimmo.com\/2025\/06\/23\/91384\/neuville-sur-saone-inauguration-de-la-rue-victor-hugo\/\" rel=\"bookmark noopener\" title=\"Lien Permanent vers Neuville-sur-Sa\u00f4ne : inauguration de la rue Victor-Hugo\" target=\"_blank\"><\/p>\n<p><img decoding=\"async\" src=\"https:\/\/www.europesays.com\/fr\/wp-content\/uploads\/2025\/07\/Inauguration-rue-Victor-Hugo.jpg\" alt=\"null\" \/>La rue a \u00e9t\u00e9 requalifi\u00e9e et est devenue pi\u00e9tonne.<\/p>\n<p><\/a><\/p>\n<p>\t<a href=\"http:\/\/www.lyonpoleimmo.com\/2025\/06\/17\/91319\/la-metropole-abandonne-lavis-unique-sur-les-autorisations-durbanisme\/\" rel=\"bookmark noopener\" title=\"Lien Permanent vers La M\u00e9tropole abandonne l\u2019avis unique sur les autorisations d\u2019urbanisme\" target=\"_blank\">La M\u00e9tropole abandonne l\u2019avis unique sur les autorisations d\u2019urbanisme<\/a><\/p>\n<p>\t<a href=\"http:\/\/www.lyonpoleimmo.com\/2025\/06\/17\/91319\/la-metropole-abandonne-lavis-unique-sur-les-autorisations-durbanisme\/\" rel=\"bookmark noopener\" title=\"Lien Permanent vers La M\u00e9tropole abandonne l\u2019avis unique sur les autorisations d\u2019urbanisme\" target=\"_blank\"><\/p>\n<p>La collectivit\u00e9 a confirm\u00e9 cet abandon lors de la conf\u00e9rence m\u00e9tropolitaine des maires. La d\u00e9cision a \u00e9t\u00e9 salu\u00e9e par l\u2019opposition.<\/p>\n<p><\/a><\/p>\n<p>\t<a href=\"http:\/\/www.lyonpoleimmo.com\/2025\/06\/16\/91280\/la-place-bellevue-entame-sa-transformation\/\" rel=\"bookmark noopener\" title=\"Lien Permanent vers La place Bellevue entame sa transformation\" target=\"_blank\">La place Bellevue entame sa transformation<\/a><\/p>\n<p>\t<a href=\"http:\/\/www.lyonpoleimmo.com\/2025\/06\/16\/91280\/la-place-bellevue-entame-sa-transformation\/\" rel=\"bookmark noopener\" title=\"Lien Permanent vers La place Bellevue entame sa transformation\" target=\"_blank\"><\/p>\n<p><img decoding=\"async\" src=\"https:\/\/www.europesays.com\/fr\/wp-content\/uploads\/2025\/07\/place-bellevue.jpg\" alt=\"null\" \/>L\u2019objectif de ce r\u00e9am\u00e9nagement est d\u2019offrir, \u00e0 terme, un espace public r\u00e9nov\u00e9, rev\u00e9g\u00e9talis\u00e9, et plus convivial.<\/p>\n<p><\/a><\/p>\n<p>\t<a href=\"http:\/\/www.lyonpoleimmo.com\/2025\/06\/16\/91275\/lancement-de-la-spl-pacte-rhone\/\" rel=\"bookmark noopener\" title=\"Lien Permanent vers Lancement de la SPL PACTE Rh\u00f4ne\" target=\"_blank\">Lancement de la SPL PACTE Rh\u00f4ne<\/a><\/p>\n<p>\t<a href=\"http:\/\/www.lyonpoleimmo.com\/2025\/06\/16\/91275\/lancement-de-la-spl-pacte-rhone\/\" rel=\"bookmark noopener\" title=\"Lien Permanent vers Lancement de la SPL PACTE Rh\u00f4ne\" target=\"_blank\"><\/p>\n<p>Cette soci\u00e9t\u00e9 publique locale a tenu son conseil d\u2019administration constitutif le 12 juin. Cette entit\u00e9 vise \u00e0 doter les collectivit\u00e9s actionnaires d\u2019un nouveau mod\u00e8le de gestion de projets d\u2019am\u00e9nagement et d\u2019\u00e9quipement de leur territoire.<\/p>\n<p><\/a><\/p>\n<p>\t<a href=\"http:\/\/www.lyonpoleimmo.com\/2025\/06\/15\/91262\/la-place-jules-grandclement-se-rouvre-peu-a-peu\/\" rel=\"bookmark noopener\" title=\"Lien Permanent vers La nouvelle place Jules Grandcl\u00e9ment se d\u00e9voile peu \u00e0 peu\" target=\"_blank\">La nouvelle place Jules Grandcl\u00e9ment se d\u00e9voile peu \u00e0 peu<\/a><\/p>\n<p>\t<a href=\"http:\/\/www.lyonpoleimmo.com\/2025\/06\/15\/91262\/la-place-jules-grandclement-se-rouvre-peu-a-peu\/\" rel=\"bookmark noopener\" title=\"Lien Permanent vers La nouvelle place Jules Grandcl\u00e9ment se d\u00e9voile peu \u00e0 peu\" target=\"_blank\"><\/p>\n<p><img decoding=\"async\" src=\"https:\/\/www.europesays.com\/fr\/wp-content\/uploads\/2025\/06\/place-grandclement-1.jpg\" alt=\"null\" \/>De nombreux am\u00e9nagements ont \u00e9t\u00e9 r\u00e9alis\u00e9s sur cet espace public, en vue de recr\u00e9er un v\u00e9ritable lieu de vie. Demeurent n\u00e9anmoins d\u2019autres am\u00e9nagements, li\u00e9s \u00e0 l\u2019arriv\u00e9e du tramway T6 en d\u00e9but d\u2019ann\u00e9e 2026.<\/p>\n<p><\/a><\/p>\n<p>\t<a href=\"http:\/\/www.lyonpoleimmo.com\/2025\/06\/12\/91244\/demarrage-des-travaux-des-contreforts-gratte-ciel\/\" rel=\"bookmark noopener\" title=\"Lien Permanent vers D\u00e9marrage des travaux des Contreforts gratte-ciel\" target=\"_blank\">D\u00e9marrage des travaux des Contreforts gratte-ciel<\/a><\/p>\n<p>\t<a href=\"http:\/\/www.lyonpoleimmo.com\/2025\/06\/12\/91244\/demarrage-des-travaux-des-contreforts-gratte-ciel\/\" rel=\"bookmark noopener\" title=\"Lien Permanent vers D\u00e9marrage des travaux des Contreforts gratte-ciel\" target=\"_blank\"><\/p>\n<p><img decoding=\"async\" src=\"https:\/\/www.europesays.com\/fr\/wp-content\/uploads\/2025\/06\/contreforts-gratte-ciel4.jpg\" alt=\"null\" \/><br \/>Les travaux de ce programme mixte de commerces et de bureaux ont d\u00e9but\u00e9 rue Michel Servet \u00e0 Villeurbanne, \u00e0 l\u2019arri\u00e8re des Gratte-Ciel.<\/p>\n<p><\/a><\/p>\n<p>\t<a href=\"http:\/\/www.lyonpoleimmo.com\/2025\/06\/12\/91240\/mions-lancement-du-pup-aux-pierres\/\" rel=\"bookmark noopener\" title=\"Lien Permanent vers Mions\u00a0: lancement du PUP \u00ab Aux pierres \u00bb\" target=\"_blank\">Mions\u00a0: lancement du PUP \u00ab Aux pierres \u00bb<\/a><\/p>\n<p>\t<a href=\"http:\/\/www.lyonpoleimmo.com\/2025\/06\/12\/91240\/mions-lancement-du-pup-aux-pierres\/\" rel=\"bookmark noopener\" title=\"Lien Permanent vers Mions\u00a0: lancement du PUP \u00ab Aux pierres \u00bb\" target=\"_blank\"><\/p>\n<p>La M\u00e9tropole de Lyon a annonc\u00e9 lancer ce projet urbain partenarial qui sera d\u00e9velopp\u00e9 sur la commune de Mions.<\/p>\n<p><\/a><\/p>\n<p>\t<a href=\"http:\/\/www.lyonpoleimmo.com\/2025\/06\/11\/91230\/lancement-du-reseau-de-chaleur-et-de-froid-de-la-saulaie\/\" rel=\"bookmark noopener\" title=\"Lien Permanent vers Lancement du r\u00e9seau de chaleur et de froid de La Saulaie\" target=\"_blank\">Lancement du r\u00e9seau de chaleur et de froid de La Saulaie<\/a><\/p>\n<p>\t<a href=\"http:\/\/www.lyonpoleimmo.com\/2025\/06\/11\/91230\/lancement-du-reseau-de-chaleur-et-de-froid-de-la-saulaie\/\" rel=\"bookmark noopener\" title=\"Lien Permanent vers Lancement du r\u00e9seau de chaleur et de froid de La Saulaie\" target=\"_blank\"><\/p>\n<p><img decoding=\"async\" src=\"https:\/\/www.europesays.com\/fr\/wp-content\/uploads\/2025\/06\/1e-pierre-reseau-chaleur-froid-Saulaie.jpg\" alt=\"null\" \/>\u00c9lus et professionnels ont pos\u00e9 la premi\u00e8re pierre du projet de boucle temp\u00e9r\u00e9e du quartier, laquelle valorise l\u2019\u00e9nergie renouvelable et locale des eaux us\u00e9es pour chauffer, produire l\u2019eau chaude sanitaire et rafra\u00eechir les b\u00e2timents.<\/p>\n<p><\/a><\/p>\n<p>\t<a href=\"http:\/\/www.lyonpoleimmo.com\/2025\/06\/10\/91202\/un-chantier-participatif-ce-11-juin-sur-le-parc-gisele-halimi\/\" rel=\"bookmark noopener\" title=\"Lien Permanent vers Un chantier participatif ce 11 juin sur le parc Gis\u00e8le-Halimi\" target=\"_blank\">Un chantier participatif ce 11 juin sur le parc Gis\u00e8le-Halimi<\/a><\/p>\n<p>\t<a href=\"http:\/\/www.lyonpoleimmo.com\/2025\/06\/10\/91202\/un-chantier-participatif-ce-11-juin-sur-le-parc-gisele-halimi\/\" rel=\"bookmark noopener\" title=\"Lien Permanent vers Un chantier participatif ce 11 juin sur le parc Gis\u00e8le-Halimi\" target=\"_blank\"><\/p>\n<p>Le grand public est invit\u00e9 \u00e0 un chantier participatif ce mercredi sur ce futur espace public du quartier Grandcl\u00e9ment.<\/p>\n<p><\/a><\/p>\n","protected":false},"excerpt":{"rendered":"(SdH\/LPI) La Ville et la M\u00e9tropole de Lyon ont inaugur\u00e9 vendredi la premi\u00e8re partie de cet am\u00e9nagement, \u00e0&hellip;\n","protected":false},"author":2,"featured_media":231943,"comment_status":"","ping_status":"","sticky":false,"template":"","format":"standard","meta":{"footnotes":""},"categories":[1889],"tags":[5265,1111,11,2430,1777,674,1011,27,2428,12,25,1352],"class_list":{"0":"post-231942","1":"post","2":"type-post","3":"status-publish","4":"format-standard","5":"has-post-thumbnail","7":"category-lyon","8":"tag-abonnes","9":"tag-actu","10":"tag-actualites","11":"tag-auvergne-rhone-alpes","12":"tag-eu","13":"tag-europe","14":"tag-fr","15":"tag-france","16":"tag-lyon","17":"tag-news","18":"tag-republique-francaise","19":"tag-urbanisme"},"share_on_mastodon":{"url":"https:\/\/pubeurope.com\/@fr\/114810292325955071","error":""},"_links":{"self":[{"href":"https:\/\/www.europesays.com\/fr\/wp-json\/wp\/v2\/posts\/231942","targetHints":{"allow":["GET"]}}],"collection":[{"href":"https:\/\/www.europesays.com\/fr\/wp-json\/wp\/v2\/posts"}],"about":[{"href":"https:\/\/www.europesays.com\/fr\/wp-json\/wp\/v2\/types\/post"}],"author":[{"embeddable":true,"href":"https:\/\/www.europesays.com\/fr\/wp-json\/wp\/v2\/users\/2"}],"replies":[{"embeddable":true,"href":"https:\/\/www.europesays.com\/fr\/wp-json\/wp\/v2\/comments?post=231942"}],"version-history":[{"count":0,"href":"https:\/\/www.europesays.com\/fr\/wp-json\/wp\/v2\/posts\/231942\/revisions"}],"wp:featuredmedia":[{"embeddable":true,"href":"https:\/\/www.europesays.com\/fr\/wp-json\/wp\/v2\/media\/231943"}],"wp:attachment":[{"href":"https:\/\/www.europesays.com\/fr\/wp-json\/wp\/v2\/media?parent=231942"}],"wp:term":[{"taxonomy":"category","embeddable":true,"href":"https:\/\/www.europesays.com\/fr\/wp-json\/wp\/v2\/categories?post=231942"},{"taxonomy":"post_tag","embeddable":true,"href":"https:\/\/www.europesays.com\/fr\/wp-json\/wp\/v2\/tags?post=231942"}],"curies":[{"name":"wp","href":"https:\/\/api.w.org\/{rel}","templated":true}]}}