{"id":231944,"date":"2025-07-07T05:26:39","date_gmt":"2025-07-07T05:26:39","guid":{"rendered":"https:\/\/www.europesays.com\/fr\/231944\/"},"modified":"2025-07-07T05:26:39","modified_gmt":"2025-07-07T05:26:39","slug":"lyon-assemblee-generale-des-agents-immobiliers-fnaim-au-marriott","status":"publish","type":"post","link":"https:\/\/www.europesays.com\/fr\/231944\/","title":{"rendered":"Lyon. Assembl\u00e9e g\u00e9n\u00e9rale des agents immobiliers FNAIM au Marriott"},"content":{"rendered":"<p>\t\t\t\t<img fetchpriority=\"high\" decoding=\"async\" width=\"900\" height=\"600\" src=\"https:\/\/www.europesays.com\/fr\/wp-content\/uploads\/2025\/07\/41-Fnaim-MS.jpg\" alt=\"\" title=\"41 Fnaim MS\"   class=\"wp-image-162389\"\/><\/p>\n<p>Photos \u00a9 Saby Maviel pour Lyon People  <\/p>\n<p><strong>Texte\u00a0: Morgan Couturier \u2013<\/strong> Pr\u00e9alable aux vacances d\u2019\u00e9t\u00e9, l\u2019assembl\u00e9e g\u00e9n\u00e9rale de la FNAIM 69 a lev\u00e9 le voile sur les actions de la f\u00e9d\u00e9ration. Dans un contexte parfois morose, cette soir\u00e9e d\u2019\u00e9t\u00e9 a surtout permis aux adh\u00e9rents de se rassembler en toute d\u00e9contraction.<\/p>\n<p>L\u2019\u00e9lectrocardiogramme n\u2019est pas encore plat dit-on en coulisses. Il fut m\u00eame tr\u00e8s agit\u00e9 le temps d\u2019une soir\u00e9e pass\u00e9e sur la terrasse du Zucca. L\u00e0 \u00e9tait d\u2019ailleurs toute l\u2019ambition de cette soir\u00e9e d\u2019\u00e9t\u00e9, o\u00f9 les bilans dress\u00e9s lors de l\u2019assembl\u00e9e g\u00e9n\u00e9rale se confondent ais\u00e9ment avec des \u00e9changes enjou\u00e9s.<\/p>\n<p><a href=\"https:\/\/www.lyonpeople.com\/?attachment_id=162353\" rel=\"attachment wp-att-162353 nofollow noopener\" target=\"_blank\"><img loading=\"lazy\" decoding=\"async\" class=\"alignnone size-full wp-image-162353\" src=\"data:image\/svg+xml,%3Csvg%20xmlns=\" http:=\"\" alt=\"\" width=\"900\" height=\"600\" data-lazy- data-lazy- data-lazy-src=\"https:\/\/www.europesays.com\/fr\/wp-content\/uploads\/2025\/07\/34-Fnaim-MS.jpg\"\/><\/a><\/p>\n<p>Peut-\u00eatre est-ce le fruit de la visite du pr\u00e9sident f\u00e9d\u00e9ral, <strong>Lo\u00efc Cantin<\/strong> et son secr\u00e9taire, <strong>Emmanuel Chambat<\/strong>, venus r\u00e9affirmer la l\u00e9g\u00e8re reprise du march\u00e9 de l\u2019immobilier.<\/p>\n<p>Si leur visite fut aussi l\u2019occasion d\u2019illustrer toute l\u2019importance de la chambre du Rh\u00f4ne aux yeux de la f\u00e9d\u00e9ration nationale de l\u2019immobilier, celle-ci a surtout apport\u00e9 quelques nouvelles r\u00e9jouissantes, \u00e0 l\u2019instar de la tant attendue augmentation des honoraires de location.<\/p>\n<p>De quoi contrebalancer le \u00ab\u00a0flou artistique\u00a0\u00bb li\u00e9 \u00e0 la crise du logement. Mais en attendant de rouvrir \u00e0 la rentr\u00e9e, le dossier complexe du march\u00e9 locatif, <strong>Pascal Pancrazio<\/strong> et ses adh\u00e9rents ont bien m\u00e9rit\u00e9 une parenth\u00e8se plus enjou\u00e9e. Et ce, avant d\u2019envisager une tout autre d\u00e9finition du taux de vacances. 100% approuv\u00e9es celles-ci\u00a0!<\/p>\n<p style=\"text-align: center;\"><strong>Mariott<br \/><\/strong><strong>Mercredi 25 juin 2025<\/strong><\/p>\n<p>                                <a href=\"https:\/\/www.europesays.com\/fr\/wp-content\/uploads\/2025\/07\/1-Fnaim-MS.jpg\" title=\"1. Jeorge Da Rocha, Dominique Pigato et Fr\u00e9d\u00e9ric Nida (Bien\u2019ici)\" data-rl_title=\"1. Jeorge Da Rocha, Dominique Pigato et Fr\u00e9d\u00e9ric Nida (Bien\u2019ici)\" class=\"rl-gallery-link\" data-rl_caption=\"\" data-rel=\"lightbox-gallery-bGlnaHRib3gtZ2FsbGVyeS0w\" data-rl_><img loading=\"lazy\" decoding=\"async\" width=\"900\" height=\"600\" src=\"data:image\/svg+xml,%3Csvg%20xmlns=\" http:=\"\" class=\"attachment-large size-large\" alt=\"\" aria-describedby=\"gallery--162355\" data-lazy- data-lazy- data-lazy-src=\"https:\/\/www.europesays.com\/fr\/wp-content\/uploads\/2025\/07\/1-Fnaim-MS.jpg\"\/><\/a><\/p>\n<p>\n                                1. Jeorge Da Rocha, Dominique Pigato et Fr\u00e9d\u00e9ric Nida (Bien\u2019ici) <\/p>\n<p>                                <a href=\"https:\/\/www.europesays.com\/fr\/wp-content\/uploads\/2025\/07\/2-Fnaim-MS.jpg\" title=\"2. R\u00e9my Villesange-Ponnaud (Vins Guyot)\" data-rl_title=\"2. R\u00e9my Villesange-Ponnaud (Vins Guyot)\" class=\"rl-gallery-link\" data-rl_caption=\"\" data-rel=\"lightbox-gallery-bGlnaHRib3gtZ2FsbGVyeS0w\" data-rl_><img loading=\"lazy\" decoding=\"async\" width=\"900\" height=\"600\" src=\"data:image\/svg+xml,%3Csvg%20xmlns=\" http:=\"\" class=\"attachment-large size-large\" alt=\"\" aria-describedby=\"gallery--162356\" data-lazy- data-lazy- data-lazy-src=\"https:\/\/www.europesays.com\/fr\/wp-content\/uploads\/2025\/07\/2-Fnaim-MS.jpg\"\/><\/a><\/p>\n<p>\n                                2. R\u00e9my Villesange-Ponnaud (Vins Guyot) <\/p>\n<p><br style=\"clear: both\"\/><\/p>\n<p>                                <a href=\"https:\/\/www.europesays.com\/fr\/wp-content\/uploads\/2025\/07\/3-Fnaim-MS.jpg\" title=\"3. Christian, Jonas et Benoit (Zucca)\" data-rl_title=\"3. Christian, Jonas et Benoit (Zucca)\" class=\"rl-gallery-link\" data-rl_caption=\"\" data-rel=\"lightbox-gallery-bGlnaHRib3gtZ2FsbGVyeS0w\" data-rl_><img loading=\"lazy\" decoding=\"async\" width=\"900\" height=\"600\" src=\"data:image\/svg+xml,%3Csvg%20xmlns=\" http:=\"\" class=\"attachment-large size-large\" alt=\"\" aria-describedby=\"gallery--162357\" data-lazy- data-lazy- data-lazy-src=\"https:\/\/www.europesays.com\/fr\/wp-content\/uploads\/2025\/07\/3-Fnaim-MS.jpg\"\/><\/a><\/p>\n<p>\n                                3. Christian, Jonas et Benoit (Zucca) <\/p>\n<p>                                <a href=\"https:\/\/www.europesays.com\/fr\/wp-content\/uploads\/2025\/07\/4-Fnaim-MS.jpg\" title=\"4. Karine Tisserand, Benjamin Laurent, Alice Gaudin et Aur\u00e9lien Deplanche (Via Humanis Immobilier)\" data-rl_title=\"4. Karine Tisserand, Benjamin Laurent, Alice Gaudin et Aur\u00e9lien Deplanche (Via Humanis Immobilier)\" class=\"rl-gallery-link\" data-rl_caption=\"\" data-rel=\"lightbox-gallery-bGlnaHRib3gtZ2FsbGVyeS0w\" data-rl_><img loading=\"lazy\" decoding=\"async\" width=\"900\" height=\"600\" src=\"data:image\/svg+xml,%3Csvg%20xmlns=\" http:=\"\" class=\"attachment-large size-large\" alt=\"\" aria-describedby=\"gallery--162358\" data-lazy- data-lazy- data-lazy-src=\"https:\/\/www.europesays.com\/fr\/wp-content\/uploads\/2025\/07\/4-Fnaim-MS.jpg\"\/><\/a><\/p>\n<p>\n                                4. Karine Tisserand, Benjamin Laurent, Alice Gaudin et Aur\u00e9lien Deplanche (Via Humanis Immobilier) <\/p>\n<p><br style=\"clear: both\"\/><\/p>\n<p>                                <a href=\"https:\/\/www.europesays.com\/fr\/wp-content\/uploads\/2025\/07\/5-Fnaim-MS.jpg\" title=\"5. Ir\u00e8ne Dalmasso (Ares Groupe Barkene)\" data-rl_title=\"5. Ir\u00e8ne Dalmasso (Ares Groupe Barkene)\" class=\"rl-gallery-link\" data-rl_caption=\"\" data-rel=\"lightbox-gallery-bGlnaHRib3gtZ2FsbGVyeS0w\" data-rl_><img loading=\"lazy\" decoding=\"async\" width=\"900\" height=\"600\" src=\"data:image\/svg+xml,%3Csvg%20xmlns=\" http:=\"\" class=\"attachment-large size-large\" alt=\"\" aria-describedby=\"gallery--162359\" data-lazy- data-lazy- data-lazy-src=\"https:\/\/www.europesays.com\/fr\/wp-content\/uploads\/2025\/07\/5-Fnaim-MS.jpg\"\/><\/a><\/p>\n<p>\n                                5. Ir\u00e8ne Dalmasso (Ares Groupe Barkene) <\/p>\n<p>                                <a href=\"https:\/\/www.europesays.com\/fr\/wp-content\/uploads\/2025\/07\/6-Fnaim-MS.jpg\" title=\"6. Pierre-Andr\u00e9 Noel-Baron, Marie Chamizo Vitale (Action Logement) et Aur\u00e9lien Deplanche (Via Humanis Immobilier)\" data-rl_title=\"6. Pierre-Andr\u00e9 Noel-Baron, Marie Chamizo Vitale (Action Logement) et Aur\u00e9lien Deplanche (Via Humanis Immobilier)\" class=\"rl-gallery-link\" data-rl_caption=\"\" data-rel=\"lightbox-gallery-bGlnaHRib3gtZ2FsbGVyeS0w\" data-rl_><img loading=\"lazy\" decoding=\"async\" width=\"900\" height=\"600\" src=\"data:image\/svg+xml,%3Csvg%20xmlns=\" http:=\"\" class=\"attachment-large size-large\" alt=\"\" aria-describedby=\"gallery--162360\" data-lazy- data-lazy- data-lazy-src=\"https:\/\/www.europesays.com\/fr\/wp-content\/uploads\/2025\/07\/6-Fnaim-MS.jpg\"\/><\/a><\/p>\n<p>\n                                6. Pierre-Andr\u00e9 Noel-Baron, Marie Chamizo Vitale (Action Logement) et Aur\u00e9lien Deplanche (Via Humanis Immobilier) <\/p>\n<p><br style=\"clear: both\"\/><\/p>\n<p>                                <a href=\"https:\/\/www.europesays.com\/fr\/wp-content\/uploads\/2025\/07\/7-Fnaim-MS.jpg\" title=\"\" data-rl_title=\"\" class=\"rl-gallery-link\" data-rl_caption=\"\" data-rel=\"lightbox-gallery-bGlnaHRib3gtZ2FsbGVyeS0w\" data-rl_><img loading=\"lazy\" decoding=\"async\" width=\"900\" height=\"600\" src=\"data:image\/svg+xml,%3Csvg%20xmlns=\" http:=\"\" class=\"attachment-large size-large\" alt=\"\" data-lazy- data-lazy- data-lazy-src=\"https:\/\/www.europesays.com\/fr\/wp-content\/uploads\/2025\/07\/7-Fnaim-MS.jpg\"\/><\/a><\/p>\n<p>                                <a href=\"https:\/\/www.europesays.com\/fr\/wp-content\/uploads\/2025\/07\/8-Fnaim-MS.jpg\" title=\"8. Pierre Chirat, Romain Pupier (JP Immobilier) et Jonathan\" data-rl_title=\"8. Pierre Chirat, Romain Pupier (JP Immobilier) et Jonathan\" class=\"rl-gallery-link\" data-rl_caption=\"\" data-rel=\"lightbox-gallery-bGlnaHRib3gtZ2FsbGVyeS0w\" data-rl_><img loading=\"lazy\" decoding=\"async\" width=\"900\" height=\"600\" src=\"data:image\/svg+xml,%3Csvg%20xmlns=\" http:=\"\" class=\"attachment-large size-large\" alt=\"\" aria-describedby=\"gallery--162362\" data-lazy- data-lazy- data-lazy-src=\"https:\/\/www.europesays.com\/fr\/wp-content\/uploads\/2025\/07\/8-Fnaim-MS.jpg\"\/><\/a><\/p>\n<p>\n                                8. Pierre Chirat, Romain Pupier (JP Immobilier) et Jonathan <\/p>\n<p><br style=\"clear: both\"\/><\/p>\n<p>                                <a href=\"https:\/\/www.europesays.com\/fr\/wp-content\/uploads\/2025\/07\/9-Fnaim-MS.jpg\" title=\"9. Florent Barbafieri et Sylvie Aucagne (Agence Ain Rh\u00f4ne Immobilier)\" data-rl_title=\"9. Florent Barbafieri et Sylvie Aucagne (Agence Ain Rh\u00f4ne Immobilier)\" class=\"rl-gallery-link\" data-rl_caption=\"\" data-rel=\"lightbox-gallery-bGlnaHRib3gtZ2FsbGVyeS0w\" data-rl_><img loading=\"lazy\" decoding=\"async\" width=\"900\" height=\"600\" src=\"data:image\/svg+xml,%3Csvg%20xmlns=\" http:=\"\" class=\"attachment-large size-large\" alt=\"\" aria-describedby=\"gallery--162363\" data-lazy- data-lazy- data-lazy-src=\"https:\/\/www.europesays.com\/fr\/wp-content\/uploads\/2025\/07\/9-Fnaim-MS.jpg\"\/><\/a><\/p>\n<p>\n                                9. Florent Barbafieri et Sylvie Aucagne (Agence Ain Rh\u00f4ne Immobilier) <\/p>\n<p>                                <a href=\"https:\/\/www.europesays.com\/fr\/wp-content\/uploads\/2025\/07\/10-Fnaim-MS.jpg\" title=\"10. Maurine Rabut (Citya Barioz), Nicolas Perez (Citya Gallichet Lemaitre), C\u00e9cile Izquierdo (Citya Neuville) et Julien Germaneau (Citya Vend\u00f4me Lumi\u00e8re)\" data-rl_title=\"10. Maurine Rabut (Citya Barioz), Nicolas Perez (Citya Gallichet Lemaitre), C\u00e9cile Izquierdo (Citya Neuville) et Julien Germaneau (Citya Vend\u00f4me Lumi\u00e8re)\" class=\"rl-gallery-link\" data-rl_caption=\"\" data-rel=\"lightbox-gallery-bGlnaHRib3gtZ2FsbGVyeS0w\" data-rl_><img loading=\"lazy\" decoding=\"async\" width=\"900\" height=\"600\" src=\"data:image\/svg+xml,%3Csvg%20xmlns=\" http:=\"\" class=\"attachment-large size-large\" alt=\"\" aria-describedby=\"gallery--162364\" data-lazy- data-lazy- data-lazy-src=\"https:\/\/www.europesays.com\/fr\/wp-content\/uploads\/2025\/07\/10-Fnaim-MS.jpg\"\/><\/a><\/p>\n<p>\n                                10. Maurine Rabut (Citya Barioz), Nicolas Perez (Citya Gallichet Lemaitre), C\u00e9cile Izquierdo (Citya Neuville) et Julien Germaneau (Citya Vend\u00f4me Lumi\u00e8re) <\/p>\n<p><br style=\"clear: both\"\/><\/p>\n<p>                                <a href=\"https:\/\/www.europesays.com\/fr\/wp-content\/uploads\/2025\/07\/11-Fnaim-MS.jpg\" title=\"11. Corinne Mazard Mercier (Citya Barioz Immobilier) entour\u00e9e d\u2019Isabelle Leymarie et Linda Larbatmi, directrice de la Cecim\" data-rl_title=\"11. Corinne Mazard Mercier (Citya Barioz Immobilier) entour\u00e9e d\u2019Isabelle Leymarie et Linda Larbatmi, directrice de la Cecim\" class=\"rl-gallery-link\" data-rl_caption=\"\" data-rel=\"lightbox-gallery-bGlnaHRib3gtZ2FsbGVyeS0w\" data-rl_><img loading=\"lazy\" decoding=\"async\" width=\"900\" height=\"600\" src=\"data:image\/svg+xml,%3Csvg%20xmlns=\" http:=\"\" class=\"attachment-large size-large\" alt=\"\" aria-describedby=\"gallery--162365\" data-lazy- data-lazy- data-lazy-src=\"https:\/\/www.europesays.com\/fr\/wp-content\/uploads\/2025\/07\/11-Fnaim-MS.jpg\"\/><\/a><\/p>\n<p>\n                                11. Corinne Mazard Mercier (Citya Barioz Immobilier) entour\u00e9e d\u2019Isabelle Leymarie et Linda Larbatmi, directrice de la Cecim <\/p>\n<p>                                <a href=\"https:\/\/www.europesays.com\/fr\/wp-content\/uploads\/2025\/07\/12-Fnaim-MS.jpg\" title=\"12. Fr\u00e9d\u00e9ric Berthet, secr\u00e9taire g\u00e9n\u00e9ral de la FNAIM Entreprise et Emmanuel Chambat, secr\u00e9taire g\u00e9n\u00e9ral national de la FNAIM\" data-rl_title=\"12. Fr\u00e9d\u00e9ric Berthet, secr\u00e9taire g\u00e9n\u00e9ral de la FNAIM Entreprise et Emmanuel Chambat, secr\u00e9taire g\u00e9n\u00e9ral national de la FNAIM\" class=\"rl-gallery-link\" data-rl_caption=\"\" data-rel=\"lightbox-gallery-bGlnaHRib3gtZ2FsbGVyeS0w\" data-rl_><img loading=\"lazy\" decoding=\"async\" width=\"900\" height=\"600\" src=\"data:image\/svg+xml,%3Csvg%20xmlns=\" http:=\"\" class=\"attachment-large size-large\" alt=\"\" aria-describedby=\"gallery--162366\" data-lazy- data-lazy- data-lazy-src=\"https:\/\/www.europesays.com\/fr\/wp-content\/uploads\/2025\/07\/12-Fnaim-MS.jpg\"\/><\/a><\/p>\n<p>\n                                12. Fr\u00e9d\u00e9ric Berthet, secr\u00e9taire g\u00e9n\u00e9ral de la FNAIM Entreprise et Emmanuel Chambat, secr\u00e9taire g\u00e9n\u00e9ral national de la FNAIM <\/p>\n<p><br style=\"clear: both\"\/><\/p>\n<p>                                <a href=\"https:\/\/www.europesays.com\/fr\/wp-content\/uploads\/2025\/07\/13-Fnaim-MS.jpg\" title=\"13. Adrien Pupier (GP Immobilier), Karine Ploton, Aur\u00e9lia Faradji (Tassin Immobilier) et Lo\u00efc Grobost (agence de l\u2019Opco des Entreprises de Proximit\u00e9)\" data-rl_title=\"13. Adrien Pupier (GP Immobilier), Karine Ploton, Aur\u00e9lia Faradji (Tassin Immobilier) et Lo\u00efc Grobost (agence de l\u2019Opco des Entreprises de Proximit\u00e9)\" class=\"rl-gallery-link\" data-rl_caption=\"\" data-rel=\"lightbox-gallery-bGlnaHRib3gtZ2FsbGVyeS0w\" data-rl_><img loading=\"lazy\" decoding=\"async\" width=\"900\" height=\"600\" src=\"data:image\/svg+xml,%3Csvg%20xmlns=\" http:=\"\" class=\"attachment-large size-large\" alt=\"\" aria-describedby=\"gallery--162367\" data-lazy- data-lazy- data-lazy-src=\"https:\/\/www.europesays.com\/fr\/wp-content\/uploads\/2025\/07\/13-Fnaim-MS.jpg\"\/><\/a><\/p>\n<p>\n                                13. Adrien Pupier (GP Immobilier), Karine Ploton, Aur\u00e9lia Faradji (Tassin Immobilier) et Lo\u00efc Grobost (agence de l\u2019Opco des Entreprises de Proximit\u00e9) <\/p>\n<p>                                <a href=\"https:\/\/www.europesays.com\/fr\/wp-content\/uploads\/2025\/07\/14-Fnaim-MS.jpg\" title=\"14. Nicolas Derrien (NGI Conseils), V\u00e9ronique Gauthier (Neowi Beaujolais), Gersende Derrien (NGI Conseil) et \u00c9ric Savard (Activ Patrimonia)\" data-rl_title=\"14. Nicolas Derrien (NGI Conseils), V\u00e9ronique Gauthier (Neowi Beaujolais), Gersende Derrien (NGI Conseil) et \u00c9ric Savard (Activ Patrimonia)\" class=\"rl-gallery-link\" data-rl_caption=\"\" data-rel=\"lightbox-gallery-bGlnaHRib3gtZ2FsbGVyeS0w\" data-rl_><img loading=\"lazy\" decoding=\"async\" width=\"900\" height=\"600\" src=\"data:image\/svg+xml,%3Csvg%20xmlns=\" http:=\"\" class=\"attachment-large size-large\" alt=\"\" aria-describedby=\"gallery--162368\" data-lazy- data-lazy- data-lazy-src=\"https:\/\/www.europesays.com\/fr\/wp-content\/uploads\/2025\/07\/14-Fnaim-MS.jpg\"\/><\/a><\/p>\n<p>\n                                14. Nicolas Derrien (NGI Conseils), V\u00e9ronique Gauthier (Neowi Beaujolais), Gersende Derrien (NGI Conseil) et \u00c9ric Savard (Activ Patrimonia) <\/p>\n<p><br style=\"clear: both\"\/><\/p>\n<p>                                <a href=\"https:\/\/www.europesays.com\/fr\/wp-content\/uploads\/2025\/07\/15-Fnaim-MS.jpg\" title=\"15. V\u00e9ronique Gauthier (Neowi Beaujolais), Nicolas Derrien (NGI Conseils), Deanna Nociar (Transaction Immobili\u00e8re), Martin M\u00e9gevand (Himosty)\" data-rl_title=\"15. V\u00e9ronique Gauthier (Neowi Beaujolais), Nicolas Derrien (NGI Conseils), Deanna Nociar (Transaction Immobili\u00e8re), Martin M\u00e9gevand (Himosty)\" class=\"rl-gallery-link\" data-rl_caption=\"\" data-rel=\"lightbox-gallery-bGlnaHRib3gtZ2FsbGVyeS0w\" data-rl_><img loading=\"lazy\" decoding=\"async\" width=\"900\" height=\"600\" src=\"data:image\/svg+xml,%3Csvg%20xmlns=\" http:=\"\" class=\"attachment-large size-large\" alt=\"\" aria-describedby=\"gallery--162369\" data-lazy- data-lazy- data-lazy-src=\"https:\/\/www.europesays.com\/fr\/wp-content\/uploads\/2025\/07\/15-Fnaim-MS.jpg\"\/><\/a><\/p>\n<p>\n                                15. V\u00e9ronique Gauthier (Neowi Beaujolais), Nicolas Derrien (NGI Conseils), Deanna Nociar (Transaction Immobili\u00e8re), Martin M\u00e9gevand (Himosty) <\/p>\n<p>                                <a href=\"https:\/\/www.europesays.com\/fr\/wp-content\/uploads\/2025\/07\/16-Fnaim-MS.jpg\" title=\"16. Pascal Pancrazio, pr\u00e9sident de la FNAIM du Rh\u00f4ne et Franck Morize, pr\u00e9sident de la CPME du Rh\u00f4ne\" data-rl_title=\"16. Pascal Pancrazio, pr\u00e9sident de la FNAIM du Rh\u00f4ne et Franck Morize, pr\u00e9sident de la CPME du Rh\u00f4ne\" class=\"rl-gallery-link\" data-rl_caption=\"\" data-rel=\"lightbox-gallery-bGlnaHRib3gtZ2FsbGVyeS0w\" data-rl_><img loading=\"lazy\" decoding=\"async\" width=\"900\" height=\"600\" src=\"data:image\/svg+xml,%3Csvg%20xmlns=\" http:=\"\" class=\"attachment-large size-large\" alt=\"\" aria-describedby=\"gallery--162370\" data-lazy- data-lazy- data-lazy-src=\"https:\/\/www.europesays.com\/fr\/wp-content\/uploads\/2025\/07\/16-Fnaim-MS.jpg\"\/><\/a><\/p>\n<p>\n                                16. Pascal Pancrazio, pr\u00e9sident de la FNAIM du Rh\u00f4ne et Franck Morize, pr\u00e9sident de la CPME du Rh\u00f4ne <\/p>\n<p><br style=\"clear: both\"\/><\/p>\n<p>                                <a href=\"https:\/\/www.europesays.com\/fr\/wp-content\/uploads\/2025\/07\/17-Fnaim-MS.jpg\" title=\"17. Virginie Gross, Christophe Laporte (R\u00e9gie Laporte Rey) et Angela Laranjeira (Aio Immobili\u00e8re)\" data-rl_title=\"17. Virginie Gross, Christophe Laporte (R\u00e9gie Laporte Rey) et Angela Laranjeira (Aio Immobili\u00e8re)\" class=\"rl-gallery-link\" data-rl_caption=\"\" data-rel=\"lightbox-gallery-bGlnaHRib3gtZ2FsbGVyeS0w\" data-rl_><img loading=\"lazy\" decoding=\"async\" width=\"900\" height=\"600\" src=\"data:image\/svg+xml,%3Csvg%20xmlns=\" http:=\"\" class=\"attachment-large size-large\" alt=\"\" aria-describedby=\"gallery--162371\" data-lazy- data-lazy- data-lazy-src=\"https:\/\/www.europesays.com\/fr\/wp-content\/uploads\/2025\/07\/17-Fnaim-MS.jpg\"\/><\/a><\/p>\n<p>\n                                17. Virginie Gross, Christophe Laporte (R\u00e9gie Laporte Rey) et Angela Laranjeira (Aio Immobili\u00e8re)  <\/p>\n<p>                                <a href=\"https:\/\/www.europesays.com\/fr\/wp-content\/uploads\/2025\/07\/18-Fnaim-MS.jpg\" title=\"18. Marie-C\u00e9cile Frecon (Arilim Assurances) et Caroline Liby (Appart &amp; Sens)\" data-rl_title=\"18. Marie-C\u00e9cile Frecon (Arilim Assurances) et Caroline Liby (Appart &amp; Sens)\" class=\"rl-gallery-link\" data-rl_caption=\"\" data-rel=\"lightbox-gallery-bGlnaHRib3gtZ2FsbGVyeS0w\" data-rl_><img loading=\"lazy\" decoding=\"async\" width=\"900\" height=\"600\" src=\"data:image\/svg+xml,%3Csvg%20xmlns=\" http:=\"\" class=\"attachment-large size-large\" alt=\"\" aria-describedby=\"gallery--162372\" data-lazy- data-lazy- data-lazy-src=\"https:\/\/www.europesays.com\/fr\/wp-content\/uploads\/2025\/07\/18-Fnaim-MS.jpg\"\/><\/a><\/p>\n<p>\n                                18. Marie-C\u00e9cile Frecon (Arilim Assurances) et Caroline Liby (Appart &amp; Sens) <\/p>\n<p><br style=\"clear: both\"\/><\/p>\n<p>                                <a href=\"https:\/\/www.europesays.com\/fr\/wp-content\/uploads\/2025\/07\/19-Fnaim-MS.jpg\" title=\"19. David Emerique (Arilim Assurances), Yannick et Rapha\u00eblle Bodin (Immotyon)\" data-rl_title=\"19. David Emerique (Arilim Assurances), Yannick et Rapha\u00eblle Bodin (Immotyon)\" class=\"rl-gallery-link\" data-rl_caption=\"\" data-rel=\"lightbox-gallery-bGlnaHRib3gtZ2FsbGVyeS0w\" data-rl_><img loading=\"lazy\" decoding=\"async\" width=\"900\" height=\"600\" src=\"data:image\/svg+xml,%3Csvg%20xmlns=\" http:=\"\" class=\"attachment-large size-large\" alt=\"\" aria-describedby=\"gallery--162373\" data-lazy- data-lazy- data-lazy-src=\"https:\/\/www.europesays.com\/fr\/wp-content\/uploads\/2025\/07\/19-Fnaim-MS.jpg\"\/><\/a><\/p>\n<p>\n                                19. David Emerique (Arilim Assurances), Yannick et Rapha\u00eblle Bodin (Immotyon) <\/p>\n<p>                                <a href=\"https:\/\/www.europesays.com\/fr\/wp-content\/uploads\/2025\/07\/20-Fnaim-MS.jpg\" title=\"20. Ir\u00e8ne Dalmasso (Ares Groupe Barkene) et Michel Ruivo (Immokoda)\" data-rl_title=\"20. Ir\u00e8ne Dalmasso (Ares Groupe Barkene) et Michel Ruivo (Immokoda)\" class=\"rl-gallery-link\" data-rl_caption=\"\" data-rel=\"lightbox-gallery-bGlnaHRib3gtZ2FsbGVyeS0w\" data-rl_><img loading=\"lazy\" decoding=\"async\" width=\"900\" height=\"600\" src=\"data:image\/svg+xml,%3Csvg%20xmlns=\" http:=\"\" class=\"attachment-large size-large\" alt=\"\" aria-describedby=\"gallery--162374\" data-lazy- data-lazy- data-lazy-src=\"https:\/\/www.europesays.com\/fr\/wp-content\/uploads\/2025\/07\/20-Fnaim-MS.jpg\"\/><\/a><\/p>\n<p>\n                                20. Ir\u00e8ne Dalmasso (Ares Groupe Barkene) et Michel Ruivo (Immokoda) <\/p>\n<p><br style=\"clear: both\"\/><\/p>\n<p>                                <a href=\"https:\/\/www.europesays.com\/fr\/wp-content\/uploads\/2025\/07\/21-Fnaim-MS.jpg\" title=\"21. Dominique Pigato, Jeorge Da Rocha (Bien\u2019ici), C\u00e9cile Kuzma (K&amp;P Immobilier) et Fr\u00e9d\u00e9ric Nida (Bien\u2019ici)\" data-rl_title=\"21. Dominique Pigato, Jeorge Da Rocha (Bien\u2019ici), C\u00e9cile Kuzma (K&amp;P Immobilier) et Fr\u00e9d\u00e9ric Nida (Bien\u2019ici)\" class=\"rl-gallery-link\" data-rl_caption=\"\" data-rel=\"lightbox-gallery-bGlnaHRib3gtZ2FsbGVyeS0w\" data-rl_><img loading=\"lazy\" decoding=\"async\" width=\"900\" height=\"600\" src=\"data:image\/svg+xml,%3Csvg%20xmlns=\" http:=\"\" class=\"attachment-large size-large\" alt=\"\" aria-describedby=\"gallery--162375\" data-lazy- data-lazy- data-lazy-src=\"https:\/\/www.europesays.com\/fr\/wp-content\/uploads\/2025\/07\/21-Fnaim-MS.jpg\"\/><\/a><\/p>\n<p>\n                                21. Dominique Pigato, Jeorge Da Rocha (Bien\u2019ici), C\u00e9cile Kuzma (K&amp;P Immobilier) et Fr\u00e9d\u00e9ric Nida (Bien\u2019ici) <\/p>\n<p>                                <a href=\"https:\/\/www.europesays.com\/fr\/wp-content\/uploads\/2025\/07\/22-Fnaim-MS.jpg\" title=\"22. Olivier Venet (Immo 7), Maitre Jacques Berat (Chambre des Notaires du Rh\u00f4ne), Anne de Planchard (Cabinet Immocr\u00e9ation), Vincent Targe (R\u00e9gie Vincent Targe) et Romain Biseau (Bizo Immo)\" data-rl_title=\"22. Olivier Venet (Immo 7), Maitre Jacques Berat (Chambre des Notaires du Rh\u00f4ne), Anne de Planchard (Cabinet Immocr\u00e9ation), Vincent Targe (R\u00e9gie Vincent Targe) et Romain Biseau (Bizo Immo)\" class=\"rl-gallery-link\" data-rl_caption=\"\" data-rel=\"lightbox-gallery-bGlnaHRib3gtZ2FsbGVyeS0w\" data-rl_><img loading=\"lazy\" decoding=\"async\" width=\"900\" height=\"600\" src=\"data:image\/svg+xml,%3Csvg%20xmlns=\" http:=\"\" class=\"attachment-large size-large\" alt=\"\" aria-describedby=\"gallery--162376\" data-lazy- data-lazy- data-lazy-src=\"https:\/\/www.europesays.com\/fr\/wp-content\/uploads\/2025\/07\/22-Fnaim-MS.jpg\"\/><\/a><\/p>\n<p>\n                                22. Olivier Venet (Immo 7), Maitre Jacques Berat (Chambre des Notaires du Rh\u00f4ne), Anne de Planchard (Cabinet Immocr\u00e9ation), Vincent Targe (R\u00e9gie Vincent Targe) et Romain Biseau (Bizo Immo) <\/p>\n<p><br style=\"clear: both\"\/><\/p>\n<p>                                <a href=\"https:\/\/www.europesays.com\/fr\/wp-content\/uploads\/2025\/07\/23-Fnaim-MS.jpg\" title=\"23. Pierre-Yves Gaucher, pr\u00e9sident de Citya Barioz Immobilier, Jean Chavot, ancien pr\u00e9sident de la FNAIM du Rh\u00f4ne, Pascal Pancrazio, pr\u00e9sident de la FNAIM du Rh\u00f4ne, Franck Morize, pr\u00e9sident de la CPME du Rh\u00f4ne et Emmanuel Chambat, secr\u00e9taire g\u00e9n\u00e9ral national de la FNAIM\" data-rl_title=\"23. Pierre-Yves Gaucher, pr\u00e9sident de Citya Barioz Immobilier, Jean Chavot, ancien pr\u00e9sident de la FNAIM du Rh\u00f4ne, Pascal Pancrazio, pr\u00e9sident de la FNAIM du Rh\u00f4ne, Franck Morize, pr\u00e9sident de la CPME du Rh\u00f4ne et Emmanuel Chambat, secr\u00e9taire g\u00e9n\u00e9ral national de la FNAIM\" class=\"rl-gallery-link\" data-rl_caption=\"\" data-rel=\"lightbox-gallery-bGlnaHRib3gtZ2FsbGVyeS0w\" data-rl_><img loading=\"lazy\" decoding=\"async\" width=\"900\" height=\"600\" src=\"data:image\/svg+xml,%3Csvg%20xmlns=\" http:=\"\" class=\"attachment-large size-large\" alt=\"\" aria-describedby=\"gallery--162377\" data-lazy- data-lazy- data-lazy-src=\"https:\/\/www.europesays.com\/fr\/wp-content\/uploads\/2025\/07\/23-Fnaim-MS.jpg\"\/><\/a><\/p>\n<p>\n                                 23. Pierre-Yves Gaucher, pr\u00e9sident de Citya Barioz Immobilier, Jean Chavot, ancien pr\u00e9sident de la FNAIM du Rh\u00f4ne, Pascal Pancrazio, pr\u00e9sident de la FNAIM du Rh\u00f4ne, Franck Morize, pr\u00e9sident de la CPME du Rh\u00f4ne et Emmanuel Chambat, secr\u00e9taire g\u00e9n\u00e9ral national de la FNAIM <\/p>\n<p>                                <a href=\"https:\/\/www.europesays.com\/fr\/wp-content\/uploads\/2025\/07\/24-Fnaim-MS-1.jpg\" title=\"24. Pierre-Yves Gaucher, pr\u00e9sident de Citya Barioz Immobilier, Jean Chavot, ancien pr\u00e9sident de la FNAIM du Rh\u00f4ne, St\u00e9phane Chaiss\u00e9, pr\u00e9sident de la FNAIM Is\u00e8re, Pascal Pancrazio, pr\u00e9sident de la FNAIM du Rh\u00f4ne, Franck Morize, pr\u00e9sident de la CPME du Rh\u00f4ne et Emmanuel Chambat, secr\u00e9taire g\u00e9n\u00e9ral national de la FNAIM\" data-rl_title=\"24. Pierre-Yves Gaucher, pr\u00e9sident de Citya Barioz Immobilier, Jean Chavot, ancien pr\u00e9sident de la FNAIM du Rh\u00f4ne, St\u00e9phane Chaiss\u00e9, pr\u00e9sident de la FNAIM Is\u00e8re, Pascal Pancrazio, pr\u00e9sident de la FNAIM du Rh\u00f4ne, Franck Morize, pr\u00e9sident de la CPME du Rh\u00f4ne et Emmanuel Chambat, secr\u00e9taire g\u00e9n\u00e9ral national de la FNAIM\" class=\"rl-gallery-link\" data-rl_caption=\"\" data-rel=\"lightbox-gallery-bGlnaHRib3gtZ2FsbGVyeS0w\" data-rl_><img loading=\"lazy\" decoding=\"async\" width=\"900\" height=\"600\" src=\"data:image\/svg+xml,%3Csvg%20xmlns=\" http:=\"\" class=\"attachment-large size-large\" alt=\"\" aria-describedby=\"gallery--162378\" data-lazy- data-lazy- data-lazy-src=\"https:\/\/www.europesays.com\/fr\/wp-content\/uploads\/2025\/07\/24-Fnaim-MS-1.jpg\"\/><\/a><\/p>\n<p>\n                                24. Pierre-Yves Gaucher, pr\u00e9sident de Citya Barioz Immobilier, Jean Chavot, ancien pr\u00e9sident de la FNAIM du Rh\u00f4ne, St\u00e9phane Chaiss\u00e9, pr\u00e9sident de la FNAIM Is\u00e8re, Pascal Pancrazio, pr\u00e9sident de la FNAIM du Rh\u00f4ne, Franck Morize, pr\u00e9sident de la CPME du Rh\u00f4ne et Emmanuel Chambat, secr\u00e9taire g\u00e9n\u00e9ral national de la FNAIM <\/p>\n<p><br style=\"clear: both\"\/><\/p>\n<p>                                <a href=\"https:\/\/www.europesays.com\/fr\/wp-content\/uploads\/2025\/07\/25-Fnaim-MS.jpg\" title=\"25. Olivier Venet (Immo 7) et Patrice Garde (Sagiter)\" data-rl_title=\"25. Olivier Venet (Immo 7) et Patrice Garde (Sagiter)\" class=\"rl-gallery-link\" data-rl_caption=\"\" data-rel=\"lightbox-gallery-bGlnaHRib3gtZ2FsbGVyeS0w\" data-rl_><img loading=\"lazy\" decoding=\"async\" width=\"900\" height=\"600\" src=\"data:image\/svg+xml,%3Csvg%20xmlns=\" http:=\"\" class=\"attachment-large size-large\" alt=\"\" aria-describedby=\"gallery--162379\" data-lazy- data-lazy- data-lazy-src=\"https:\/\/www.europesays.com\/fr\/wp-content\/uploads\/2025\/07\/25-Fnaim-MS.jpg\"\/><\/a><\/p>\n<p>\n                                25. Olivier Venet (Immo 7) et Patrice Garde (Sagiter) <\/p>\n<p>                                <a href=\"https:\/\/www.europesays.com\/fr\/wp-content\/uploads\/2025\/07\/26-Fnaim-MS.jpg\" title=\"26. Jean-Philippe Guinet (Rochat Immobilier) et Charles Cl\u00e9on (Cl\u00e9r\u00e9a Investissements &amp; Transactions)\" data-rl_title=\"26. Jean-Philippe Guinet (Rochat Immobilier) et Charles Cl\u00e9on (Cl\u00e9r\u00e9a Investissements &amp; Transactions)\" class=\"rl-gallery-link\" data-rl_caption=\"\" data-rel=\"lightbox-gallery-bGlnaHRib3gtZ2FsbGVyeS0w\" data-rl_><img loading=\"lazy\" decoding=\"async\" width=\"900\" height=\"600\" src=\"data:image\/svg+xml,%3Csvg%20xmlns=\" http:=\"\" class=\"attachment-large size-large\" alt=\"\" aria-describedby=\"gallery--162380\" data-lazy- data-lazy- data-lazy-src=\"https:\/\/www.europesays.com\/fr\/wp-content\/uploads\/2025\/07\/26-Fnaim-MS.jpg\"\/><\/a><\/p>\n<p>\n                                26. Jean-Philippe Guinet (Rochat Immobilier) et Charles Cl\u00e9on (Cl\u00e9r\u00e9a Investissements &amp; Transactions) <\/p>\n<p><br style=\"clear: both\"\/><\/p>\n<p>                                <a href=\"https:\/\/www.europesays.com\/fr\/wp-content\/uploads\/2025\/07\/27-Fnaim-MS.jpg\" title=\"27. Florent Barbafieri (Agence Ain Rhone Immobilier) et Romain Biseau (Bizo Immo)\" data-rl_title=\"27. Florent Barbafieri (Agence Ain Rhone Immobilier) et Romain Biseau (Bizo Immo)\" class=\"rl-gallery-link\" data-rl_caption=\"\" data-rel=\"lightbox-gallery-bGlnaHRib3gtZ2FsbGVyeS0w\" data-rl_><img loading=\"lazy\" decoding=\"async\" width=\"900\" height=\"600\" src=\"data:image\/svg+xml,%3Csvg%20xmlns=\" http:=\"\" class=\"attachment-large size-large\" alt=\"\" aria-describedby=\"gallery--162381\" data-lazy- data-lazy- data-lazy-src=\"https:\/\/www.europesays.com\/fr\/wp-content\/uploads\/2025\/07\/27-Fnaim-MS.jpg\"\/><\/a><\/p>\n<p>\n                                27. Florent Barbafieri (Agence Ain Rhone Immobilier) et Romain Biseau (Bizo Immo) <\/p>\n<p>                                <a href=\"https:\/\/www.europesays.com\/fr\/wp-content\/uploads\/2025\/07\/28-Fnaim-MS.jpg\" title=\"28. David Blot, Matthieu Blin (Urba Sciences) et Alexandre Conti (Immo De France CIFV)\" data-rl_title=\"28. David Blot, Matthieu Blin (Urba Sciences) et Alexandre Conti (Immo De France CIFV)\" class=\"rl-gallery-link\" data-rl_caption=\"\" data-rel=\"lightbox-gallery-bGlnaHRib3gtZ2FsbGVyeS0w\" data-rl_><img loading=\"lazy\" decoding=\"async\" width=\"900\" height=\"600\" src=\"data:image\/svg+xml,%3Csvg%20xmlns=\" http:=\"\" class=\"attachment-large size-large\" alt=\"\" aria-describedby=\"gallery--162382\" data-lazy- data-lazy- data-lazy-src=\"https:\/\/www.europesays.com\/fr\/wp-content\/uploads\/2025\/07\/28-Fnaim-MS.jpg\"\/><\/a><\/p>\n<p>\n                                28. David Blot, Matthieu Blin (Urba Sciences) et Alexandre Conti (Immo De France CIFV) <\/p>\n<p><br style=\"clear: both\"\/><\/p>\n<p>                                <a href=\"https:\/\/www.europesays.com\/fr\/wp-content\/uploads\/2025\/07\/29-Fnaim-MS.jpg\" title=\"29. Franck Morize, pr\u00e9sident de la CPME du Rh\u00f4ne, Pascal Pancrazio, pr\u00e9sident de la FNAIM du Rh\u00f4ne et Marco Polisson (Lyon People)\" data-rl_title=\"29. Franck Morize, pr\u00e9sident de la CPME du Rh\u00f4ne, Pascal Pancrazio, pr\u00e9sident de la FNAIM du Rh\u00f4ne et Marco Polisson (Lyon People)\" class=\"rl-gallery-link\" data-rl_caption=\"\" data-rel=\"lightbox-gallery-bGlnaHRib3gtZ2FsbGVyeS0w\" data-rl_><img loading=\"lazy\" decoding=\"async\" width=\"900\" height=\"600\" src=\"data:image\/svg+xml,%3Csvg%20xmlns=\" http:=\"\" class=\"attachment-large size-large\" alt=\"\" aria-describedby=\"gallery--162383\" data-lazy- data-lazy- data-lazy-src=\"https:\/\/www.europesays.com\/fr\/wp-content\/uploads\/2025\/07\/29-Fnaim-MS.jpg\"\/><\/a><\/p>\n<p>\n                                29. Franck Morize, pr\u00e9sident de la CPME du Rh\u00f4ne, Pascal Pancrazio, pr\u00e9sident de la FNAIM du Rh\u00f4ne et Marco Polisson (Lyon People) <\/p>\n<p>                                <a href=\"https:\/\/www.europesays.com\/fr\/wp-content\/uploads\/2025\/07\/30-Fnaim-MS.jpg\" title=\"30. Nathalie Chambon (Citya Vend\u00f4me Lumi\u00e8re), Damien Bour (Citya Bourguignon Palluat) et Edith Gay Peiller (Citya Vend\u00f4me Lumi\u00e8re)\" data-rl_title=\"30. Nathalie Chambon (Citya Vend\u00f4me Lumi\u00e8re), Damien Bour (Citya Bourguignon Palluat) et Edith Gay Peiller (Citya Vend\u00f4me Lumi\u00e8re)\" class=\"rl-gallery-link\" data-rl_caption=\"\" data-rel=\"lightbox-gallery-bGlnaHRib3gtZ2FsbGVyeS0w\" data-rl_><img loading=\"lazy\" decoding=\"async\" width=\"900\" height=\"600\" src=\"data:image\/svg+xml,%3Csvg%20xmlns=\" http:=\"\" class=\"attachment-large size-large\" alt=\"\" aria-describedby=\"gallery--162384\" data-lazy- data-lazy- data-lazy-src=\"https:\/\/www.europesays.com\/fr\/wp-content\/uploads\/2025\/07\/30-Fnaim-MS.jpg\"\/><\/a><\/p>\n<p>\n                                30. Nathalie Chambon (Citya Vend\u00f4me Lumi\u00e8re), Damien Bour (Citya Bourguignon Palluat) et Edith Gay Peiller (Citya Vend\u00f4me Lumi\u00e8re) <\/p>\n<p><br style=\"clear: both\"\/><\/p>\n<p>                                <a href=\"https:\/\/www.europesays.com\/fr\/wp-content\/uploads\/2025\/07\/31-Fnaim-MS.jpg\" title=\"31. Katia Haddouche et Alice Gaudin (Via Humanis Immobilier)\" data-rl_title=\"31. Katia Haddouche et Alice Gaudin (Via Humanis Immobilier)\" class=\"rl-gallery-link\" data-rl_caption=\"\" data-rel=\"lightbox-gallery-bGlnaHRib3gtZ2FsbGVyeS0w\" data-rl_><img loading=\"lazy\" decoding=\"async\" width=\"900\" height=\"600\" src=\"data:image\/svg+xml,%3Csvg%20xmlns=\" http:=\"\" class=\"attachment-large size-large\" alt=\"\" aria-describedby=\"gallery--162385\" data-lazy- data-lazy- data-lazy-src=\"https:\/\/www.europesays.com\/fr\/wp-content\/uploads\/2025\/07\/31-Fnaim-MS.jpg\"\/><\/a><\/p>\n<p>\n                                31. Katia Haddouche et Alice Gaudin (Via Humanis Immobilier) <\/p>\n<p>                                <a href=\"https:\/\/www.europesays.com\/fr\/wp-content\/uploads\/2025\/07\/32-Fnaim-MS.jpg\" title=\"32. Katia Haddouche, Florent Barois et Alice Gaudin (Via Humanis Immobilier)\" data-rl_title=\"32. Katia Haddouche, Florent Barois et Alice Gaudin (Via Humanis Immobilier)\" class=\"rl-gallery-link\" data-rl_caption=\"\" data-rel=\"lightbox-gallery-bGlnaHRib3gtZ2FsbGVyeS0w\" data-rl_><img loading=\"lazy\" decoding=\"async\" width=\"900\" height=\"600\" src=\"data:image\/svg+xml,%3Csvg%20xmlns=\" http:=\"\" class=\"attachment-large size-large\" alt=\"\" aria-describedby=\"gallery--162386\" data-lazy- data-lazy- data-lazy-src=\"https:\/\/www.europesays.com\/fr\/wp-content\/uploads\/2025\/07\/32-Fnaim-MS.jpg\"\/><\/a><\/p>\n<p>\n                                 32. Katia Haddouche, Florent Barois et Alice Gaudin (Via Humanis Immobilier) <\/p>\n<p><br style=\"clear: both\"\/><\/p>\n<p>                                <a href=\"https:\/\/www.europesays.com\/fr\/wp-content\/uploads\/2025\/07\/33-Fnaim-MS.jpg\" title=\"33. Didier Journoud et Fran\u00e7ois Maillot (Agence Immobili\u00e8re du Grand Ouest)\" data-rl_title=\"33. Didier Journoud et Fran\u00e7ois Maillot (Agence Immobili\u00e8re du Grand Ouest)\" class=\"rl-gallery-link\" data-rl_caption=\"\" data-rel=\"lightbox-gallery-bGlnaHRib3gtZ2FsbGVyeS0w\" data-rl_><img loading=\"lazy\" decoding=\"async\" width=\"900\" height=\"600\" src=\"data:image\/svg+xml,%3Csvg%20xmlns=\" http:=\"\" class=\"attachment-large size-large\" alt=\"\" aria-describedby=\"gallery--162387\" data-lazy- data-lazy- data-lazy-src=\"https:\/\/www.europesays.com\/fr\/wp-content\/uploads\/2025\/07\/33-Fnaim-MS.jpg\"\/><\/a><\/p>\n<p>\n                                33. Didier Journoud et Fran\u00e7ois Maillot (Agence Immobili\u00e8re du Grand Ouest) <\/p>\n<p>                                <a href=\"https:\/\/www.europesays.com\/fr\/wp-content\/uploads\/2025\/07\/37-Fnaim-MS.jpg\" title=\"34. L&#039;Assembl\u00e9e g\u00e9n\u00e9rale\" data-rl_title=\"34. L&#039;Assembl\u00e9e g\u00e9n\u00e9rale\" class=\"rl-gallery-link\" data-rl_caption=\"\" data-rel=\"lightbox-gallery-bGlnaHRib3gtZ2FsbGVyeS0w\" data-rl_><img loading=\"lazy\" decoding=\"async\" width=\"900\" height=\"600\" src=\"data:image\/svg+xml,%3Csvg%20xmlns=\" http:=\"\" class=\"attachment-large size-large\" alt=\"\" aria-describedby=\"gallery--162388\" data-lazy- data-lazy- data-lazy-src=\"https:\/\/www.europesays.com\/fr\/wp-content\/uploads\/2025\/07\/37-Fnaim-MS.jpg\"\/><\/a><\/p>\n<p>\n                                34. L\u2019Assembl\u00e9e g\u00e9n\u00e9rale <\/p>\n<p><br style=\"clear: both\"\/><\/p>\n","protected":false},"excerpt":{"rendered":"Photos \u00a9 Saby Maviel pour Lyon People Texte\u00a0: Morgan Couturier \u2013 Pr\u00e9alable aux vacances d\u2019\u00e9t\u00e9, l\u2019assembl\u00e9e g\u00e9n\u00e9rale de&hellip;\n","protected":false},"author":2,"featured_media":231945,"comment_status":"","ping_status":"","sticky":false,"template":"","format":"standard","meta":{"footnotes":""},"categories":[1889],"tags":[4257,1111,47,4258,11,2430,1777,674,32231,1011,27,2428,12,25],"class_list":{"0":"post-231944","1":"post","2":"type-post","3":"status-publish","4":"format-standard","5":"has-post-thumbnail","7":"category-lyon","8":"tag-0top","9":"tag-actu","10":"tag-actualite","11":"tag-actualite-lyon","12":"tag-actualites","13":"tag-auvergne-rhone-alpes","14":"tag-eu","15":"tag-europe","16":"tag-fnaim","17":"tag-fr","18":"tag-france","19":"tag-lyon","20":"tag-news","21":"tag-republique-francaise"},"share_on_mastodon":{"url":"https:\/\/pubeurope.com\/@fr\/114810296797916505","error":""},"_links":{"self":[{"href":"https:\/\/www.europesays.com\/fr\/wp-json\/wp\/v2\/posts\/231944","targetHints":{"allow":["GET"]}}],"collection":[{"href":"https:\/\/www.europesays.com\/fr\/wp-json\/wp\/v2\/posts"}],"about":[{"href":"https:\/\/www.europesays.com\/fr\/wp-json\/wp\/v2\/types\/post"}],"author":[{"embeddable":true,"href":"https:\/\/www.europesays.com\/fr\/wp-json\/wp\/v2\/users\/2"}],"replies":[{"embeddable":true,"href":"https:\/\/www.europesays.com\/fr\/wp-json\/wp\/v2\/comments?post=231944"}],"version-history":[{"count":0,"href":"https:\/\/www.europesays.com\/fr\/wp-json\/wp\/v2\/posts\/231944\/revisions"}],"wp:featuredmedia":[{"embeddable":true,"href":"https:\/\/www.europesays.com\/fr\/wp-json\/wp\/v2\/media\/231945"}],"wp:attachment":[{"href":"https:\/\/www.europesays.com\/fr\/wp-json\/wp\/v2\/media?parent=231944"}],"wp:term":[{"taxonomy":"category","embeddable":true,"href":"https:\/\/www.europesays.com\/fr\/wp-json\/wp\/v2\/categories?post=231944"},{"taxonomy":"post_tag","embeddable":true,"href":"https:\/\/www.europesays.com\/fr\/wp-json\/wp\/v2\/tags?post=231944"}],"curies":[{"name":"wp","href":"https:\/\/api.w.org\/{rel}","templated":true}]}}