{"id":231946,"date":"2025-07-07T05:28:12","date_gmt":"2025-07-07T05:28:12","guid":{"rendered":"https:\/\/www.europesays.com\/fr\/231946\/"},"modified":"2025-07-07T05:28:12","modified_gmt":"2025-07-07T05:28:12","slug":"ile-de-france-la-campagne-de-vaccination-contre-la-fievre-catarrhale-ovine-est-lancee","status":"publish","type":"post","link":"https:\/\/www.europesays.com\/fr\/231946\/","title":{"rendered":"\u00cele-de-France\u00a0: la campagne de vaccination contre la fi\u00e8vre catarrhale ovine est lanc\u00e9e"},"content":{"rendered":"\n<p lang=\"fr-FR\" style=\"margin-bottom: 0cm;\">Une somme de 22 millions d&rsquo;euros\u00a0: c&rsquo;est la somme prise en charge par l&rsquo;\u00c9tat pour lutter contre le virus de la fi\u00e8vre catarrhale ovine, qui touche surtout les moutons. Le vaccin cible particuli\u00e8rement les types 1 et 8. Le minist\u00e8re de l&rsquo;Agriculture mise sur la vaccination volontaire des \u00e9leveurs d&rsquo;\u00cele-de-France pour leur b\u00e9tail. Deux strat\u00e9gies vaccinales sont d\u00e9ploy\u00e9es\u00a0: la cr\u00e9ation d\u2019un \u00ab cordon sanitaire \u00bb pour emp\u00eacher l\u2019introduction du s\u00e9rotype 1 depuis l\u2019Espagne, et la vaccination des \u00e9levages ovins, particuli\u00e8rement touch\u00e9s en 2024, contre le s\u00e9rotype 8.<\/p>\n<p lang=\"fr-FR\" style=\"margin-bottom: 0cm;\">\u00a0<\/p>\n<p lang=\"fr-FR\" style=\"margin-bottom: 0cm;\">Nicolas Chacun<\/p>\n<p>!function(f,b,e,v,n,t,s){if(f.fbq)return;n=f.fbq=function(){n.callMethod?<br \/>\nn.callMethod.apply(n,arguments):n.queue.push(arguments)};if(!f._fbq)f._fbq=n;<br \/>\nn.push=n;n.loaded=!0;n.version=&rsquo;2.0&prime;;n.queue=[];t=b.createElement(e);t.async=!0;<br \/>\nt.src=v;s=b.getElementsByTagName(e)[0];s.parentNode.insertBefore(t,s)}(window,<br \/>\ndocument,&rsquo;script&rsquo;,&rsquo;https:\/\/connect.facebook.net\/en_US\/fbevents.js&rsquo;);<br \/>\nfbq(&lsquo;init&rsquo;, &lsquo;278974969201861&rsquo;); \/\/ Insert your pixel ID here.<br \/>\nfbq(&lsquo;track&rsquo;, &lsquo;PageView&rsquo;);<\/p>\n","protected":false},"excerpt":{"rendered":"Une somme de 22 millions d&rsquo;euros\u00a0: c&rsquo;est la somme prise en charge par l&rsquo;\u00c9tat pour lutter contre le&hellip;\n","protected":false},"author":2,"featured_media":231947,"comment_status":"","ping_status":"","sticky":false,"template":"","format":"standard","meta":{"footnotes":""},"categories":[1592],"tags":[1111,11,1933,1936,1777,1939,674,1011,27,662,1934,12,1940,626,1935,25,1937,1941,1938],"class_list":{"0":"post-231946","1":"post","2":"type-post","3":"status-publish","4":"format-standard","5":"has-post-thumbnail","7":"category-ile-de-france","8":"tag-actu","9":"tag-actualites","10":"tag-actualites-locales","11":"tag-essonne","12":"tag-eu","13":"tag-eure-et-loir","14":"tag-europe","15":"tag-fr","16":"tag-france","17":"tag-ile-de-france","18":"tag-infos-locales","19":"tag-news","20":"tag-oise","21":"tag-paris","22":"tag-pres-de-chez-vous","23":"tag-republique-francaise","24":"tag-seine-et-marne","25":"tag-somme","26":"tag-yvelines"},"share_on_mastodon":{"url":"https:\/\/pubeurope.com\/@fr\/114810303605891562","error":""},"_links":{"self":[{"href":"https:\/\/www.europesays.com\/fr\/wp-json\/wp\/v2\/posts\/231946","targetHints":{"allow":["GET"]}}],"collection":[{"href":"https:\/\/www.europesays.com\/fr\/wp-json\/wp\/v2\/posts"}],"about":[{"href":"https:\/\/www.europesays.com\/fr\/wp-json\/wp\/v2\/types\/post"}],"author":[{"embeddable":true,"href":"https:\/\/www.europesays.com\/fr\/wp-json\/wp\/v2\/users\/2"}],"replies":[{"embeddable":true,"href":"https:\/\/www.europesays.com\/fr\/wp-json\/wp\/v2\/comments?post=231946"}],"version-history":[{"count":0,"href":"https:\/\/www.europesays.com\/fr\/wp-json\/wp\/v2\/posts\/231946\/revisions"}],"wp:featuredmedia":[{"embeddable":true,"href":"https:\/\/www.europesays.com\/fr\/wp-json\/wp\/v2\/media\/231947"}],"wp:attachment":[{"href":"https:\/\/www.europesays.com\/fr\/wp-json\/wp\/v2\/media?parent=231946"}],"wp:term":[{"taxonomy":"category","embeddable":true,"href":"https:\/\/www.europesays.com\/fr\/wp-json\/wp\/v2\/categories?post=231946"},{"taxonomy":"post_tag","embeddable":true,"href":"https:\/\/www.europesays.com\/fr\/wp-json\/wp\/v2\/tags?post=231946"}],"curies":[{"name":"wp","href":"https:\/\/api.w.org\/{rel}","templated":true}]}}