{"id":231948,"date":"2025-07-07T05:29:09","date_gmt":"2025-07-07T05:29:09","guid":{"rendered":"https:\/\/www.europesays.com\/fr\/231948\/"},"modified":"2025-07-07T05:29:09","modified_gmt":"2025-07-07T05:29:09","slug":"fini-le-tout-voiture-paris-veut-transformer-la-porte-de-la-villette-en-une-place-parc-de-5-hectares","status":"publish","type":"post","link":"https:\/\/www.europesays.com\/fr\/231948\/","title":{"rendered":"Fini le tout voiture, Paris veut transformer la porte de la Villette en une \u00ab\u00a0place-parc\u00a0\u00bb de 5 hectares"},"content":{"rendered":"<p>            Par<br \/>\n        <strong><br \/>\n            <a href=\"https:\/\/actu.fr\/auteur\/dorinegoth\" title=\"Consulter tous les articles de Dorine Goth\" rel=\"nofollow noopener\" target=\"_blank\">Dorine Goth<\/a><br \/>\n        <\/strong><\/p>\n<p>        Publi\u00e9 le<\/p>\n<p>            7 juil. 2025 \u00e0 7h12        <\/p>\n<p>Un enfer pour les pi\u00e9tons, un calvaire pour les cyclistes et une bonne dose de stress pour les automobilistes. En r\u00e9sum\u00e9, la <strong><a href=\"https:\/\/actu.fr\/ile-de-france\/paris_75056\/paris-enterre-son-projet-de-crematorium-a-la-villette-pour-permettre-a-la-vie-du-quartier-de-ressusciter_62029644.html\" rel=\"nofollow noopener\" target=\"_blank\">porte de la Villette<\/a><\/strong> n\u2019a pas beaucoup d\u2019atouts pour elle, si ce n\u2019est qu\u2019elle est une <strong>porte d\u2019entr\u00e9e pour Paris<\/strong>. Ajout\u00e9 \u00e0 cela une histoire r\u00e9cente sulfureuse, avec l\u2019installation d\u2019un camp de <a href=\"https:\/\/actu.fr\/ile-de-france\/paris_75056\/square-forceval-la-ville-de-paris-condamnee-par-la-justice-pour-son-mauvais-nettoyage-du-camp-de-crack_62450126.html\" rel=\"nofollow noopener\" target=\"_blank\">consommateurs de crack<\/a> <a href=\"https:\/\/actu.fr\/ile-de-france\/paris_75056\/camp-de-crack-a-paris-de-l-installation-au-demantelement-retour-sur-un-an-au-coeur-de-forceval_54269804.html\" rel=\"nofollow noopener\" target=\"_blank\">square Forceval<\/a> entre\u00a02021 et\u00a02022, il n\u2019en fallait pas moins pour avoir envie de faire table rase. C\u2019est du moins ce que fait Paris avec la pr\u00e9sentation de son projet pour cette porte du 19e arrondissement. Au programme\u2009: l\u2019am\u00e9nagement d\u2019une \u00ab\u2009place-parc\u2009\u00bb qui laisse davantage d\u2019espace aux mobilit\u00e9s douces.<\/p>\n<p>\u00ab\u2009Un nouveau lieu de vie\u2009\u00bb<\/p>\n<p class=\" wall-content\">\u201cLa Ville de Paris m\u00e8ne depuis plusieurs ann\u00e9es des \u00e9tudes pour transformer cette \u00ab\u2009Porte\u2009\u00bb en une nouvelle centralit\u00e9 m\u00e9tropolitaine attractive et accueillant une mixit\u00e9 d\u2019usages\u201d, Paris &amp; M\u00e9tropole am\u00e9nagement en charge de piloter le projet. Dans les tuyaux depuis 2017, le projet a fait l\u2019objet de plusieurs concertations avec les habitants, usagers et acteurs locaux. En 2024, un nouvel \u00e9lan est donn\u00e9 au projet avec l\u2019approbation du <a href=\"https:\/\/actu.fr\/ile-de-france\/paris_75056\/partout-dans-le-monde-les-villes-nous-prennent-en-exemple-le-plan-local-d-urbanisme-de-paris-adopte_61892196.html\" rel=\"nofollow noopener\" target=\"_blank\">PLU bioclimatique<\/a>. Il en ressort l\u2019id\u00e9e charni\u00e8re d\u2019articuler la porte autour d\u2019un parc.<\/p>\n<p class=\" wall-content\">La proposition retenue est celle pr\u00e9sent\u00e9e par l\u2019agence TVK. Le rond-point Auguste-Baron est remplac\u00e9 par une<strong> \u201cplace-jardin\u201d<\/strong> d\u2019environ<strong> 5 hectares<\/strong> afin d\u2019en faire \u201cun nouveau lieu de vie anim\u00e9\u201d. \u201cFigure triangulaire facilement identifiable, cette place jardin fait \u00e9cho aux grandes places parisiennes am\u00e9nag\u00e9es sur les anciennes enceintes et vient se glisser sous les infrastructures\u201d, poursuit Paris &amp; M\u00e9tropole am\u00e9nagement. Un millier d\u2019arbres devraient \u00eatre plant\u00e9s.<\/p>\n<p>Deux nouvelles entr\u00e9es et des logements<\/p>\n<p class=\" wall-content\">Pour les mobilit\u00e9s, l\u2019avenue sera enti\u00e8rement repens\u00e9e pour laisser une large place aux modes \u201cactifs et collectifs\u201d. Du c\u00f4t\u00e9 d\u2019Aubervilliers, un passage enti\u00e8rement r\u00e9serv\u00e9 aux <strong>pi\u00e9tons et aux cyclistes<\/strong> verra le jour avec une <strong>perc\u00e9e du b\u00e2timent de la Commanderie<\/strong> et le d\u00e9voiement des <a href=\"https:\/\/actu.fr\/ile-de-france\/paris_75056\/peripherique-de-paris-a-50-km-h-une-punition-pour-les-banlieusards_61672934.html\" rel=\"nofollow noopener\" target=\"_blank\">bretelles du p\u00e9riph\u00e9rique<\/a>. C\u00f4t\u00e9 Pantin, la liaison sera assur\u00e9e avec la r\u00e9ouverture du <strong><a href=\"https:\/\/actu.fr\/ile-de-france\/pantin_93055\/entre-pantin-et-paris-un-mur-de-berlin-contre-les-fumeurs-de-crack_45171289.html\" rel=\"nofollow noopener\" target=\"_blank\">tunnel Forceval<\/a>,<\/strong> ferm\u00e9 lors de l\u2019installation du camp de consommateurs de crack.<\/p>\n<p class=\" wall-content\">Entre les voies SNCF et le boulevard p\u00e9riph\u00e9rique, un immeuble d\u2019environ<strong> 140 logements familiaux et une centaine de logements \u00e9tudiants<\/strong> verra le jour, \u00e0 l\u2019horizon 2027. Un an plus t\u00f4t, le March\u00e9 des R\u00e9form\u00e9s, qui laisse place \u00e0 l\u2019artisanat, ouvrira \u00e0 la place de l\u2019ancien march\u00e9 des 4-Chemins, au sein de la halle Magenta. Quant \u00e0 la requalification de la place, l\u2019horizon est fix\u00e9 \u00e0 2030.<\/p>\n<p><strong>Infos pratiques<\/strong><br \/>\nPremi\u00e8re r\u00e9union publique d\u2019information mardi 8 juillet \u00e0 18 heures<br \/>\n\u00c9cole polyvalente Claude Bernard, 118 boulevard Macdonald \u00e0 Paris<br \/>\nInscription <a href=\"https:\/\/forms.office.com\/Pages\/DesignPageV2.aspx?prevorigin=shell&amp;origin=NeoPortalPage&amp;subpage=design&amp;id=xARC7opPekqa3T1HG57nkYgJV6JOY1hKtBi9ZR1t20NUN0xGN1FBUUhUM0JROEJXN1lXRlVFU1JEWC4u\" rel=\"nofollow noopener\" target=\"_blank\">en ligne<\/a> recommand\u00e9e<\/p>\n<p class=\" wall-content\">Suivez toute l\u2019actualit\u00e9 de vos villes et m\u00e9dias favoris en vous inscrivant \u00e0 <a href=\"https:\/\/moncompte.actu.fr\" title=\"D\u00e9couvez Mon Actu\" rel=\"nofollow noopener\" data-trk=\"{&quot;cta&quot;:{&quot;action&quot;:&quot;https:\\\/\\\/moncompte.actu.fr&quot;,&quot;category&quot;:&quot;mon compte&quot;,&quot;from&quot;:&quot;article footer&quot;,&quot;name&quot;:&quot;Mon actu&quot;,&quot;type&quot;:&quot;cta&quot;}}\" target=\"_blank\">Mon Actu<\/a>.<\/p>\n","protected":false},"excerpt":{"rendered":"Par Dorine Goth Publi\u00e9 le 7 juil. 2025 \u00e0 7h12 Un enfer pour les pi\u00e9tons, un calvaire pour&hellip;\n","protected":false},"author":2,"featured_media":231949,"comment_status":"","ping_status":"","sticky":false,"template":"","format":"standard","meta":{"footnotes":""},"categories":[1888],"tags":[1111,1928,11,1927,3542,1777,674,1011,27,12,1926,626,1925,25,104,1352],"class_list":{"0":"post-231948","1":"post","2":"type-post","3":"status-publish","4":"format-standard","5":"has-post-thumbnail","7":"category-paris","8":"tag-actu","9":"tag-actu-paris","10":"tag-actualites","11":"tag-actualites-paris","12":"tag-circulation","13":"tag-eu","14":"tag-europe","15":"tag-fr","16":"tag-france","17":"tag-news","18":"tag-news-paris","19":"tag-paris","20":"tag-paris-news","21":"tag-republique-francaise","22":"tag-societe","23":"tag-urbanisme"},"share_on_mastodon":{"url":"https:\/\/pubeurope.com\/@fr\/114810307651870709","error":""},"_links":{"self":[{"href":"https:\/\/www.europesays.com\/fr\/wp-json\/wp\/v2\/posts\/231948","targetHints":{"allow":["GET"]}}],"collection":[{"href":"https:\/\/www.europesays.com\/fr\/wp-json\/wp\/v2\/posts"}],"about":[{"href":"https:\/\/www.europesays.com\/fr\/wp-json\/wp\/v2\/types\/post"}],"author":[{"embeddable":true,"href":"https:\/\/www.europesays.com\/fr\/wp-json\/wp\/v2\/users\/2"}],"replies":[{"embeddable":true,"href":"https:\/\/www.europesays.com\/fr\/wp-json\/wp\/v2\/comments?post=231948"}],"version-history":[{"count":0,"href":"https:\/\/www.europesays.com\/fr\/wp-json\/wp\/v2\/posts\/231948\/revisions"}],"wp:featuredmedia":[{"embeddable":true,"href":"https:\/\/www.europesays.com\/fr\/wp-json\/wp\/v2\/media\/231949"}],"wp:attachment":[{"href":"https:\/\/www.europesays.com\/fr\/wp-json\/wp\/v2\/media?parent=231948"}],"wp:term":[{"taxonomy":"category","embeddable":true,"href":"https:\/\/www.europesays.com\/fr\/wp-json\/wp\/v2\/categories?post=231948"},{"taxonomy":"post_tag","embeddable":true,"href":"https:\/\/www.europesays.com\/fr\/wp-json\/wp\/v2\/tags?post=231948"}],"curies":[{"name":"wp","href":"https:\/\/api.w.org\/{rel}","templated":true}]}}