{"id":231960,"date":"2025-07-07T05:35:16","date_gmt":"2025-07-07T05:35:16","guid":{"rendered":"https:\/\/www.europesays.com\/fr\/231960\/"},"modified":"2025-07-07T05:35:16","modified_gmt":"2025-07-07T05:35:16","slug":"trump-sen-prend-au-choix-ridicule-de-musk-de-creer-un-parti","status":"publish","type":"post","link":"https:\/\/www.europesays.com\/fr\/231960\/","title":{"rendered":"Trump s\u2019en prend au choix \u00ab\u00a0ridicule\u00a0\u00bb de Musk de cr\u00e9er un parti"},"content":{"rendered":"<p><a href=\"https:\/\/www.20minutes.fr\/dossier\/donald_trump\" target=\"_blank\" class=\"color-ultramarine c-link\" rel=\"noopener\">Donald Trump<\/a> ne voit pas d\u2019un bon \u0153il le dernier choix de son ancien alli\u00e9 avec lequel il est d\u00e9sormais \u00e0 couteaux tir\u00e9s. Le pr\u00e9sident am\u00e9ricain a ainsi qualifi\u00e9 dimanche de \u00ab\u00a0ridicule\u00a0\u00bb la d\u00e9cision de cr\u00e9er un parti politique annonc\u00e9e la veille par <a href=\"https:\/\/www.20minutes.fr\/dossier\/elon_musk\" target=\"_blank\" class=\"color-ultramarine c-link\" rel=\"noopener\">Elon Musk<\/a>.<\/p>\n<p>\u00ab\u00a0Je pense que c\u2019est ridicule de lancer un troisi\u00e8me parti. Nous connaissons un formidable succ\u00e8s avec le <a href=\"https:\/\/www.20minutes.fr\/monde\/republicains\/\" target=\"_blank\" class=\"color-ultramarine c-link\" rel=\"noopener\">parti r\u00e9publicain<\/a>\u00a0\u00bb, a d\u00e9clar\u00e9 le locataire de la Maison-Blanche \u00e0 des journalistes avant d\u2019embarquer dans son avion pour rentrer \u00e0 Washington.<\/p>\n<p>Un troisi\u00e8me parti synonyme de \u00ab\u00a0confusion\u00a0\u00bb<\/p>\n<p>\u00ab\u00a0Les <a href=\"https:\/\/www.20minutes.fr\/dossier\/parti_democrate\" target=\"_blank\" class=\"color-ultramarine c-link\" rel=\"noopener\">d\u00e9mocrates <\/a>sont perdus, mais il y a toujours eu un syst\u00e8me bipartite et je pense que lancer un troisi\u00e8me parti ajoute simplement de la confusion\u00a0\u00bb, a poursuivi le chef de l\u2019Etat. \u00ab\u00a0Les troisi\u00e8mes partis n\u2019ont jamais fonctionn\u00e9\u00a0\u00bb, a-t-il ass\u00e9n\u00e9. \u00ab\u00a0Donc, il peut s\u2019amuser autant qu\u2019il veut avec \u00e7a, mais je pense que c\u2019est ridicule\u00a0\u00bb.<\/p>\n<\/p>\n<p>Si ce n\u2019est plus du tout le cas aujourd\u2019hui, Donald Trump et Elon Musk ont \u00e9t\u00e9 tr\u00e8s proches. L\u2019homme le plus riche de la plan\u00e8te a contribu\u00e9 \u00e0 hauteur de plus de 270\u00a0millions de dollars \u00e0 la campagne pr\u00e9sidentielle. Il a aussi pilot\u00e9 la Commission pour l\u2019efficacit\u00e9 gouvernementale (Doge) destin\u00e9e \u00e0 r\u00e9duire drastiquement les d\u00e9penses f\u00e9d\u00e9rales. Et il \u00e9tait un habitu\u00e9 du Bureau ovale.<\/p>\n<p>Bras de fer autour d\u2019une \u00ab\u00a0grande et belle loi\u00a0\u00bb<\/p>\n<p>Elon Musk a quitt\u00e9 Doge en mai pour reprendre en main ses entreprises et, en particulier, le sp\u00e9cialiste des v\u00e9hicules \u00e9lectriques <a href=\"https:\/\/www.20minutes.fr\/dossier\/tesla\" target=\"_blank\" class=\"color-ultramarine c-link\" rel=\"noopener\">Tesla<\/a>, dont l\u2019image et les ventes ont souffert dans le monde du fait de cette collaboration. Peu apr\u00e8s, les deux hommes ont durement et publiquement ferraill\u00e9 au sujet du projet de loi budg\u00e9taire de Donald Trump. Fermement oppos\u00e9 \u00e0 ce texte, dont il d\u00e9nonce l\u2019impact sur les finances publiques, Elon Musk avait promis de lancer son propre parti politique si le texte \u00e9tait adopt\u00e9.<\/p>\n<p>Il a mis sa menace \u00e0 ex\u00e9cution samedi, au lendemain de la promulgation en grande pompe de la \u00ab\u00a0grande et belle loi\u00a0\u00bb de Donald Trump, en annon\u00e7ant la cr\u00e9ation de sa formation, le \u00ab\u00a0Parti de l\u2019Am\u00e9rique\u00a0\u00bb (America Party).<\/p>\n<p><a href=\"https:\/\/www.20minutes.fr\/monde\/etats-unis\/\" target=\"_blank\" class=\"c-link c-btn c-btn--primary\" rel=\"noopener\">Notre dossier sur les Etats-Unis<\/a><\/p>\n<p>Le ministre am\u00e9ricain des Finances Scott Bessent a pour sa part estim\u00e9 dimanche matin qu\u2019Elon Musk devrait \u00eatre encourag\u00e9 \u00e0 se consacrer \u00e0 ses entreprises (Tesla, SpaceX, le r\u00e9seau social X, entre autres) plut\u00f4t qu\u2019\u00e0 faire de la politique. \u00ab\u00a0Je pense que les conseils d\u2019administration de ses diff\u00e9rentes entreprises voulaient qu\u2019il revienne diriger ces entreprises, ce \u00e0 quoi il est meilleur que quiconque\u00a0\u00bb, a-t-il r\u00e9agi, interrog\u00e9 sur CNN pour savoir si l\u2019annonce d\u2019Elon Musk inqui\u00e9tait l\u2019administration Trump. Selon lui, \u00ab\u00a0les principes\u00a0\u00bb d\u00e9fendus par la commission dirig\u00e9e par Elon Musk ont \u00ab\u00a0\u00e9t\u00e9 tr\u00e8s populaires\u00a0\u00bb mais, \u00ab\u00a0lorsque l\u2019on regarde les sondages, Elon ne l\u2019\u00e9tait pas\u00a0\u00bb. La hache de guerre entre les deux camps est donc loin d\u2019\u00eatre enterr\u00e9e.<\/p>\n","protected":false},"excerpt":{"rendered":"Donald Trump ne voit pas d\u2019un bon \u0153il le dernier choix de son ancien alli\u00e9 avec lequel il&hellip;\n","protected":false},"author":2,"featured_media":231961,"comment_status":"","ping_status":"","sticky":false,"template":"","format":"standard","meta":{"footnotes":""},"categories":[1589],"tags":[47,11,75,46,73,1866,74,12,23893,23892,320,1864,1865,1863,308,133],"class_list":{"0":"post-231960","1":"post","2":"type-post","3":"status-publish","4":"format-standard","5":"has-post-thumbnail","7":"category-etats-unis","8":"tag-actualite","9":"tag-actualites","10":"tag-donald-trump","11":"tag-elon-musk","12":"tag-etats-unis","13":"tag-etats-unis-damerique","14":"tag-monde","15":"tag-news","16":"tag-parti-democrate-usa","17":"tag-parti-republicain-usa","18":"tag-tesla","19":"tag-united-states","20":"tag-united-states-of-america","21":"tag-us","22":"tag-usa","23":"tag-video"},"share_on_mastodon":{"url":"https:\/\/pubeurope.com\/@fr\/114810331102923406","error":""},"_links":{"self":[{"href":"https:\/\/www.europesays.com\/fr\/wp-json\/wp\/v2\/posts\/231960","targetHints":{"allow":["GET"]}}],"collection":[{"href":"https:\/\/www.europesays.com\/fr\/wp-json\/wp\/v2\/posts"}],"about":[{"href":"https:\/\/www.europesays.com\/fr\/wp-json\/wp\/v2\/types\/post"}],"author":[{"embeddable":true,"href":"https:\/\/www.europesays.com\/fr\/wp-json\/wp\/v2\/users\/2"}],"replies":[{"embeddable":true,"href":"https:\/\/www.europesays.com\/fr\/wp-json\/wp\/v2\/comments?post=231960"}],"version-history":[{"count":0,"href":"https:\/\/www.europesays.com\/fr\/wp-json\/wp\/v2\/posts\/231960\/revisions"}],"wp:featuredmedia":[{"embeddable":true,"href":"https:\/\/www.europesays.com\/fr\/wp-json\/wp\/v2\/media\/231961"}],"wp:attachment":[{"href":"https:\/\/www.europesays.com\/fr\/wp-json\/wp\/v2\/media?parent=231960"}],"wp:term":[{"taxonomy":"category","embeddable":true,"href":"https:\/\/www.europesays.com\/fr\/wp-json\/wp\/v2\/categories?post=231960"},{"taxonomy":"post_tag","embeddable":true,"href":"https:\/\/www.europesays.com\/fr\/wp-json\/wp\/v2\/tags?post=231960"}],"curies":[{"name":"wp","href":"https:\/\/api.w.org\/{rel}","templated":true}]}}