{"id":231964,"date":"2025-07-07T05:37:12","date_gmt":"2025-07-07T05:37:12","guid":{"rendered":"https:\/\/www.europesays.com\/fr\/231964\/"},"modified":"2025-07-07T05:37:12","modified_gmt":"2025-07-07T05:37:12","slug":"litalie-et-lallemagne-veulent-rapatrier-leur-reserve-dor-des-etats-unis","status":"publish","type":"post","link":"https:\/\/www.europesays.com\/fr\/231964\/","title":{"rendered":"L&rsquo;Italie et l&rsquo;Allemagne veulent rapatrier leur r\u00e9serve d&rsquo;or des Etats-Unis !"},"content":{"rendered":"<p>Officiellement pour des raisons de s\u00e9curit\u00e9 l\u2019Allemagne et l\u2019Italie exigent que leurs r\u00e9serves d\u2019or stock\u00e9es aux \u00c9tats-Unis soient rapatri\u00e9es.<\/p>\n<p>La somme est consid\u00e9rable.<\/p>\n<p>Environ 245 milliards de dollars de r\u00e9serves d\u2019or europ\u00e9ennes sont actuellement encore stock\u00e9es dans les coffres-forts de la Banque f\u00e9d\u00e9rale de r\u00e9serve de New York.<\/p>\n<p>Pourquoi cette inqui\u00e9tude ? Parce que certains pensent que le stockage des lingots \u00e0 l\u2019\u00e9tranger expose l\u2019Europe \u00e0 des risques notamment en raison des attaques verbales du pr\u00e9sident am\u00e9ricain Donald Trump contre la R\u00e9serve f\u00e9d\u00e9rale.<\/p>\n<p>Pour mettre un peu les choses en perspective sachez qu\u2019il n\u2019y a que 7 pays dans le tr\u00e8s s\u00e9lect club des pays ayant plus de 1 000 tonnes d\u2019or de r\u00e9serves et voici le classement.<\/p>\n<p>\u00c9tats-Unis 8 133 Tonnes<br \/>Allemagne 3 351 Tonnes<br \/>Italie 2 452 Tonnes<br \/>France 2 437 Tonnes<br \/>Russie 2 330 Tonnes<br \/>Chine 2 292 Tonnes<br \/>Suisse 1 040\u00a0 Tonnes<\/p>\n<p>Officiellement les Am\u00e9ricains sont les premiers, mais c\u2019est \u00e0 condition de ne pas auditer les r\u00e9serves cens\u00e9es \u00eatre bien l\u00e0.<\/p>\n<p>Puis nous trouvons l\u2019Allemagne et l\u2019Italie.<\/p>\n<p>Deux grandes nations qui ne veulent pas entendre parler de droits douane am\u00e9ricains sur leurs produits.<\/p>\n<p>Comme ils ont beaucoup d\u2019or chez les Am\u00e9ricains, voici donc le sujet du rapatriement qui est remis sur la table.<\/p>\n<p>Je te tiens, tu me tiens par la barbichette !<\/p>\n<p>Il est d\u00e9j\u00e0 trop tard, mais tout n\u2019est pas perdu.<\/p>\n<p>Pr\u00e9parez-vous !<\/p>\n<p>Charles SANNAT<\/p>\n<p><a href=\"https:\/\/insolentiae.com\/produit\/abonnement-acces-a-la-lettre-strategie-et-aux-dossiers-speciaux-de-charles-sannat\/?doing_wp_cron=1715699197.4551460742950439453125\" target=\"_blank\" rel=\"noopener nofollow\"><img loading=\"lazy\" decoding=\"async\" class=\"size-medium wp-image-900246 alignleft entered lazyloaded\" src=\"https:\/\/www.europesays.com\/fr\/wp-content\/uploads\/2025\/06\/Couverture-Lettre-STRATEGIE-operation-Rising-Lion-la-guerre-qui-va-changer-le-monde-376x600.jpg\" alt=\"\" width=\"376\" height=\"600\" data-lazy-src=\"https:\/\/www.europesays.com\/fr\/wp-content\/uploads\/2025\/06\/Couverture-Lettre-STRATEGIE-operation-Rising-Lion-la-guerre-qui-va-changer-le-monde-376x600.jpg\" data-ll-status=\"loaded\"\/><\/a>\u00ab Insolentiae \u00bb signifie \u00ab impertinence \u00bb en latin<br \/>Pour m\u2019\u00e9crire\u00a0<a href=\"https:\/\/insolentiae.com\/cdn-cgi\/l\/email-protection\" class=\"__cf_email__\" data-cfemail=\"56353e37243a3325163f3825393a3338223f37337835393b\" rel=\"nofollow noopener\" target=\"_blank\">[email\u00a0protected]<\/a><br \/>Pour \u00e9crire \u00e0 ma femme\u00a0<a href=\"https:\/\/insolentiae.com\/cdn-cgi\/l\/email-protection\" class=\"__cf_email__\" data-cfemail=\"29414c454c474c6940475a46454c475d40484c074a4644\" rel=\"nofollow noopener\" target=\"_blank\">[email\u00a0protected]<\/a><\/p>\n<p><a href=\"https:\/\/insolentiae.com\/produit\/abonnement-acces-a-la-lettre-strategie-et-aux-dossiers-speciaux-de-charles-sannat\/?doing_wp_cron=1715699197.4551460742950439453125\" target=\"_blank\" rel=\"noopener nofollow\">Vous pouvez \u00e9galement vous abonner \u00e0 ma lettre mensuelle \u00ab STRAT\u00c9GIES \u00bb qui vous permettra d\u2019aller plus loin et dans laquelle je partage avec vous les solutions concr\u00e8tes \u00e0 mettre en \u0153uvre pour vous pr\u00e9parer au monde d\u2019apr\u00e8s. Ces solutions sont articul\u00e9es autour de l\u2019approche PEL \u2013 patrimoine, emploi, localisation. L\u2019id\u00e9e c\u2019est de partager avec vous les moyens et les m\u00e9thodes pour mettre en place votre r\u00e9silience personnelle et familiale.<\/a><\/p>\n<p><strong>\u00ab \u00c0 vouloir \u00e9touffer les r\u00e9volutions pacifiques, on rend in\u00e9vitables les r\u00e9volutions violentes \u00bb (JFK)<\/strong><\/p>\n<p>\u00ab Ceci est un article \u2018presslib\u2019, c\u2019est-\u00e0-dire libre de reproduction en tout ou en partie \u00e0 condition que le pr\u00e9sent alin\u00e9a soit reproduit \u00e0 sa suite. Insolentiae.com est le site sur lequel Charles Sannat s\u2019exprime quotidiennement et livre un d\u00e9cryptage impertinent et sans concession de l\u2019actualit\u00e9 \u00e9conomique. Merci de visiter mon site. Vous pouvez vous abonner gratuitement \u00e0 la lettre d\u2019information quotidienne sur www.insolentiae.com. \u00bb<\/p>\n<p><strong>IMPORTANT<\/strong>.\u00a0En vous connectant directement sur le site\u00a0<a href=\"http:\/\/www.insolentiae.com\/\" target=\"_blank\" rel=\"noopener nofollow\">insolentiae.com<\/a>\u00a0vous pouvez acc\u00e9der aux articles malgr\u00e9 tous les blocages. Si vous ne recevez pas la Newsletter ou si cette derni\u00e8re \u00e9tait bloqu\u00e9e, pensez \u00e0 vous connecter directement. Je ne cesse les publications qu\u2019au mois d\u2019ao\u00fbt et entre No\u00ebl et le jour de l\u2019an.<strong>\u00a0A noter les abonn\u00e9s orange.fr et wanadoo.fr sont particuli\u00e8rement touch\u00e9s par le ph\u00e9nom\u00e8ne inexplicable de non r\u00e9ception des lettres quotidiennes. Inscrivez-vous gratuitement avec une nouvelle adresse mail<\/strong><\/p>\n","protected":false},"excerpt":{"rendered":"Officiellement pour des raisons de s\u00e9curit\u00e9 l\u2019Allemagne et l\u2019Italie exigent que leurs r\u00e9serves d\u2019or stock\u00e9es aux \u00c9tats-Unis soient&hellip;\n","protected":false},"author":2,"featured_media":231965,"comment_status":"","ping_status":"","sticky":false,"template":"","format":"standard","meta":{"footnotes":""},"categories":[1587],"tags":[11,672,1804,1805,1803,1777,674,1801,12,1802],"class_list":{"0":"post-231964","1":"post","2":"type-post","3":"status-publish","4":"format-standard","5":"has-post-thumbnail","7":"category-allemagne","8":"tag-actualites","9":"tag-allemagne","10":"tag-bundesrepublik-deutschland","11":"tag-de","12":"tag-deutschland","13":"tag-eu","14":"tag-europe","15":"tag-germany","16":"tag-news","17":"tag-republique-federale-dallemagne"},"share_on_mastodon":{"url":"https:\/\/pubeurope.com\/@fr\/114810338957599358","error":""},"_links":{"self":[{"href":"https:\/\/www.europesays.com\/fr\/wp-json\/wp\/v2\/posts\/231964","targetHints":{"allow":["GET"]}}],"collection":[{"href":"https:\/\/www.europesays.com\/fr\/wp-json\/wp\/v2\/posts"}],"about":[{"href":"https:\/\/www.europesays.com\/fr\/wp-json\/wp\/v2\/types\/post"}],"author":[{"embeddable":true,"href":"https:\/\/www.europesays.com\/fr\/wp-json\/wp\/v2\/users\/2"}],"replies":[{"embeddable":true,"href":"https:\/\/www.europesays.com\/fr\/wp-json\/wp\/v2\/comments?post=231964"}],"version-history":[{"count":0,"href":"https:\/\/www.europesays.com\/fr\/wp-json\/wp\/v2\/posts\/231964\/revisions"}],"wp:featuredmedia":[{"embeddable":true,"href":"https:\/\/www.europesays.com\/fr\/wp-json\/wp\/v2\/media\/231965"}],"wp:attachment":[{"href":"https:\/\/www.europesays.com\/fr\/wp-json\/wp\/v2\/media?parent=231964"}],"wp:term":[{"taxonomy":"category","embeddable":true,"href":"https:\/\/www.europesays.com\/fr\/wp-json\/wp\/v2\/categories?post=231964"},{"taxonomy":"post_tag","embeddable":true,"href":"https:\/\/www.europesays.com\/fr\/wp-json\/wp\/v2\/tags?post=231964"}],"curies":[{"name":"wp","href":"https:\/\/api.w.org\/{rel}","templated":true}]}}