{"id":231966,"date":"2025-07-07T05:38:10","date_gmt":"2025-07-07T05:38:10","guid":{"rendered":"https:\/\/www.europesays.com\/fr\/231966\/"},"modified":"2025-07-07T05:38:10","modified_gmt":"2025-07-07T05:38:10","slug":"je-mepuisais-stephane-bern-quitte-europe-1-pour-la-matinale-radio-dici","status":"publish","type":"post","link":"https:\/\/www.europesays.com\/fr\/231966\/","title":{"rendered":"\u00ab\u00a0Je m\u2019\u00e9puisais\u00a0\u00bb\u00a0: St\u00e9phane Bern quitte Europe\u00a01 pour la matinale radio d\u2019Ici"},"content":{"rendered":"<p class=\"paragraph text_align_left lp-f-body-02\">\u00c0 la t\u00e9l\u00e9vision, St\u00e9phane Bern est fid\u00e8le au service public depuis pr\u00e8s de vingt ans. \u00c0 la radio, l\u2019animateur de 61 ans a la bougeotte. France Inter, RTL puis Europe 1, qu\u2019il quitte cette semaine faute d\u2019avoir \u00e9t\u00e9 reconduit formellement \u00e0 temps. \u00c0 la rentr\u00e9e, il va donc changer de cr\u00e9merie et rejoindre <a href=\"https:\/\/www.leparisien.fr\/culture-loisirs\/tv\/le-reseau-radio-france-bleu-devient-ici-les-coulisses-dun-changement-de-nom-qui-inquiete-03-01-2025-7BYWKHPMBVFKBMG3XO4EJSCICU.php\" target=\"_blank\" rel=\"noreferrer nofollow noopener\">Ici, le nouveau nom de France Bleu<\/a>, pour une chronique matinale \u00e0 7h55, diffus\u00e9e simultan\u00e9ment dans les 44 matinales du r\u00e9seau local de Radio France.<\/p>\n","protected":false},"excerpt":{"rendered":"\u00c0 la t\u00e9l\u00e9vision, St\u00e9phane Bern est fid\u00e8le au service public depuis pr\u00e8s de vingt ans. \u00c0 la radio,&hellip;\n","protected":false},"author":2,"featured_media":231967,"comment_status":"","ping_status":"","sticky":false,"template":"","format":"standard","meta":{"footnotes":""},"categories":[1586],"tags":[11,872,1777,674,1011,27,12,25,2205],"class_list":{"0":"post-231966","1":"post","2":"type-post","3":"status-publish","4":"format-standard","5":"has-post-thumbnail","7":"category-europe","8":"tag-actualites","9":"tag-culture-et-loisirs","10":"tag-eu","11":"tag-europe","12":"tag-fr","13":"tag-france","14":"tag-news","15":"tag-republique-francaise","16":"tag-television-medias"},"share_on_mastodon":{"url":"https:\/\/pubeurope.com\/@fr\/114810342929619629","error":""},"_links":{"self":[{"href":"https:\/\/www.europesays.com\/fr\/wp-json\/wp\/v2\/posts\/231966","targetHints":{"allow":["GET"]}}],"collection":[{"href":"https:\/\/www.europesays.com\/fr\/wp-json\/wp\/v2\/posts"}],"about":[{"href":"https:\/\/www.europesays.com\/fr\/wp-json\/wp\/v2\/types\/post"}],"author":[{"embeddable":true,"href":"https:\/\/www.europesays.com\/fr\/wp-json\/wp\/v2\/users\/2"}],"replies":[{"embeddable":true,"href":"https:\/\/www.europesays.com\/fr\/wp-json\/wp\/v2\/comments?post=231966"}],"version-history":[{"count":0,"href":"https:\/\/www.europesays.com\/fr\/wp-json\/wp\/v2\/posts\/231966\/revisions"}],"wp:featuredmedia":[{"embeddable":true,"href":"https:\/\/www.europesays.com\/fr\/wp-json\/wp\/v2\/media\/231967"}],"wp:attachment":[{"href":"https:\/\/www.europesays.com\/fr\/wp-json\/wp\/v2\/media?parent=231966"}],"wp:term":[{"taxonomy":"category","embeddable":true,"href":"https:\/\/www.europesays.com\/fr\/wp-json\/wp\/v2\/categories?post=231966"},{"taxonomy":"post_tag","embeddable":true,"href":"https:\/\/www.europesays.com\/fr\/wp-json\/wp\/v2\/tags?post=231966"}],"curies":[{"name":"wp","href":"https:\/\/api.w.org\/{rel}","templated":true}]}}