{"id":231968,"date":"2025-07-07T05:39:18","date_gmt":"2025-07-07T05:39:18","guid":{"rendered":"https:\/\/www.europesays.com\/fr\/231968\/"},"modified":"2025-07-07T05:39:18","modified_gmt":"2025-07-07T05:39:18","slug":"allemagne-pologne-le-pont-ou-lue-est-en-train-de-disparaitre","status":"publish","type":"post","link":"https:\/\/www.europesays.com\/fr\/231968\/","title":{"rendered":"Allemagne-Pologne: le pont o\u00f9 l\u2019UE est en train de dispara\u00eetre"},"content":{"rendered":"<p>Fronti\u00e8re germano-polonaise \u2013 <\/p>\n<p>Le pont o\u00f9 l\u2019Union europ\u00e9enne est en train de dispara\u00eetre<\/p>\n<p class=\"ContentHead_lead____SsS link_regular__O0hk0 link_externalicon-big__ZdPgo link_externalicon__qcwXs\">Apr\u00e8s les Allemands, les Polonais ont d\u00e9cid\u00e9 de proc\u00e9der \u00e0 des contr\u00f4les aux fronti\u00e8res \u00e0 partir de ce lundi. Sur place, la vie quotidienne est boulevers\u00e9e. Reportage.<\/p>\n<p>Publi\u00e9: 06.07.2025, 19h32<img decoding=\"async\" loading=\"eager\" fetchpriority=\"high\" src=\"https:\/\/www.europesays.com\/fr\/wp-content\/uploads\/2025\/07\/2a-yoyTiKfK8jIOLR0fTfY.jpg\" alt=\"Vue du pont Stadtbruecke traversant l\u2019Oder entre Frankfurt an der Oder en Allemagne et Slubice en Pologne, avec un cycliste au premier plan et Slubice en arri\u00e8re-plan, le 16 ao\u00fbt 2021.\" title=\"Vue du pont Stadtbruecke traversant l\u2019Oder entre Frankfurt an der Oder en Allemagne et Slubice en Pologne, avec un cycliste au premier plan et Slubice en arri\u00e8re-plan, le 16 ao\u00fbt 2021.\" class=\"ResponsiveImage_root__ZDz10 responsive-image\" style=\"background-color:#638AA7\"\/><\/p>\n<p>Le Stadtbr\u00fccke, ou Most Graniczny en polonais, traverse la rivi\u00e8re Oder et marque la fronti\u00e8re entre l\u2019Allemagne et la Pologne et les villes de Francfort-sur-Oder et S\u0142ubice (image d\u2019archives).<\/p>\n<p>AFP<\/p>\n<p>Abonnez-vous d\u00e8s maintenant et profitez de la fonction de lecture audio.<a href=\"https:\/\/bottalk.io\/\" class=\"BottalkPaywall_bottalklink__KDtuf\" target=\"_blank\" rel=\"noreferrer noopener\">BotTalk<\/a><strong class=\"SummaryList_title__8uifR\">En bref:<\/strong><\/p>\n<ul class=\"SummaryList_list__pEa7M\">\n<li>Les contr\u00f4les frontaliers entre l\u2019Allemagne et la Pologne ont repris depuis octobre 2023.<\/li>\n<li>Donald Tusk impose des mesures r\u00e9ciproques face aux refoulements de migrants allemands.<\/li>\n<li>Plus de 10\u2019000\u00a0travailleurs polonais franchissent quotidiennement la fronti\u00e8re vers Francfort.<\/li>\n<\/ul>\n<p class=\"ArticleParagraph_root__lhFZo ArticleContainer_content-width__FRl7F link_focus__0ZMwx link_externalicon-big__ZdPgo link_externalicon__qcwXs ArticleElement_article-element__q93eL\">Tomasz Stefanski, le maire adjoint de S\u0142ubice, est encore \u00e9mu en racontant ses souvenirs. \u00abCe jour-l\u00e0, j\u2019ai d\u00e9pos\u00e9 mes enfants \u00e0 la cr\u00e8che du c\u00f4t\u00e9 allemand sans \u00eatre contr\u00f4l\u00e9\u00bb, raconte-t-il. C\u2019\u00e9tait en d\u00e9cembre 2007, trois ans apr\u00e8s l\u2019entr\u00e9e de la Pologne dans l\u2019Union europ\u00e9enne (UE), lorsque la fronti\u00e8re sur le pont a \u00e9t\u00e9 enti\u00e8rement d\u00e9mont\u00e9e.<\/p>\n<p class=\"ArticleParagraph_root__lhFZo ArticleContainer_content-width__FRl7F link_focus__0ZMwx link_externalicon-big__ZdPgo link_externalicon__qcwXs ArticleElement_article-element__q93eL\">\u00c0 l\u2019\u00e9poque, il ne fallait plus craindre trois heures d\u2019attente pour aller d\u00e9guster une glace du c\u00f4t\u00e9 allemand, \u00e0 Francfort-sur-l\u2019Oder, ou faire le plein du c\u00f4t\u00e9 polonais, \u00e0 S\u0142ubice. On pouvait faire une balade \u00e0 v\u00e9lo le long du fleuve sans prendre ses papiers.<\/p>\n<p><img decoding=\"async\" loading=\"lazy\" src=\"https:\/\/www.europesays.com\/fr\/wp-content\/uploads\/2025\/07\/3-MvNK7Safk8GnHbpVReJ-.jpg\" alt=\"Le Premier ministre polonais Donald Tusk et le chancelier allemand Friedrich Merz lors d\u2019une conf\u00e9rence de presse conjointe \u00e0 Varsovie, le 7 mai 2025, pour renforcer les relations entre les pays europ\u00e9ens.\" title=\"Le Premier ministre polonais Donald Tusk et le chancelier allemand Friedrich Merz lors d\u2019une conf\u00e9rence de presse conjointe \u00e0 Varsovie, le 7 mai 2025, pour renforcer les relations entre les pays europ\u00e9ens.\" class=\"ResponsiveImage_root__ZDz10 responsive-image\" style=\"background-color:#809496\"\/><\/p>\n<p>Le premier ministre polonais, Donald Tusk, reproche au gouvernement allemand de Friedrich Merz de refouler des migrants vers son territoire.<\/p>\n<p>AFP<\/p>\n<p class=\"ArticleParagraph_root__lhFZo ArticleContainer_content-width__FRl7F link_focus__0ZMwx link_externalicon-big__ZdPgo link_externalicon__qcwXs ArticleElement_article-element__q93eL\">Pr\u00e8s de deux d\u00e9cennies plus tard, Tomasz Stefanski constate que l\u2019avenir de l\u2019Europe est reparti dans l\u2019autre sens. \u00abAvec le retour des contr\u00f4les sur le pont, nous avons fait un pas en arri\u00e8re\u00bb, d\u00e9plore-t-il.<\/p>\n<p>Une fronti\u00e8re toujours plus marqu\u00e9e<\/p>\n<p class=\"ArticleParagraph_root__lhFZo ArticleContainer_content-width__FRl7F link_focus__0ZMwx link_externalicon-big__ZdPgo link_externalicon__qcwXs ArticleElement_article-element__q93eL\">Les \u00e9lus s\u2019efforcent de r\u00e9p\u00e9ter que la situation est \u00abprovisoire\u00bb. Mais le temps passe et les infrastructures polici\u00e8res se consolident. \u00c0 l\u2019entr\u00e9e du pont, c\u00f4t\u00e9 allemand, le poste de contr\u00f4le a \u00e9t\u00e9 agrandi fin 2024 avec une nouvelle \u00abtente tunnel\u00bb capable d\u2019accueillir des bus de ligne. Avec ses fondations en b\u00e9ton, l\u2019installation ressemble de plus en plus \u00e0 une infrastructure faite pour durer. Et le slogan de bienvenue \u00abFrancfort-S\u0142ubice, sans fronti\u00e8re\u00bb \u00e0 l\u2019entr\u00e9e du pont a pris la poussi\u00e8re.<\/p>\n<p class=\"ArticleParagraph_root__lhFZo ArticleContainer_content-width__FRl7F link_focus__0ZMwx link_externalicon-big__ZdPgo link_externalicon__qcwXs ArticleElement_article-element__q93eL\">\u00abLa fin des contr\u00f4les en 2007 avait \u00e9t\u00e9 un \u00e9v\u00e9nement tellement magique!\u00bb, se souvient Janine Nuyken, vice-pr\u00e9sidente de Viadrina, une universit\u00e9 europ\u00e9enne \u00e0 cheval sur ces deux communes. \u00abPour une institution comme la n\u00f4tre, qui fait la promotion d\u2019\u00e9changes interculturels, c\u2019est un v\u00e9ritable retour en arri\u00e8re\u00bb, d\u00e9plore-t-elle.<\/p>\n<p><img decoding=\"async\" loading=\"lazy\" src=\"https:\/\/www.europesays.com\/fr\/wp-content\/uploads\/2025\/07\/0m9XHjYma4B8q-Z8BER68k.jpg\" alt=\"Femme souriante aux cheveux boucl\u00e9s, portant un gilet noir, se tenant sur une pelouse devant un b\u00e2timent moderne avec un ciel bleu en arri\u00e8re-plan.\" title=\"Femme souriante aux cheveux boucl\u00e9s, portant un gilet noir, se tenant sur une pelouse devant un b\u00e2timent moderne avec un ciel bleu en arri\u00e8re-plan.\" class=\"ResponsiveImage_root__ZDz10 responsive-image\" style=\"background-color:#7C7366\"\/><\/p>\n<p>Janine Nuyken, vice-pr\u00e9sidente de l\u2019Universit\u00e9 Viadrina.<\/p>\n<p>CB<\/p>\n<p class=\"ArticleParagraph_root__lhFZo ArticleContainer_content-width__FRl7F link_focus__0ZMwx link_externalicon-big__ZdPgo link_externalicon__qcwXs ArticleElement_article-element__q93eL\">Les Allemands ont repris \u00abprovisoirement\u00bb les contr\u00f4les en octobre 2023, sous le gouvernement d\u2019Olaf Scholz, pour r\u00e9duire l\u2019immigration ill\u00e9gale. Le nouveau chef du gouvernement, Friedrich Merz, a d\u00e9cid\u00e9 d\u2019aller encore plus loin en refoulant tout le monde, y compris les demandeurs d\u2019asile.<\/p>\n<p>La Pologne a r\u00e9agi<\/p>\n<p class=\"ArticleParagraph_root__lhFZo ArticleContainer_content-width__FRl7F link_focus__0ZMwx link_externalicon-big__ZdPgo link_externalicon__qcwXs ArticleElement_article-element__q93eL\">En r\u00e9action, les Polonais feront la m\u00eame chose ce lundi\u00a07 juillet en contr\u00f4lant les points de passages les plus fr\u00e9quent\u00e9s. Le premier ministre polonais, Donald Tusk, avait pr\u00e9venu Merz qu\u2019il prendrait des mesures \u00abr\u00e9ciproques\u00bb si les Allemands ne levaient pas le pied sur les contr\u00f4les.<\/p>\n<p class=\"ArticleParagraph_root__lhFZo ArticleContainer_content-width__FRl7F link_focus__0ZMwx link_externalicon-big__ZdPgo link_externalicon__qcwXs ArticleElement_article-element__q93eL\">Vendredi\u00a04 juillet, la police polonaise \u00e9tait d\u00e9j\u00e0 ostensiblement pr\u00e9sente avec des v\u00e9hicules aux gyrophares allum\u00e9s en permanence. \u00c0 c\u00f4t\u00e9 d\u2019eux, une \u00abpatrouille d\u2019autod\u00e9fense\u00bb polonaise portant des gilets jaunes \u00e9tait install\u00e9e avec des banderoles antimigrants.<\/p>\n<p><img decoding=\"async\" loading=\"lazy\" src=\"https:\/\/www.europesays.com\/fr\/wp-content\/uploads\/2025\/07\/5QN48Gmn4kC94sqSy8b9MZ.jpg\" alt=\"Un homme en costume gris se tient devant un b\u00e2timent administratif avec des fen\u00eatres r\u00e9fl\u00e9chissantes et un blason au-dessus de l\u2019entr\u00e9e.\" title=\"Un homme en costume gris se tient devant un b\u00e2timent administratif avec des fen\u00eatres r\u00e9fl\u00e9chissantes et un blason au-dessus de l\u2019entr\u00e9e.\" class=\"ResponsiveImage_root__ZDz10 responsive-image\" style=\"background-color:#908D7E\"\/><\/p>\n<p>Tomasz Stefanski, maire adjoint de S\u0142ubice.<\/p>\n<p>CB<\/p>\n<p class=\"ArticleParagraph_root__lhFZo ArticleContainer_content-width__FRl7F link_focus__0ZMwx link_externalicon-big__ZdPgo link_externalicon__qcwXs ArticleElement_article-element__q93eL\">\u00abLa moiti\u00e9 des Polonais croient maintenant que les Allemands expulsent leurs r\u00e9fugi\u00e9s vers la Pologne, ce qui est \u00e9videmment faux\u00bb, explique Tomasz Stefanski, qui parle d\u2019une grande \u00abfrustration\u00bb face \u00e0 une situation due, selon lui, \u00e0 la mont\u00e9e des extr\u00e9mismes. Le prochain pr\u00e9sident polonais, \u00e9lu d\u00e9but juin, le nationaliste Karol Nawrocki, a d\u00e9j\u00e0 fait l\u2019\u00e9loge de ces \u00abmilices citoyennes\u00bb. \u00abIls sont sous pression des deux c\u00f4t\u00e9s\u00bb, analyse Tomasz Stefanski pour rappeler que Friedrich Merz, lui aussi, a c\u00e9d\u00e9 \u00e0 l\u2019AfD (Alternative f\u00fcr Deutschland), le parti allemand d\u2019extr\u00eame droite.<\/p>\n<p>L\u2019Allemagne d\u00e9pend des frontaliers<\/p>\n<p class=\"ArticleParagraph_root__lhFZo ArticleContainer_content-width__FRl7F link_focus__0ZMwx link_externalicon-big__ZdPgo link_externalicon__qcwXs ArticleElement_article-element__q93eL\">\u00abKatastrophe! Alles Kaputt\u00bb, s\u2019efforce d\u2019expliquer Tomasz dans un allemand approximatif. Le vendeur du \u00abmarch\u00e9 polonais\u00bb de S\u0142ubice, o\u00f9 d\u00e9barquent chaque jour des bus en provenance de Berlin, est inquiet pour l\u2019avenir. \u00abLes Allemands, c\u2019est 90% de notre client\u00e8le. Ils ne viendront plus s\u2019il faut attendre des heures \u00e0 la fronti\u00e8re\u00bb, poursuit-il. Les commer\u00e7ants de S\u0142ubice d\u00e9plorent entre 15 et 20% de baisse du chiffre d\u2019affaires, selon le maire-adjoint.<\/p>\n<p class=\"ArticleParagraph_root__lhFZo ArticleContainer_content-width__FRl7F link_focus__0ZMwx link_externalicon-big__ZdPgo link_externalicon__qcwXs ArticleElement_article-element__q93eL\">Le retour des contr\u00f4les menace par ailleurs la vie quotidienne de Francfort, d\u00e9pendante de la main-d\u2019\u0153uvre polonaise. Plus de 10\u2019000\u00a0Polonais vont travailler tous les jours de l\u2019autre c\u00f4t\u00e9 du fleuve. Certains emm\u00e8nent leurs enfants \u00e0 l\u2019\u00e9cole allemande, d\u2019autres vont \u00e9couter le soir des concerts \u00e0 la Philharmonie. \u00abPlus de 4000\u00a0Polonais habitent aussi du c\u00f4t\u00e9 allemand\u00bb, ajoute Tomasz Stefanski, qui chante dans un ch\u0153ur de Francfort.<\/p>\n<p class=\"ArticleParagraph_root__lhFZo ArticleContainer_content-width__FRl7F link_focus__0ZMwx link_externalicon-big__ZdPgo link_externalicon__qcwXs ArticleElement_article-element__q93eL\">Enfin, l\u2019image des deux villes en souffre. Les bus interfrontaliers sont sp\u00e9cialement contr\u00f4l\u00e9s avec, \u00e0 l\u2019int\u00e9rieur, les \u00e9tudiants de l\u2019Universit\u00e9 Viadrina qui compte plus 100\u00a0nationalit\u00e9s diff\u00e9rentes. \u00abLa proc\u00e9dure a quelque chose de d\u00e9sagr\u00e9able dans une ville qui se dit europ\u00e9enne\u00bb, d\u00e9plore Janine Nuyken qui n\u2019ose pas employer le mot de \u00abcontr\u00f4le au faci\u00e8s\u00bb.<\/p>\n<p>Effet des contr\u00f4les limit\u00e9<\/p>\n<p class=\"ArticleParagraph_root__lhFZo ArticleContainer_content-width__FRl7F link_focus__0ZMwx link_externalicon-big__ZdPgo link_externalicon__qcwXs ArticleElement_article-element__q93eL\">D\u2019autant que personne ne comprend vraiment l\u2019utilit\u00e9 de toutes ces tracasseries. Sur ce pont symbole d\u2019une Europe libre, les contr\u00f4les paraissent absurdes. Lorsqu\u2019on regarde \u00e0 gauche et \u00e0 droite, le fleuve para\u00eet facilement franchissable avec un petit bateau ou \u00e0 la nage. Et pas un policier sur les berges. Le maire de Francfort, membre du parti de Friedrich Merz (CDU), en est parfaitement conscient. Les mesures ne servent \u00e0 rien. \u00abSi cela ne tenait qu\u2019\u00e0 moi, il n\u2019y aurait aucun contr\u00f4le ici\u00bb, avoue le conservateur Claus Junghanns. Tout est dit.<\/p>\n<p class=\"ArticleParagraph_root__lhFZo ArticleContainer_content-width__FRl7F link_focus__0ZMwx link_externalicon-big__ZdPgo link_externalicon__qcwXs ArticleElement_article-element__q93eL\">Le syndicat de la police allemande est \u00e9galement exasp\u00e9r\u00e9. \u00abNous avons envoy\u00e9 des milliers de coll\u00e8gues aux fronti\u00e8res, qui ne sont pas aux endroits o\u00f9 on devrait les attendre\u00bb, critique Andreas Rosskopf, le pr\u00e9sident du plus grand syndicat (GdP, social-d\u00e9mocrate), en faisant r\u00e9f\u00e9rence \u00e0 l\u2019attentat au couteau de <a class=\"HtmlText_root__A1OSq\" href=\"https:\/\/www.24heures.ch\/hambourg-18-blesses-dans-une-attaque-au-couteau-a-la-gare-787844322577\" target=\"_blank\" rel=\"noopener\">Hambourg<\/a>. Surtout, le durcissement des filtrages n\u2019a apport\u00e9 aucun r\u00e9sultat probant. \u00abAvant [l\u2019arriv\u00e9e de Merz], nous refoulions d\u00e9j\u00e0 entre 1000 et 1300\u00a0personnes par semaine. Les nouvelles mesures n\u2019ont concern\u00e9 que 160\u00a0personnes de plus d\u00e9but juin\u00bb, peste-t-il.<\/p>\n<p class=\"ArticleParagraph_root__lhFZo ArticleContainer_content-width__FRl7F link_focus__0ZMwx link_externalicon-big__ZdPgo link_externalicon__qcwXs ArticleElement_article-element__q93eL\">\u00abC\u2019est une illusion de croire que ces contr\u00f4les arr\u00eateront les r\u00e9fugi\u00e9s. Ils trouveront toujours un moyen de passer\u00bb, insiste Werner Schiffauer, sociologue sp\u00e9cialis\u00e9 sur les migrations \u00e0 l\u2019Universit\u00e9 Viadrina. Avec des refoulements des deux c\u00f4t\u00e9s, l\u2019expert craint un \u00abeffet ping-pong\u00bb, qui pourrait finir par cr\u00e9er des \u00abjungles\u00bb ou des no man\u2019s land entre les deux pays, des zones o\u00f9 v\u00e9g\u00e9teront les refoul\u00e9s. \u00abCe qui se passe \u00e0 Francfort-sur-Oder montre une nouvelle fois que le syst\u00e8me europ\u00e9en de l\u2019asile a \u00e9chou\u00e9\u00bb, dit-il avant d\u2019ajouter: \u00ab\u00c7a fait au moins dix ans qu\u2019on le sait!\u00bb<\/p>\n<p class=\"DynamicTeaser_boxtitle__B6piN\">Plus d\u2019actualit\u00e9 sur l\u2019Allemagne<\/p>\n<p>Newsletter<\/p>\n<p>\u00abDerni\u00e8res nouvelles\u00bb<\/p>\n<p>Vous voulez rester au top de l\u2019info? \u00ab24 heures\u00bb vous propose deux rendez-vous par jour, pour ne rien rater de ce qui se passe dans votre Canton, en Suisse ou dans le monde.<\/p>\n<p><a class=\"NewsletterBox_more__FNemz link_underlinelink__K5Zr0\" href=\"https:\/\/www.24heures.ch\/nos-newsletters\" target=\"_blank\" rel=\"noopener\">Autres newsletters<\/a><\/p>\n<p>Se connecter<\/p>\n<p class=\"Feedback_root__fr_Mi ArticleContainer_content-width__FRl7F\">Vous avez trouv\u00e9 une erreur?<a href=\"mailto:tes_correction@tamedia.ch?subject=Avis%20d'erreur%20%7C%20Christophe%20Bourdoiseau%20%7C%20Le%20pont%20o%C3%B9%20l%E2%80%99Union%20europ%C3%A9enne%20est%20en%20train%20de%20dispara%C3%AEtre&amp;body=J'ai%20trouv%C3%A9%20une%20erreur%20dans%20cet%20article%3A%20https%3A%2F%2Fwww.24heures.ch%2Fallemagne-pologne-le-pont-ou-lue-est-en-train-de-disparaitre-648319871122\" class=\"Feedback_feedbacklink__VyDCi link_underlinelink__K5Zr0\">Merci de nous la signaler.<\/a><\/p>\n<p>2 commentaires<\/p>\n","protected":false},"excerpt":{"rendered":"Fronti\u00e8re germano-polonaise \u2013 Le pont o\u00f9 l\u2019Union europ\u00e9enne est en train de dispara\u00eetre Apr\u00e8s les Allemands, les Polonais&hellip;\n","protected":false},"author":2,"featured_media":231969,"comment_status":"","ping_status":"","sticky":false,"template":"","format":"standard","meta":{"footnotes":""},"categories":[1586],"tags":[11,1777,674,1779,1011,27,12,25,37086,1778,364],"class_list":{"0":"post-231968","1":"post","2":"type-post","3":"status-publish","4":"format-standard","5":"has-post-thumbnail","7":"category-europe","8":"tag-actualites","9":"tag-eu","10":"tag-europe","11":"tag-european-union","12":"tag-fr","13":"tag-france","14":"tag-news","15":"tag-republique-francaise","16":"tag-stats-editorial-team","17":"tag-ue","18":"tag-union-europeenne"},"share_on_mastodon":{"url":"https:\/\/pubeurope.com\/@fr\/114810347000759829","error":""},"_links":{"self":[{"href":"https:\/\/www.europesays.com\/fr\/wp-json\/wp\/v2\/posts\/231968","targetHints":{"allow":["GET"]}}],"collection":[{"href":"https:\/\/www.europesays.com\/fr\/wp-json\/wp\/v2\/posts"}],"about":[{"href":"https:\/\/www.europesays.com\/fr\/wp-json\/wp\/v2\/types\/post"}],"author":[{"embeddable":true,"href":"https:\/\/www.europesays.com\/fr\/wp-json\/wp\/v2\/users\/2"}],"replies":[{"embeddable":true,"href":"https:\/\/www.europesays.com\/fr\/wp-json\/wp\/v2\/comments?post=231968"}],"version-history":[{"count":0,"href":"https:\/\/www.europesays.com\/fr\/wp-json\/wp\/v2\/posts\/231968\/revisions"}],"wp:featuredmedia":[{"embeddable":true,"href":"https:\/\/www.europesays.com\/fr\/wp-json\/wp\/v2\/media\/231969"}],"wp:attachment":[{"href":"https:\/\/www.europesays.com\/fr\/wp-json\/wp\/v2\/media?parent=231968"}],"wp:term":[{"taxonomy":"category","embeddable":true,"href":"https:\/\/www.europesays.com\/fr\/wp-json\/wp\/v2\/categories?post=231968"},{"taxonomy":"post_tag","embeddable":true,"href":"https:\/\/www.europesays.com\/fr\/wp-json\/wp\/v2\/tags?post=231968"}],"curies":[{"name":"wp","href":"https:\/\/api.w.org\/{rel}","templated":true}]}}