{"id":231970,"date":"2025-07-07T05:40:20","date_gmt":"2025-07-07T05:40:20","guid":{"rendered":"https:\/\/www.europesays.com\/fr\/231970\/"},"modified":"2025-07-07T05:40:20","modified_gmt":"2025-07-07T05:40:20","slug":"apres-la-condamnation-de-sansal-bruno-retailleau-ne-va-pas-se-laisser-museler","status":"publish","type":"post","link":"https:\/\/www.europesays.com\/fr\/231970\/","title":{"rendered":"Apr\u00e8s la condamnation de Sansal, Bruno Retailleau \u00ab\u00a0ne va pas se laisser museler\u00a0\u00bb"},"content":{"rendered":"<p>Alors que l\u2019\u00e9crivain n\u2019a pas re\u00e7u la gr\u00e2ce pr\u00e9sidentielle d\u2019Abdelmadjid Tebboune, la crise s\u2019enlise entre Paris et Alger.<\/p>\n<p class=\"fig-paragraph\">Silence radio.\u00a0<a href=\"http:\/\/www.lefigaro.fr\/vox\/monde\/monsieur-le-president-de-la-republique-n-oubliez-pas-notre-pere-la-lettre-ouverte-des-filles-de-boualem-sansal-20250415\" target=\"_blank\" data-fig-type=\"Article\" rel=\"noopener\" data-gtm-custom-categorie=\"navigation\" data-gtm-custom-action=\"crossclick\" data-gtm-custom-label=\"Contextuel\" data-gtm-event=\"customEventSPE\" data-fig-domain=\"LEFIGARO\">Boualem Sansal<\/a>, condamn\u00e9 le 1er\u00a0juillet \u00e0 une peine de 5\u00a0ans de prison ferme par la cour d\u2019appel d\u2019Alger,\u00a0<a href=\"http:\/\/www.lefigaro.fr\/international\/emprisonne-en-algerie-l-ecrivain-boualem-sansal-n-a-pas-recu-la-grace-presidentielle-d-abdelmadjid-tebboune-20250704\" target=\"_blank\" data-fig-type=\"NewsFlash\" rel=\"noopener\" data-gtm-custom-categorie=\"navigation\" data-gtm-custom-action=\"crossclick\" data-gtm-custom-label=\"Contextuel\" data-gtm-event=\"customEventSPE\" data-fig-domain=\"LEFIGARO\">n\u2019a pas re\u00e7u la gr\u00e2ce pr\u00e9sidentielle d\u2019Abdelmadjid Tebboune.\u00a0<\/a>Depuis, Paris se tait. Le gouvernement aussi, ayant re\u00e7u pour instruction \u00e9lys\u00e9enne de se faire discret en attendant les d\u00e9clarations officielles, celles d\u2019Emmanuel Macron ou du ministre des Affaires \u00e9trang\u00e8res,\u00a0<a href=\"http:\/\/www.lefigaro.fr\/politique\/jean-noel-barrot-un-ministre-propulse-dans-le-fracas-du-monde-20250306\" target=\"_blank\" data-fig-type=\"Article\" rel=\"noopener\" data-gtm-custom-categorie=\"navigation\" data-gtm-custom-action=\"crossclick\" data-gtm-custom-label=\"Contextuel\" data-gtm-event=\"customEventSPE\" data-fig-domain=\"LEFIGARO\">Jean-No\u00ebl Barrot<\/a>. En attendant, un ami de Bruno Retailleau, que l\u2019on sait tr\u00e8s proche de l\u2019\u00e9crivain franco-alg\u00e9rien d\u00e9tenu depuis novembre 2024, pr\u00e9f\u00e8re pr\u00e9venir\u00a0: \u00ab\u00a0Il ne va pas se laisser museler pendant des semaines\u2026\u00a0\u00bb<\/p>\n<p class=\"fig-paragraph\">Une fois nomm\u00e9 \u00e0 Beauvau,\u00a0<a href=\"http:\/\/www.lefigaro.fr\/actualite-france\/bruno-retailleau-souhaite-l-ouverture-d-un-front-diplomatique-contre-alger-20250223\" target=\"_blank\" data-fig-type=\"Article\" rel=\"noopener\" data-gtm-custom-categorie=\"navigation\" data-gtm-custom-action=\"crossclick\" data-gtm-custom-label=\"Contextuel\" data-gtm-event=\"customEventSPE\" data-fig-domain=\"LEFIGARO\">le ministre de l\u2019Int\u00e9rieur a t\u00f4t fait d\u2019ouvrir un \u00ab\u00a0front diplomatique\u00a0\u00bb avec l\u2019Alg\u00e9rie<\/a>. Et notamment apr\u00e8s l\u2019attaque terroriste au couteau de Mulhouse perp\u00e9tr\u00e9e par un homme de nationalit\u00e9 alg\u00e9rienne. Faisant l\u2019objet d\u2019une obligation de quitter le territoire fran\u00e7ais, l\u2019individu a \u00e9t\u00e9\u00a0<a href=\"http:\/\/www.lefigaro.fr\/actualite-france\/attaque-terroriste-a-mulhouse-l-algerie-a-refuse-a-dix-reprises-de-reprendre-son-ressortissant-que-paris-voulait-expulser-fustige-bruno-retailleau-20250222\" target=\"_blank\" data-fig-type=\"NewsFlash\" rel=\"noopener\" data-gtm-custom-categorie=\"navigation\" data-gtm-custom-action=\"crossclick\" data-gtm-custom-label=\"Contextuel\" data-gtm-event=\"customEventSPE\" data-fig-domain=\"LEFIGARO\">par dix fois refus\u00e9 par son pays d\u2019origine<\/a>. \u00ab\u00a0Il faut d\u00e9sormais\u2026<\/p>\n<p class=\"fig-premium-paywall__infos\">\n        Cet article est r\u00e9serv\u00e9 aux abonn\u00e9s.        Il vous reste 81% \u00e0 d\u00e9couvrir.\n    <\/p>\n<p>                <img  data- alt=\"Le Figaro\" class=\"fig-img--complete fig-img\"\/><\/p>\n<p class=\"fig-premium-paywall__title\">Vous avez envie de lire la suite ?<\/p>\n<p class=\"fig-premium-paywall__subtitle\">D\u00e9bloquez tous les articles imm\u00e9diatement.<\/p>\n<p class=\"fig-premium-paywall__connect\">\n                D\u00e9j\u00e0 abonn\u00e9\u00a0?                <a class=\"fig-premium-paywall__connect-link\" href=\"https:\/\/connect.lefigaro.fr\/login?client=horizon_web&amp;type=main&amp;redirect_uri=https%3A%2F%2Fwww.lefigaro.fr%2Fpolitique%2Fapres-la-condamnation-de-sansal-bruno-retailleau-ne-va-pas-se-laisser-museler-20250706\" data-js-gtm=\"{&quot;customCategorie&quot;: &quot;conversion&quot;, &quot;customAction&quot;: &quot;before_Landing_Connexion_paywall_auto&quot;, &quot;customLabel&quot;: &quot;bGVmaWdhcm8uZnJfXzFmMDVhNGM1LTk0YjktNjk0Yy04M2RkLWIzZWYzMDFjMWU3M19fQXJ0aWNsZQ==_Apr\u00e8s la condamnation de Sansal, Bruno Retailleau \u00ab\u00a0ne va pas se laisser museler\u00a0\u00bb_375&quot;, &quot;customIDSPE&quot;: &quot;bGVmaWdhcm8uZnJfXzFmMDVhNGM1LTk0YjktNjk0Yy04M2RkLWIzZWYzMDFjMWU3M19fQXJ0aWNsZQ==&quot;, &quot;event&quot;: &quot;customEventSPE&quot;}\" target=\"_blank\" rel=\"noopener\"><br \/>\n                    Connectez-vous<br \/>\n                <\/a>\n            <\/p>\n","protected":false},"excerpt":{"rendered":"Alors que l\u2019\u00e9crivain n\u2019a pas re\u00e7u la gr\u00e2ce pr\u00e9sidentielle d\u2019Abdelmadjid Tebboune, la crise s\u2019enlise entre Paris et Alger.&hellip;\n","protected":false},"author":2,"featured_media":231971,"comment_status":"","ping_status":"","sticky":false,"template":"","format":"standard","meta":{"footnotes":""},"categories":[2],"tags":[3185,11,15,4142,1013,1073,1011,27,12,25],"class_list":{"0":"post-231970","1":"post","2":"type-post","3":"status-publish","4":"format-standard","5":"has-post-thumbnail","7":"category-actualites","8":"tag-abdelmadjid-tebboune","9":"tag-actualites","10":"tag-algerie","11":"tag-boualem-sansal","12":"tag-bruno-retailleau","13":"tag-emmanuel-macron","14":"tag-fr","15":"tag-france","16":"tag-news","17":"tag-republique-francaise"},"share_on_mastodon":{"url":"https:\/\/pubeurope.com\/@fr\/114810350715304413","error":""},"_links":{"self":[{"href":"https:\/\/www.europesays.com\/fr\/wp-json\/wp\/v2\/posts\/231970","targetHints":{"allow":["GET"]}}],"collection":[{"href":"https:\/\/www.europesays.com\/fr\/wp-json\/wp\/v2\/posts"}],"about":[{"href":"https:\/\/www.europesays.com\/fr\/wp-json\/wp\/v2\/types\/post"}],"author":[{"embeddable":true,"href":"https:\/\/www.europesays.com\/fr\/wp-json\/wp\/v2\/users\/2"}],"replies":[{"embeddable":true,"href":"https:\/\/www.europesays.com\/fr\/wp-json\/wp\/v2\/comments?post=231970"}],"version-history":[{"count":0,"href":"https:\/\/www.europesays.com\/fr\/wp-json\/wp\/v2\/posts\/231970\/revisions"}],"wp:featuredmedia":[{"embeddable":true,"href":"https:\/\/www.europesays.com\/fr\/wp-json\/wp\/v2\/media\/231971"}],"wp:attachment":[{"href":"https:\/\/www.europesays.com\/fr\/wp-json\/wp\/v2\/media?parent=231970"}],"wp:term":[{"taxonomy":"category","embeddable":true,"href":"https:\/\/www.europesays.com\/fr\/wp-json\/wp\/v2\/categories?post=231970"},{"taxonomy":"post_tag","embeddable":true,"href":"https:\/\/www.europesays.com\/fr\/wp-json\/wp\/v2\/tags?post=231970"}],"curies":[{"name":"wp","href":"https:\/\/api.w.org\/{rel}","templated":true}]}}