{"id":231976,"date":"2025-07-07T05:43:16","date_gmt":"2025-07-07T05:43:16","guid":{"rendered":"https:\/\/www.europesays.com\/fr\/231976\/"},"modified":"2025-07-07T05:43:16","modified_gmt":"2025-07-07T05:43:16","slug":"roi-du-play-off-brian-campbell-simpose-pour-la-deuxieme-fois-de-la-saison-elimine-vendredi-victor-perez-recule-a-la-fedex-cup","status":"publish","type":"post","link":"https:\/\/www.europesays.com\/fr\/231976\/","title":{"rendered":"Roi du play-off, Brian Campbell s&rsquo;impose pour la deuxi\u00e8me fois de la saison, \u00e9limin\u00e9 vendredi Victor Perez recule \u00e0 la FedEx Cup"},"content":{"rendered":"<p>\t\t\t\t\t\t<img width=\"770\" height=\"557\" src=\"https:\/\/www.europesays.com\/fr\/wp-content\/uploads\/2025\/07\/brian-campbell-pga-tour-victoire-john-deere-classic-770x557.jpg\" class=\"img-responsive wp-post-image\" alt=\"Brian Campbell Photo by ANDY LYONS \/ GETTY IMAGES NORTH AMERICA \/ Getty Images via AFP\" decoding=\"async\" fetchpriority=\"high\"  \/>\t\t\t\t\t<\/p>\n<p>\t\t\t\t\t\t Partager cet article <\/p>\n<p class=\"screen-reader-text juiz_sps_maybe_hidden_text\">Partager la publication \u00ab\u00a0Roi du play-off, Brian Campbell s\u2019impose pour la deuxi\u00e8me fois de la saison, \u00e9limin\u00e9 vendredi Victor Perez recule \u00e0 la FedEx Cup\u00a0\u00bb<\/p>\n<p><strong>L\u2019Am\u00e9ricain Brian Campbell a domin\u00e9 l\u2019Argentin Emiliano Grillo en play-off et remporte son deuxi\u00e8me titre de la saison sur le PGA Tour. Un succ\u00e8s qui lui permet d\u2019int\u00e9grer le top 30 de la FedEx Cup et d\u2019esp\u00e9rer prendre le d\u00e9part de The Open dans deux semaines au Royal Portrush.\u00a0<\/strong><\/p>\n<p>\u00a0<\/p>\n<p>Comme<a href=\"https:\/\/www.golfplanete.com\/actualites\/pga-tour-mexico-open-campbell-le-miracule-terasse-potgieter-en-playoff\/\" rel=\"nofollow noopener\" target=\"_blank\"> lors de son premier sacre au Mexique en f\u00e9vrier face \u00e0 Aldrich Potgieter<\/a> c\u2019est en play-off que l\u2019Am\u00e9ricain<strong> Brian Campbell<\/strong> s\u2019est impos\u00e9 dimanche \u00e0 Silvis dans l\u2019Illinois.<\/p>\n<p>\u00a0<\/p>\n<blockquote class=\"twitter-tweet\">\n<p dir=\"ltr\" lang=\"en\">Two playoffs, two wins for Brian Campbell \ud83c\udfc6\ud83c\udfc6 <a href=\"https:\/\/t.co\/VSDZeW2aYA\" rel=\"nofollow\">pic.twitter.com\/VSDZeW2aYA<\/a><\/p>\n<p>\u2014 PGA TOUR (@PGATOUR) <a href=\"https:\/\/twitter.com\/PGATOUR\/status\/1941988304695578765?ref_src=twsrc%5Etfw\" rel=\"nofollow noopener\" target=\"_blank\">July 6, 2025<\/a><\/p>\n<\/blockquote>\n<p>\u00a0<\/p>\n<p>Cette fois sa victime se nomme <strong>Emiliano Grillo<\/strong> puisque les deux hommes se sont montr\u00e9s les plus solides dans l\u2019emballage final alors qu\u2019une grosse dizaine de joueurs pouvaient encore pr\u00e9tendre \u00e0 la victoire \u00e0 l\u2019entame des neufs derniers trous.<\/p>\n<p>Auteur de trois birdies en quatre trous d\u00e8s le d\u00e9but du retour, Campbell avait pourtant r\u00e9ussi \u00e0 creuser un petit \u00e9cart sur la meute de pr\u00e9tendants mais un double bogey au 15 a remis en selle la plupart de ses poursuivants. Finalement seul l\u2019Argentin auteur lui aussi d\u2019une carte de 67 a saisi l\u2019opportunit\u00e9 avant de flancher sur le premier trou de barrage.<\/p>\n<p>\t\t\t\t\t<a id=\"174987\" href=\"https:\/\/www.sudfrancegolf.com\/fr\/\" target=\"_blank\" rel=\"sponsorised nofollow noopener\"><img decoding=\"async\" src=\"data:image\/svg+xml,%3Csvg%20xmlns=\" http:=\"\" class=\"img-responsive\" alt=\"\" data-lazy-src=\"https:\/\/www.europesays.com\/fr\/wp-content\/uploads\/2025\/06\/giesudfrancegolf-e02-egolf-pass-2025-v2-1170x275-1.gif\"\/><\/a><\/p>\n<blockquote><p>\nC\u2019est fou. Je n\u2019avais pas du tout anticip\u00e9 \u00e7a cette ann\u00e9e mais je savais que mon jeu \u00e9tait bon.<\/p>\n<p>Brian Campbell vainqueur de son 2e tournoi en 42 d\u00e9parts<\/p>\n<\/blockquote>\n<p>Un deuxi\u00e8me coup trop appuy\u00e9 et une approche mal distill\u00e9e ont mis fin \u00e0 ses espoirs de s\u2019imposer une troisi\u00e8me fois sur le PGA Tour.<\/p>\n<p>Pour Campbell, ce deuxi\u00e8me titre en 42 d\u00e9parts sur le grand circuit am\u00e9ricain confirme qu\u2019il n\u2019est pas n\u00e9cessaire d\u2019\u00eatre un long frappeur pour r\u00e9ussir au plus haut niveau. 172e au classement de la distance au drive avec une moyenne de 250,8 m\u00e8tres le dipl\u00f4m\u00e9 de l\u2019universit\u00e9 de l\u2019Illinois compense par un petit jeu efficace et une pr\u00e9cision redoutable.<\/p>\n<p>\u00ab C\u2019est fou. Je n\u2019avais pas du tout anticip\u00e9 \u00e7a cette ann\u00e9e mais je savais que mon jeu \u00e9tait bon. Je me concentrais simplement sur les choses importantes, sur ce que je pouvais contr\u00f4ler et sur moi-m\u00eame. Je suis reconnaissant d\u2019avoir une \u00e9quipe formidable autour de moi.\u00bb\u00a0<\/p>\n<p>D\u00e9sormais 28e de la FedEx et 55e joueur mondial, Campbell peut b\u00e9n\u00e9ficier d\u2019un forfait de derni\u00e8re minute dans The Open pour participer au dernier majeur de la saison dans 10 jours au Royal Portrush.<\/p>\n<p>\t\t\t\t\t<a id=\"177253\" href=\"https:\/\/www.noyangolf.com\/fr\/\" target=\"_blank\" rel=\"sponsorised nofollow noopener\"><img decoding=\"async\" src=\"data:image\/svg+xml,%3Csvg%20xmlns=\" http:=\"\" class=\"img-responsive\" alt=\"\" data-lazy-src=\"https:\/\/www.europesays.com\/fr\/wp-content\/uploads\/2025\/06\/noyan-e01-where-golf-meets-excellence-1170x275-1.jpg\"\/><\/a><\/p>\n<p>\u00a0<\/p>\n<p>Homa sur la bonne voie<\/p>\n<p>Sur courant alternatif l\u2019ancien num\u00e9ro 5 mondial <strong>Max Homa<\/strong> n\u2019est lui pas parvenu \u00e0 se m\u00ealer \u00e0 la lutte pour la victoire dans le sprint final.<\/p>\n<p>Son d\u00e9part canon ponctu\u00e9 de 3 birdies sur les 4 premiers trous lui avait pourtant offert les commandes du tournoi. Mais le putter du Californien s\u2019est refroidi de fa\u00e7on soudaine \u00e0 l\u2019approche de la mi-journ\u00e9e. Ses 3 bogeys en 11 trous l\u2019ont priv\u00e9 d\u2019une septi\u00e8me victoire sur le PGA Tour. Il \u00e9choue \u00e0 deux coups du play-off mais voit des signes encourageants.<\/p>\n<p>\u00abD\u2019un certain c\u00f4t\u00e9 c\u2019est tr\u00e8s d\u00e9cevant. J\u2019aurais aim\u00e9 convertir les opportunit\u00e9s que j\u2019ai eues. Mais d\u2019un autre c\u00f4t\u00e9 j\u2019ai la sensation d\u2019avoir fait beaucoup de bons swings et j\u2019aime la direction que prend mon jeu,\u00bb a d\u00e9clar\u00e9 celui qui n\u2019avait plus sign\u00e9 de top 10 depuis 14 mois !<\/p>\n<p>\u00a0<\/p>\n<blockquote class=\"twitter-tweet\">\n<p dir=\"ltr\" lang=\"en\">Calm before the storm.<br \/><a href=\"https:\/\/twitter.com\/Maxhoma?ref_src=twsrc%5Etfw\" rel=\"nofollow noopener\" target=\"_blank\">@MaxHoma<\/a> takes the solo lead <a href=\"https:\/\/twitter.com\/JDCLASSIC?ref_src=twsrc%5Etfw\" rel=\"nofollow noopener\" target=\"_blank\">@JDClassic<\/a>, looking for his first win in 890 days. <\/p>\n<p>\ud83d\udcfa Golf Channel <a href=\"https:\/\/t.co\/BIaWYBhptq\" rel=\"nofollow\">pic.twitter.com\/BIaWYBhptq<\/a><\/p>\n<p>\u2014 PGA TOUR (@PGATOUR) <a href=\"https:\/\/twitter.com\/PGATOUR\/status\/1941925797092078030?ref_src=twsrc%5Etfw\" rel=\"nofollow noopener\" target=\"_blank\">July 6, 2025<\/a><\/p>\n<\/blockquote>\n<p>\u00a0<\/p>\n<p>La course au top 70 lanc\u00e9e<\/p>\n<p>Cette cinqui\u00e8me place lui permet de revenir dans le top 100 de la FedEx Cup (98e) et en cas de bons r\u00e9sultats fin juillet (il ne sera pas au d\u00e9part du Scottish ni de The Open) il peut envisager int\u00e9grer le top 70 qualificatif pour les Playoffs.<\/p>\n<p>Une perspective sur laquelle peuvent se concentrer \u00e9galement les deux am\u00e9ricains <strong>Kevin<\/strong> <strong>Roy<\/strong> (65) et le tenant du titre <strong>Davis<\/strong> <strong>Thompson<\/strong> (72). Le premier a sign\u00e9 son deuxi\u00e8me top 10 cons\u00e9cutif et se hisse \u00e0 la 72e place du g\u00e9n\u00e9ral. Le second, pourtant pass\u00e9 compl\u00e8tement \u00e0 c\u00f4t\u00e9 du dernier tour qu\u2019il abordait en t\u00eate, gagne 5 places et pointe au 65e rang.\u00a0<\/p>\n<p>Autre joueur en position de lutter pour ces places tr\u00e8s pris\u00e9es, le sextuple vainqueur sur le PGA Tour <strong>Rickie Fowler<\/strong>. L\u2019ancien joueur de Ryder Cup vient d\u2019enregistrer son 4e top 20 en 7 tournois et grimpe \u00e0 la 68e place.\u00a0<\/p>\n<p>Perez sur le reculoir<\/p>\n<p>Seul Fran\u00e7ais pr\u00e9sent au d\u00e9part de ce tournoi,<strong> Victor Perez<\/strong> a lui malheureusement conc\u00e9d\u00e9 du terrain. <a href=\"https:\/\/www.golfplanete.com\/actualites\/dough-ghim-fait-le-show-victor-perez-et-les-tetes-daffiche-du-tournoi-a-la-trappe\/\" rel=\"nofollow noopener\" target=\"_blank\">Son cut manqu\u00e9 pour un coup vendredi<\/a> pourrait lui co\u00fbter cher.<\/p>\n<p>En effet, en passant de la 97e \u00e0 la 101e place, le Tarbais voit ses chances de prendre part, comme l\u2019an pass\u00e9, au premier tournoi des Playoffs (FedEx St. Jude Championship du 7 au 10 ao\u00fbt) de la <a href=\"https:\/\/www.pgatour.com\/fedexcup\" target=\"_blank\" rel=\"noopener nofollow\">FedEx Cup<\/a> s\u2019\u00e9loigner.<\/p>\n<p>\u00a0<\/p>\n<p>Le leaderboard<\/p>\n<p><img loading=\"lazy\" decoding=\"async\" class=\"alignnone wp-image-178703 size-image-largeur-770\" src=\"data:image\/svg+xml,%3Csvg%20xmlns=\" http:=\"\" alt=\"\" width=\"770\" height=\"926\" data-lazy- data-lazy- data-lazy-src=\"https:\/\/www.europesays.com\/fr\/wp-content\/uploads\/2025\/07\/capture-2025-07-07-a-01.06.56-770x926.jpg\"\/><\/p>\n<p>\u00a0<\/p>\n<p>Le r\u00e9sum\u00e9 du 4e tour en vid\u00e9o<\/p>\n<p>\u00a0<\/p>\n<p>\u00a9ANDY LYONS \/ GETTY IMAGES NORTH AMERICA \/ Getty Images via AFP<\/p>\n<p>\t\t\t<script async src=\"https:\/\/platform.twitter.com\/widgets.js\" charset=\"utf-8\"><\/script><\/p>\n","protected":false},"excerpt":{"rendered":"Partager cet article Partager la publication \u00ab\u00a0Roi du play-off, Brian Campbell s\u2019impose pour la deuxi\u00e8me fois de la&hellip;\n","protected":false},"author":2,"featured_media":231977,"comment_status":"","ping_status":"","sticky":false,"template":"","format":"standard","meta":{"footnotes":""},"categories":[1418],"tags":[1011,27,1472,60],"class_list":{"0":"post-231976","1":"post","2":"type-post","3":"status-publish","4":"format-standard","5":"has-post-thumbnail","7":"category-golf","8":"tag-fr","9":"tag-france","10":"tag-golf","11":"tag-sports"},"share_on_mastodon":{"url":"https:\/\/pubeurope.com\/@fr\/114810362757321947","error":""},"_links":{"self":[{"href":"https:\/\/www.europesays.com\/fr\/wp-json\/wp\/v2\/posts\/231976","targetHints":{"allow":["GET"]}}],"collection":[{"href":"https:\/\/www.europesays.com\/fr\/wp-json\/wp\/v2\/posts"}],"about":[{"href":"https:\/\/www.europesays.com\/fr\/wp-json\/wp\/v2\/types\/post"}],"author":[{"embeddable":true,"href":"https:\/\/www.europesays.com\/fr\/wp-json\/wp\/v2\/users\/2"}],"replies":[{"embeddable":true,"href":"https:\/\/www.europesays.com\/fr\/wp-json\/wp\/v2\/comments?post=231976"}],"version-history":[{"count":0,"href":"https:\/\/www.europesays.com\/fr\/wp-json\/wp\/v2\/posts\/231976\/revisions"}],"wp:featuredmedia":[{"embeddable":true,"href":"https:\/\/www.europesays.com\/fr\/wp-json\/wp\/v2\/media\/231977"}],"wp:attachment":[{"href":"https:\/\/www.europesays.com\/fr\/wp-json\/wp\/v2\/media?parent=231976"}],"wp:term":[{"taxonomy":"category","embeddable":true,"href":"https:\/\/www.europesays.com\/fr\/wp-json\/wp\/v2\/categories?post=231976"},{"taxonomy":"post_tag","embeddable":true,"href":"https:\/\/www.europesays.com\/fr\/wp-json\/wp\/v2\/tags?post=231976"}],"curies":[{"name":"wp","href":"https:\/\/api.w.org\/{rel}","templated":true}]}}