{"id":231980,"date":"2025-07-07T05:46:14","date_gmt":"2025-07-07T05:46:14","guid":{"rendered":"https:\/\/www.europesays.com\/fr\/231980\/"},"modified":"2025-07-07T05:46:14","modified_gmt":"2025-07-07T05:46:14","slug":"battu-en-finale-de-lopen-dajaccio-par-antoine-escoffier-laurent-lokoli-annonce-sa-retraite","status":"publish","type":"post","link":"https:\/\/www.europesays.com\/fr\/231980\/","title":{"rendered":"battu en finale de l&rsquo;Open d&rsquo;Ajaccio par Antoine Escoffier, Laurent Lokoli annonce sa retraite"},"content":{"rendered":"<p>C&rsquo;est un duel de haute intensit\u00e9 qui s&rsquo;est d\u00e9roul\u00e9 ce dimanche apr\u00e8s-midi, en finale de ce mill\u00e9sime 2025 du tournoi organis\u00e9 par le Mezzavia Tennis Club. Laurent Lokoli et Antoine Escoffier, d\u00e9j\u00e0 auteurs de sacr\u00e9es performances lors de leurs demi-finales respectives la veille, n&rsquo;ont pas m\u00e9nag\u00e9 leurs efforts pour faire vibrer le public ajaccien. La premi\u00e8re manche offrait aux passionn\u00e9s de tennis pr\u00e9sents dans les gradins une v\u00e9ritable course-poursuite entre les deux hommes. Un combat qui se prolongeait jusqu&rsquo;au tie-break o\u00f9, l\u00e0 encore, les d\u00e9bats \u00e9taient particuli\u00e8rement enlev\u00e9s. Cependant, le succ\u00e8s revenait finalement \u00e0 Escoffier qui faisait preuve d&rsquo;une grande r\u00e9gularit\u00e9 face \u00e0 un Lokoli puissant mais, comme en demi-finale, auteur de nombreuses fautes directes.<\/p>\n<p>Coup pour coup<\/p>\n<p>Le d\u00e9but du deuxi\u00e8me set suivait le m\u00eame rythme que le pr\u00e9c\u00e9dent. Un jeu blanc de chaque c\u00f4t\u00e9 et des \u00e9changes exp\u00e9ditifs lan\u00e7aient les hostilit\u00e9s d&rsquo;une partie particuli\u00e8rement intense. Les deux joueurs se rendaient coup pour coup et les d\u00e9cisions arbitrales faisaient parfois enrager Lokoli qui se lan\u00e7ait dans de grandes discussions. Mais le joueur insulaire ne sortait pas de son match, au contraire. Vainqueur du tournoi en 2019, il s&rsquo;accrochait \u00e0 chaque point avec une \u00e9nergie d\u00e9bordante. Le mano a mano se poursuivait une bonne partie du set (1\/1, 2\/2, 3\/3) sans qu&rsquo;aucun des deux joueurs ne parvienne \u00e0 breaker.<\/p>\n","protected":false},"excerpt":{"rendered":"C&rsquo;est un duel de haute intensit\u00e9 qui s&rsquo;est d\u00e9roul\u00e9 ce dimanche apr\u00e8s-midi, en finale de ce mill\u00e9sime 2025&hellip;\n","protected":false},"author":2,"featured_media":231981,"comment_status":"","ping_status":"","sticky":false,"template":"","format":"standard","meta":{"footnotes":""},"categories":[1415],"tags":[17,32632,9339,37087,2396,1011,27,10537,5912,60,1467],"class_list":{"0":"post-231980","1":"post","2":"type-post","3":"status-publish","4":"format-standard","5":"has-post-thumbnail","7":"category-tennis","8":"tag-17","9":"tag-antoine","10":"tag-battu","11":"tag-dajaccio","12":"tag-finale","13":"tag-fr","14":"tag-france","15":"tag-lopen","16":"tag-par","17":"tag-sports","18":"tag-tennis"},"share_on_mastodon":{"url":"https:\/\/pubeurope.com\/@fr\/114810374299832530","error":""},"_links":{"self":[{"href":"https:\/\/www.europesays.com\/fr\/wp-json\/wp\/v2\/posts\/231980","targetHints":{"allow":["GET"]}}],"collection":[{"href":"https:\/\/www.europesays.com\/fr\/wp-json\/wp\/v2\/posts"}],"about":[{"href":"https:\/\/www.europesays.com\/fr\/wp-json\/wp\/v2\/types\/post"}],"author":[{"embeddable":true,"href":"https:\/\/www.europesays.com\/fr\/wp-json\/wp\/v2\/users\/2"}],"replies":[{"embeddable":true,"href":"https:\/\/www.europesays.com\/fr\/wp-json\/wp\/v2\/comments?post=231980"}],"version-history":[{"count":0,"href":"https:\/\/www.europesays.com\/fr\/wp-json\/wp\/v2\/posts\/231980\/revisions"}],"wp:featuredmedia":[{"embeddable":true,"href":"https:\/\/www.europesays.com\/fr\/wp-json\/wp\/v2\/media\/231981"}],"wp:attachment":[{"href":"https:\/\/www.europesays.com\/fr\/wp-json\/wp\/v2\/media?parent=231980"}],"wp:term":[{"taxonomy":"category","embeddable":true,"href":"https:\/\/www.europesays.com\/fr\/wp-json\/wp\/v2\/categories?post=231980"},{"taxonomy":"post_tag","embeddable":true,"href":"https:\/\/www.europesays.com\/fr\/wp-json\/wp\/v2\/tags?post=231980"}],"curies":[{"name":"wp","href":"https:\/\/api.w.org\/{rel}","templated":true}]}}