{"id":231986,"date":"2025-07-07T05:50:09","date_gmt":"2025-07-07T05:50:09","guid":{"rendered":"https:\/\/www.europesays.com\/fr\/231986\/"},"modified":"2025-07-07T05:50:09","modified_gmt":"2025-07-07T05:50:09","slug":"tdf-tour-de-france-remco-evenepoel-mathieu-van-der-poel-je-lui-ai-dit-que","status":"publish","type":"post","link":"https:\/\/www.europesays.com\/fr\/231986\/","title":{"rendered":"TDF. Tour de France &#8211; Remco Evenepoel : \u00abMathieu van der Poel, je lui ai dit que&#8230;\u00bb"},"content":{"rendered":"<p>Ce dimanche 6 juillet, les 182 coureurs du <strong><a href=\"https:\/\/www.cyclismactu.net\/..\/news-tdf-route-tour-de-france-mathieu-van-der-poel-2e-etape-et-jaune-tadej-pogacar-battu-88745.html\" target=\"_blank\" rel=\"nofollow noopener\">Tour de France<\/a><\/strong> 2025 s\u2019\u00e9lan\u00e7aient pour l\u2019\u00e9tape la plus longue de cette 112e \u00e9dition entre Lauwin-Planque et Boulogne-sur-Mer. Au programme, 2 550 m\u00e8tres de d\u00e9nivel\u00e9 positif et un bel encha\u00eenement de trois bosses dans un final explosif et mouvement\u00e9. Au lendemain de sa journ\u00e9e catastrophique, avec sa perte de temps face aux cadors du classement g\u00e9n\u00e9ral que sont <strong>Tadej Pogacar<\/strong> (UAE Team Emirates-XRG) et <strong>Jonas Vingegaard<\/strong> (Team Visma | Lease a Bike), <strong>Remco Evenepoel<\/strong> s\u2019est rassur\u00e9 ce dimanche en finissant dans le groupe des favoris. Le double champion olympique a m\u00eame pr\u00e9dit la victoire de <strong><a href=\"https:\/\/www.cyclismactu.net\/..\/news-tdf-route-tour-de-france-mathieu-van-der-poel-c-est-un-reve-pour-equipe-88749.html\" target=\"_blank\" rel=\"nofollow noopener\">Mathieu van der Poel<\/a><\/strong> sur cette deuxi\u00e8me \u00e9tape, comme il l\u2019a expliqu\u00e9 \u00e0 nos confr\u00e8res de la <a href=\"https:\/\/www.rtbf.be\/article\/je-lui-ai-dit-que-c-etait-pour-lui-evenepoel-avait-predit-la-victoire-de-van-der-poel-sur-la-2e-etape-du-tour-de-france-2025-11572511?fbclid=IwY2xjawLXoFVleHRuA2FlbQIxMABicmlkETF2aW9qT2xTd2pCMlhWMlJ3AR7b7LJ-lUVDv8kB09xLPTwPMPUBjwuNN9NyyZ9P24WNjKjVFkHbvqG9VudFww_aem_DnC7I9itwWgdjZKTMaUd4Q\" target=\"_blank\" rel=\"nofollow noopener\">RTBF<\/a>.<\/p>\n<p>Vid\u00e9o &#8211; Mathieu van der Poel, maillot jaune du Tour de France 2025 ! Lire la suite de l&rsquo;article&#13;<\/p>\n<p>\u00a0<\/p>\n<p>&#13;<br \/>\n<strong>\u00ab\u00a0J\u2019ai un bon sentiment g\u00e9n\u00e9ral&#8230;\u00a0\u00bb<\/strong>&#13;<\/p>\n<p>Le coureur de la formation <strong>Soudal Quick-Step<\/strong> \u00e9tait pr\u00e9sent pour jouer les premiers r\u00f4les sur cette deuxi\u00e8me \u00e9tape, de quoi le rassurer avant la suite de ce <strong>Tour de France<\/strong> : \u00ab\u00a0Les images parlent d\u2019elles-m\u00eames. J\u2019\u00e9tais devant, donc tout s\u2019est bien pass\u00e9. Nous n\u2019avons jamais \u00e9t\u00e9 dans les probl\u00e8mes. J\u2019ai un bon sentiment g\u00e9n\u00e9ral. \u00c0 deux kilom\u00e8tres de l\u2019arriv\u00e9e, je lui ai dit que c\u2019\u00e9tait pour lui. Je suis tr\u00e8s heureux qu\u2019il gagne. Il le m\u00e9rite. C\u2019\u00e9tait l\u2019\u00e9tape o\u00f9 il avait le plus de chances de gagner. C\u2019est tr\u00e8s bon pour lui et son \u00e9quipe, qui a bien d\u00e9marr\u00e9 le Tour de France\u00a0\u00bb, conclut <strong>Remco Evenepoel<\/strong> apr\u00e8s ce deuxi\u00e8me acte du <strong>Tour de France<\/strong> 2025.<\/p>\n<p>Tour de France &#8211; Classement de la 2\u00e8 \u00e9tape Tour de France &#8211; Classement g\u00e9n\u00e9ral provisoire apr\u00e8s la 2\u00e8 \u00e9tape<\/p>\n","protected":false},"excerpt":{"rendered":"Ce dimanche 6 juillet, les 182 coureurs du Tour de France 2025 s\u2019\u00e9lan\u00e7aient pour l\u2019\u00e9tape la plus longue&hellip;\n","protected":false},"author":2,"featured_media":231987,"comment_status":"","ping_status":"","sticky":false,"template":"","format":"standard","meta":{"footnotes":""},"categories":[1411],"tags":[1154,207,211,1011,27,209,60,210,212,208,213],"class_list":{"0":"post-231986","1":"post","2":"type-post","3":"status-publish","4":"format-standard","5":"has-post-thumbnail","7":"category-cyclisme","8":"tag-cycling","9":"tag-cyclisme","10":"tag-ffc","11":"tag-fr","12":"tag-france","13":"tag-route","14":"tag-sports","15":"tag-tour-de-france","16":"tag-uci","17":"tag-velo","18":"tag-world-tour"},"share_on_mastodon":{"url":"https:\/\/pubeurope.com\/@fr\/114810390021071769","error":""},"_links":{"self":[{"href":"https:\/\/www.europesays.com\/fr\/wp-json\/wp\/v2\/posts\/231986","targetHints":{"allow":["GET"]}}],"collection":[{"href":"https:\/\/www.europesays.com\/fr\/wp-json\/wp\/v2\/posts"}],"about":[{"href":"https:\/\/www.europesays.com\/fr\/wp-json\/wp\/v2\/types\/post"}],"author":[{"embeddable":true,"href":"https:\/\/www.europesays.com\/fr\/wp-json\/wp\/v2\/users\/2"}],"replies":[{"embeddable":true,"href":"https:\/\/www.europesays.com\/fr\/wp-json\/wp\/v2\/comments?post=231986"}],"version-history":[{"count":0,"href":"https:\/\/www.europesays.com\/fr\/wp-json\/wp\/v2\/posts\/231986\/revisions"}],"wp:featuredmedia":[{"embeddable":true,"href":"https:\/\/www.europesays.com\/fr\/wp-json\/wp\/v2\/media\/231987"}],"wp:attachment":[{"href":"https:\/\/www.europesays.com\/fr\/wp-json\/wp\/v2\/media?parent=231986"}],"wp:term":[{"taxonomy":"category","embeddable":true,"href":"https:\/\/www.europesays.com\/fr\/wp-json\/wp\/v2\/categories?post=231986"},{"taxonomy":"post_tag","embeddable":true,"href":"https:\/\/www.europesays.com\/fr\/wp-json\/wp\/v2\/tags?post=231986"}],"curies":[{"name":"wp","href":"https:\/\/api.w.org\/{rel}","templated":true}]}}