{"id":2320,"date":"2025-04-04T09:49:20","date_gmt":"2025-04-04T09:49:20","guid":{"rendered":"https:\/\/www.europesays.com\/fr\/2320\/"},"modified":"2025-04-04T09:49:20","modified_gmt":"2025-04-04T09:49:20","slug":"ball-elite-masculine-ricardo-martinez-a-une-histoire-a-terminer-avec-avignon","status":"publish","type":"post","link":"https:\/\/www.europesays.com\/fr\/2320\/","title":{"rendered":"ball &#8211; \u00c9lite masculine : Ricardo Martinez a une histoire \u00e0 terminer avec Avignon"},"content":{"rendered":"<p>Malgr\u00e9 un d\u00e9but de saison marqu\u00e9 par des <a href=\"https:\/\/www.laprovence.com\/article\/sports\/47141612991799\/volley-ball-elite-masculine-les-galeres-continuent-a-avignon\" target=\"_blank\" rel=\"nofollow noopener\">difficult\u00e9s<\/a> o\u00f9 l&rsquo;AVB \u00ab\u00a0aurait pu \u00e9videmment mieux faire \u00e0 cause des nombreuses blessures\u00a0\u00bb, l&rsquo;Avignon Volley-ball d\u00e9bute ce samedi soir la phase des play-down avec la r\u00e9ception de Beauvais. Le premier des six derniers matches de Ricardo Martinez qui a annonc\u00e9 il y a quelques jours son d\u00e9part \u00e0 la fin de la saison pour le voisin <a href=\"https:\/\/www.laprovence.com\/article\/sports\/1105641367760915\/volley-ligue-b-lentraineur-avignonnais-ricardo-martinez-officialise-au-martigues-vb\" target=\"_blank\" rel=\"nofollow noopener\">Martigues (Ligue B)<\/a>.<\/p>\n<p>\u00ab\u00a0\u00c7a a \u00e9t\u00e9 compliqu\u00e9 de prendre cette d\u00e9cision\u00a0\u00bb, indique l&rsquo;entra\u00eeneur vauclusien qui entend toutefois poursuivre ses efforts afin que \u00ab\u00a0le club finisse la saison comme il faut car l&rsquo;entit\u00e9 qu&rsquo;est l&rsquo;Avignon Volley-Ball repr\u00e9sente beaucoup pour moi\u00a0\u00bb. \u00ab\u00a0Je ne peux pas me dire\u00a0: &lsquo;\u00e0 pr\u00e9sent j&rsquo;ai sign\u00e9 quelque part et je laisse tomber&rsquo;. Impossible\u00a0!\u00a0\u00bb affirme le futur tacticien de <a href=\"https:\/\/www.laprovence.com\/article\/sports\/4525203996846114\/volley-ligue-b-en-renfort-au-martigues-vb-la-retraite-attendra-pour-yoann-jaumel\" target=\"_blank\" rel=\"nofollow noopener\">Martigues<\/a>.<\/p>\n<p>Une annonce qui aurait pu avoir un impact sur la motivation de ses joueurs. Pour autant, Ricardo Martinez tient \u00e0 \u00ab\u00a0les remettre quand \u00e7a ne va pas dans l&rsquo;exigence, dans l&rsquo;intensit\u00e9\u00a0\u00bb, car l&rsquo;Avignon Volley-ball \u00ab\u00a0a une place particuli\u00e8re dans ma t\u00eate, dans mon c\u0153ur et ce n&rsquo;est pas encore fini\u00a0\u00bb. \u00ab\u00a0Il reste encore des matchs et des entra\u00eenements. Jusqu&rsquo;au 10\u00a0mai, on est \u00e0 fond\u00a0\u00bb.<\/p>\n<p>\u00ab\u00a0Le premier match est crucial\u00a0\u00bb<\/p>\n<p>Soucieux de bien finir son histoire avec l&rsquo;AVB, Ricardo Martinez entend partir par la grande porte sur les bords du Rh\u00f4ne en allant chercher le maintien. Cela passe par une derni\u00e8re \u00e9preuve qui commence par la r\u00e9ception du Beauvais Oise UC Volley ce samedi soir.<\/p>\n<p>\u00ab\u00a0Ce premier match est crucial parce que les premiers (Michelet-Halluin) jouent face aux derniers (<a href=\"https:\/\/www.laprovence.com\/article\/sports\/98050259582122\/volley-ball-elite-masculine-avignon-et-nicolas-urios-restent-aux-aguets-a-epinal\" target=\"_blank\" rel=\"nofollow noopener\">\u00c9pinal<\/a>) et on peut creuser l&rsquo;\u00e9cart directement. Pour moi, tout va se jouer sur les trois premi\u00e8res journ\u00e9es. Si on arrive \u00e0 faire le plein de points, on pourra \u00eatre lib\u00e9r\u00e9\u00a0\u00bb.<\/p>\n<p>Cela passe d&rsquo;abord par une victoire contre les Beauvaisiens pour commencer.<\/p>\n","protected":false},"excerpt":{"rendered":"Malgr\u00e9 un d\u00e9but de saison marqu\u00e9 par des difficult\u00e9s o\u00f9 l&rsquo;AVB \u00ab\u00a0aurait pu \u00e9videmment mieux faire \u00e0 cause&hellip;\n","protected":false},"author":2,"featured_media":2322,"comment_status":"","ping_status":"","sticky":false,"template":"","format":"standard","meta":{"footnotes":""},"categories":[1417],"tags":[17,1773,1011,27,937,1776,1774,1775,60,96,1470,1632,1469],"class_list":{"0":"post-2320","1":"post","2":"type-post","3":"status-publish","4":"format-standard","5":"has-post-thumbnail","7":"category-volley","8":"tag-17","9":"tag-elite","10":"tag-fr","11":"tag-france","12":"tag-histoire","13":"tag-martinez","14":"tag-masculine","15":"tag-ricardo","16":"tag-sports","17":"tag-une","18":"tag-volley","19":"tag-volley-ball","20":"tag-volleyball"},"share_on_mastodon":{"url":"","error":""},"_links":{"self":[{"href":"https:\/\/www.europesays.com\/fr\/wp-json\/wp\/v2\/posts\/2320","targetHints":{"allow":["GET"]}}],"collection":[{"href":"https:\/\/www.europesays.com\/fr\/wp-json\/wp\/v2\/posts"}],"about":[{"href":"https:\/\/www.europesays.com\/fr\/wp-json\/wp\/v2\/types\/post"}],"author":[{"embeddable":true,"href":"https:\/\/www.europesays.com\/fr\/wp-json\/wp\/v2\/users\/2"}],"replies":[{"embeddable":true,"href":"https:\/\/www.europesays.com\/fr\/wp-json\/wp\/v2\/comments?post=2320"}],"version-history":[{"count":0,"href":"https:\/\/www.europesays.com\/fr\/wp-json\/wp\/v2\/posts\/2320\/revisions"}],"wp:featuredmedia":[{"embeddable":true,"href":"https:\/\/www.europesays.com\/fr\/wp-json\/wp\/v2\/media\/2322"}],"wp:attachment":[{"href":"https:\/\/www.europesays.com\/fr\/wp-json\/wp\/v2\/media?parent=2320"}],"wp:term":[{"taxonomy":"category","embeddable":true,"href":"https:\/\/www.europesays.com\/fr\/wp-json\/wp\/v2\/categories?post=2320"},{"taxonomy":"post_tag","embeddable":true,"href":"https:\/\/www.europesays.com\/fr\/wp-json\/wp\/v2\/tags?post=2320"}],"curies":[{"name":"wp","href":"https:\/\/api.w.org\/{rel}","templated":true}]}}