{"id":232006,"date":"2025-07-07T06:02:09","date_gmt":"2025-07-07T06:02:09","guid":{"rendered":"https:\/\/www.europesays.com\/fr\/232006\/"},"modified":"2025-07-07T06:02:09","modified_gmt":"2025-07-07T06:02:09","slug":"washington-va-imposer-des-surtaxes-douanieres-aux-pays-recalcitrants-le-1er-aout","status":"publish","type":"post","link":"https:\/\/www.europesays.com\/fr\/232006\/","title":{"rendered":"Washington va imposer des surtaxes douani\u00e8res aux pays r\u00e9calcitrants le 1er ao\u00fbt"},"content":{"rendered":"<p>Une centaine de lettres va \u00eatre envoy\u00e9e aux pays concern\u00e9s, dont une quinzaine d\u00e8s lundi. L\u2019administration Trump dit se concentrer sur les \u00ab18 importantes relations commerciales qui repr\u00e9sentent 95% du d\u00e9ficit\u00bb commercial des \u00c9tats-Unis.<\/p>\n<p class=\"fig-paragraph\">L&rsquo;administration am\u00e9ricaine compte appliquer \u00e0 partir du 1er ao\u00fbt les\u00a0<a href=\"http:\/\/www.lefigaro.fr\/conjoncture\/dossier\/droits-de-douane-americains-notre-dossier-pour-tout-comprendre\" data-fig-type=\"Topic\" data-gtm-custom-categorie=\"navigation\" data-gtm-custom-action=\"crossclick\" data-gtm-custom-label=\"Contextuel\" data-gtm-event=\"customEventSPE\" data-fig-domain=\"LEFIGARO\" rel=\"nofollow noopener\" target=\"_blank\">vastes droits de douane annonc\u00e9s d\u00e9but avril<\/a>, puis rapidement suspendus le temps de n\u00e9gocier avec l&rsquo;ensemble des pays. Le ministre am\u00e9ricain du Tr\u00e9sor,\u00a0<a href=\"http:\/\/www.lefigaro.fr\/conjoncture\/wall-street-compte-sur-scott-bessent-pour-brider-donald-trump-20241124\" data-fig-type=\"Article\" data-gtm-custom-categorie=\"navigation\" data-gtm-custom-action=\"crossclick\" data-gtm-custom-label=\"Contextuel\" data-gtm-event=\"customEventSPE\" data-fig-domain=\"LEFIGARO\" rel=\"nofollow noopener\" target=\"_blank\">Scott Bessent<\/a>, a d\u00e9clar\u00e9 dimanche matin que faute d&rsquo;accord avec Washington dans les prochains jours, les droits de douane &#8211; pouvant atteindre 50% &#8211; entreraient en vigueur le 1er ao\u00fbt.<\/p>\n<p class=\"fig-paragraph\">Le 9 juillet avait auparavant \u00e9t\u00e9 fix\u00e9 comme date butoir, jusqu&rsquo;\u00e0 ce que Donald Trump dise vendredi, sans d\u00e9velopper, que les pays concern\u00e9s ne commenceraient \u00e0 payer qu&rsquo;\u00e0 partir du 1er ao\u00fbt. \u00abLe pr\u00e9sident Trump va envoyer des courriers \u00e0 certains de nos partenaires commerciaux disant que s&rsquo;ils ne font pas avancer les choses alors, le 1er ao\u00fbt, ils retourneront, tel un boomerang, au niveau des droits de douane du 2 avril\u00bb, a expliqu\u00e9 M. Bessent, sur la cha\u00eene CNN.<\/p>\n<p>                                    <a class=\"fig-a11y-skip a11y-hidden\" href=\"#fig-a11y-skip-main-inarticle\"><br \/>\n        Passer la publicit\u00e9<br \/>\n    <\/a><\/p>\n<p class=\"fig-paragraph\">Il a expliqu\u00e9 qu&rsquo;une centaine de lettres allaient \u00eatre envoy\u00e9es \u00ab\u00e0 des petits pays avec lesquels nous ne commer\u00e7ons pas beaucoup\u00bb, mais que l&rsquo;administration \u00abse concentrait\u00bb sur les \u00ab18 importantes relations commerciales qui repr\u00e9sentent 95% de notre d\u00e9ficit\u00bb commercial. Le pr\u00e9sident am\u00e9ricain a annonc\u00e9 que les premi\u00e8res lettres seront envoy\u00e9es lundi \u00e0 16H00 GMT.<\/p>\n<p>\u00abPlusieurs annonces importantes ces prochains jours\u00bb<\/p>\n<p class=\"fig-paragraph\">Interrog\u00e9 dimanche en fin d&rsquo;apr\u00e8s-midi par des journalistes, Donald Trump a expliqu\u00e9 que \u00abdouze, peut-\u00eatre quinze lettres\u00bb allaient \u00eatre envoy\u00e9es d\u00e8s lundi, puis d&rsquo;autres les jours suivants. \u00abEt nous avons aussi conclu des accords\u00bb, a-t-il affirm\u00e9, sans autre d\u00e9tail. \u00abJe pense que nous allons avoir la plupart des pays d&rsquo;ici au 9 juillet, soit avec un courrier soit avec un accord\u00bb. \u00c0 ses c\u00f4t\u00e9s, le secr\u00e9taire am\u00e9ricain au Commerce Howard Lutnick a confirm\u00e9 que les surtaxes douani\u00e8res entreraient en vigueur au 1er ao\u00fbt \u00abmais le pr\u00e9sident est en train de d\u00e9terminer en ce moment les taux et les accords\u00bb. \u00c0 ce stade, deux accords ont \u00e9t\u00e9 annonc\u00e9s, avec le Royaume-Uni et le Vietnam.<\/p>\n<p class=\"fig-paragraph\">M. Bessent a anticip\u00e9, face \u00e0 l&rsquo;approche de l&rsquo;\u00e9ch\u00e9ance, \u00abplusieurs annonces importantes dans les prochains jours\u00bb malgr\u00e9 \u00abbeaucoup de r\u00e9sistance en face\u00bb. S&rsquo;exprimant peu apr\u00e8s sur CBS, le principal conseiller \u00e9conomique de la Maison Blanche, Kevin Hassett, a \u00e9galement affirm\u00e9 qu&rsquo;il allait \u00aby avoir des accords\u00bb &#8211; peut-\u00eatre de \u00abderni\u00e8re minute\u00bb &#8211; mais sans avancer de nombre. \u00abJe ne suis pas impliqu\u00e9 dans les d\u00e9tails des discussions, mais j&rsquo;entends de bonnes choses sur les n\u00e9gociations avec l&rsquo;Europe\u00bb et \u00abavec l&rsquo;Inde\u00bb, a-t-il dit.<\/p>\n<p>Les Brics<\/p>\n<p class=\"fig-paragraph\">R\u00e9unis au Br\u00e9sil, les Brics ont pour leur part exprim\u00e9 leurs \u00abs\u00e9rieuses pr\u00e9occupations\u00bb face \u00e0 des droits de douane \u00abunilat\u00e9raux\u00bb. Donald Trump a menac\u00e9 dimanche d&rsquo;imposer 10% de droits de douane suppl\u00e9mentaires aux pays qui \u00abs&rsquo;alignent\u00bb sur les Brics, un groupe de dix grands pays \u00e9mergents. \u00abTout pays s&rsquo;alignant sur les politiques anti-am\u00e9ricaines des Brics se verra appliquer un droit de douane SUPPL\u00c9MENTAIRE de 10%. Il n&rsquo;y aura pas d&rsquo;exception \u00e0 cette politique\u00bb, a-t-il \u00e9crit sur la plateforme Truth Social, sans plus de pr\u00e9cisions.<\/p>\n<p class=\"fig-paragraph\">Depuis son retour \u00e0 la Maison Blanche en janvier, Donald Trump a fait des droits de douane une arme politique. Ces derniers pourraient varier d&rsquo;un pays \u00e0 l&rsquo;autre, de la Chine \u00e0 l&rsquo;Union europ\u00e9enne, d&rsquo;une fourchette de 10% \u00e0 20% \u00e0 une autre, bien plus \u00e9lev\u00e9e, de 60% \u00e0 70%, a mis en garde le pr\u00e9sident am\u00e9ricain.<\/p>\n","protected":false},"excerpt":{"rendered":"Une centaine de lettres va \u00eatre envoy\u00e9e aux pays concern\u00e9s, dont une quinzaine d\u00e8s lundi. L\u2019administration Trump dit&hellip;\n","protected":false},"author":2,"featured_media":232007,"comment_status":"","ping_status":"","sticky":false,"template":"","format":"standard","meta":{"footnotes":""},"categories":[6],"tags":[9322,35,75,33,34,73,1011,27],"class_list":{"0":"post-232006","1":"post","2":"type-post","3":"status-publish","4":"format-standard","5":"has-post-thumbnail","7":"category-economie","8":"tag-brics","9":"tag-business","10":"tag-donald-trump","11":"tag-economie","12":"tag-economy","13":"tag-etats-unis","14":"tag-fr","15":"tag-france"},"share_on_mastodon":{"url":"https:\/\/pubeurope.com\/@fr\/114810437150811774","error":""},"_links":{"self":[{"href":"https:\/\/www.europesays.com\/fr\/wp-json\/wp\/v2\/posts\/232006","targetHints":{"allow":["GET"]}}],"collection":[{"href":"https:\/\/www.europesays.com\/fr\/wp-json\/wp\/v2\/posts"}],"about":[{"href":"https:\/\/www.europesays.com\/fr\/wp-json\/wp\/v2\/types\/post"}],"author":[{"embeddable":true,"href":"https:\/\/www.europesays.com\/fr\/wp-json\/wp\/v2\/users\/2"}],"replies":[{"embeddable":true,"href":"https:\/\/www.europesays.com\/fr\/wp-json\/wp\/v2\/comments?post=232006"}],"version-history":[{"count":0,"href":"https:\/\/www.europesays.com\/fr\/wp-json\/wp\/v2\/posts\/232006\/revisions"}],"wp:featuredmedia":[{"embeddable":true,"href":"https:\/\/www.europesays.com\/fr\/wp-json\/wp\/v2\/media\/232007"}],"wp:attachment":[{"href":"https:\/\/www.europesays.com\/fr\/wp-json\/wp\/v2\/media?parent=232006"}],"wp:term":[{"taxonomy":"category","embeddable":true,"href":"https:\/\/www.europesays.com\/fr\/wp-json\/wp\/v2\/categories?post=232006"},{"taxonomy":"post_tag","embeddable":true,"href":"https:\/\/www.europesays.com\/fr\/wp-json\/wp\/v2\/tags?post=232006"}],"curies":[{"name":"wp","href":"https:\/\/api.w.org\/{rel}","templated":true}]}}