{"id":232008,"date":"2025-07-07T06:04:14","date_gmt":"2025-07-07T06:04:14","guid":{"rendered":"https:\/\/www.europesays.com\/fr\/232008\/"},"modified":"2025-07-07T06:04:14","modified_gmt":"2025-07-07T06:04:14","slug":"le-risque-de-feux-de-foret-monte-dun-cran-dans-le-var-six-massifs-fermes-au-public-ce-lundi","status":"publish","type":"post","link":"https:\/\/www.europesays.com\/fr\/232008\/","title":{"rendered":"Le risque de feux de for\u00eat monte d\u2019un cran dans le Var: six massifs ferm\u00e9s au public ce lundi"},"content":{"rendered":"<p>Apr\u00e8s la canicule, les rafales de vent. La plupart des massifs forestiers du d\u00e9partement sont expos\u00e9s ce lundi \u00e0 un risque d\u2019incendie jug\u00e9 \u00ab\u00a0tr\u00e8s s\u00e9v\u00e8re\u00a0\u00bb, selon la carte de vigilance <a href=\"https:\/\/www.risque-prevention-incendie.fr\/var\/\" target=\"_blank\" rel=\"noopener nofollow\">publi\u00e9e chaque jour<\/a> sur le site de la pr\u00e9fecture du Var.<\/p>\n<p>Par cons\u00e9quent, les massifs de l\u2019Est\u00e9rel, du centre-Var, des Maures, de la Corniche des Maures, des \u00eeles d\u2019Hy\u00e8res et des Mont Toulonnais sont ferm\u00e9s au public. \u00a0\u00bb Acc\u00e8s, circulation et pr\u00e9sence\u00a0\u00bb sont interdits en dehors des zones urbanis\u00e9es.<\/p>\n<p>              <img ci-src=\"https:\/\/www.varmatin.com\/securite\/protec\/DATA_ART_15857729-KKM8XKoL.jpg?vh=4d34df&amp;ci_seal=361ce560ae\" alt=\"\"\/><br \/>\n        La carte du niveau de vigilance ce lundi 7 juillet dans les massifs forestiers du Var. <strong>Capture d\u2019\u00e9cran DR.<\/strong> <\/p>\n<p>Des plans de fermeture particuliers sont pr\u00e9vus pour les \u00eeles de <a href=\"https:\/\/www.var.gouv.fr\/contenu\/telechargement\/6370\/76311\/file\/180614_fermeture_prl.pdf\" target=\"_blank\" rel=\"noopener nofollow\">Porquerolles<\/a> et de <a href=\"https:\/\/www.var.gouv.fr\/contenu\/telechargement\/7651\/82716\/file\/general_pc_r_2020.pdf\" target=\"_blank\" rel=\"noopener nofollow\">Port-Cros<\/a>.<\/p>\n<p>La r\u00e9glementation pr\u00e9voit n\u00e9anmoins une d\u00e9rogation pour cinq \u00ab\u00a0zones d\u2019accueil du public en for\u00eat autoris\u00e9es\u00a0\u00bb (Zapef): la calanque de Port-d\u2019Alon \u00e0 Saint-Cyr, la cascade de Sillans, la base nature de La M\u00f4le, la mine de Cap Garonne du Pradet et le Coudou Parc aventure \u00e0 Six-Fours. Il est \u00e0 noter que le site d\u2019accueil du Mont-Faron \u00e0 Toulon a perdu le statut de Zapef en ao\u00fbt 2024.<\/p>\n<p>Les risques restent \u00ab\u00a0s\u00e9v\u00e8res\u00a0\u00bb dans les autres massifs<\/p>\n<p>Enfin, l\u2019aire du Suv\u00e9-du-Vent et celle des Lauvets, situ\u00e9es sur l\u2019autoroute A57 entre Puget-Ville et Le Cannet-des-Maures, sont \u00e9galement ferm\u00e9es.<\/p>\n<p>Dans les autres massifs varois \u2013 plateau de Canjuers, Haut-Var et Sainte-Baume \u2013, le niveau de risque e<\/p>\n<p>\u00a0<\/p>\n","protected":false},"excerpt":{"rendered":"Apr\u00e8s la canicule, les rafales de vent. La plupart des massifs forestiers du d\u00e9partement sont expos\u00e9s ce lundi&hellip;\n","protected":false},"author":2,"featured_media":232009,"comment_status":"","ping_status":"","sticky":false,"template":"","format":"standard","meta":{"footnotes":""},"categories":[4],"tags":[11,436,1011,27,12,25,656],"class_list":{"0":"post-232008","1":"post","2":"type-post","3":"status-publish","4":"format-standard","5":"has-post-thumbnail","7":"category-france","8":"tag-actualites","9":"tag-environnement","10":"tag-fr","11":"tag-france","12":"tag-news","13":"tag-republique-francaise","14":"tag-securite"},"share_on_mastodon":{"url":"https:\/\/pubeurope.com\/@fr\/114810445133145896","error":""},"_links":{"self":[{"href":"https:\/\/www.europesays.com\/fr\/wp-json\/wp\/v2\/posts\/232008","targetHints":{"allow":["GET"]}}],"collection":[{"href":"https:\/\/www.europesays.com\/fr\/wp-json\/wp\/v2\/posts"}],"about":[{"href":"https:\/\/www.europesays.com\/fr\/wp-json\/wp\/v2\/types\/post"}],"author":[{"embeddable":true,"href":"https:\/\/www.europesays.com\/fr\/wp-json\/wp\/v2\/users\/2"}],"replies":[{"embeddable":true,"href":"https:\/\/www.europesays.com\/fr\/wp-json\/wp\/v2\/comments?post=232008"}],"version-history":[{"count":0,"href":"https:\/\/www.europesays.com\/fr\/wp-json\/wp\/v2\/posts\/232008\/revisions"}],"wp:featuredmedia":[{"embeddable":true,"href":"https:\/\/www.europesays.com\/fr\/wp-json\/wp\/v2\/media\/232009"}],"wp:attachment":[{"href":"https:\/\/www.europesays.com\/fr\/wp-json\/wp\/v2\/media?parent=232008"}],"wp:term":[{"taxonomy":"category","embeddable":true,"href":"https:\/\/www.europesays.com\/fr\/wp-json\/wp\/v2\/categories?post=232008"},{"taxonomy":"post_tag","embeddable":true,"href":"https:\/\/www.europesays.com\/fr\/wp-json\/wp\/v2\/tags?post=232008"}],"curies":[{"name":"wp","href":"https:\/\/api.w.org\/{rel}","templated":true}]}}